{"id":7148,"date":"2024-04-02T10:29:39","date_gmt":"2024-04-02T06:29:39","guid":{"rendered":"https:\/\/etab.ac-reunion.fr\/clg-edmond-albius\/?p=7148"},"modified":"2024-06-17T11:29:04","modified_gmt":"2024-06-17T07:29:04","slug":"final-academiues-unss-hand-ball","status":"publish","type":"post","link":"https:\/\/etab.ac-reunion.fr\/clg-edmond-albius\/final-academiues-unss-hand-ball\/","title":{"rendered":"Finales acad\u00e9miques UNSS Hand Ball"},"content":{"rendered":"\n<p>Suite \u00e0 la journ\u00e9e des finales acad\u00e9miques UNSS Hand Ball niveau minime qui a eu lieu au gymnase Cotur ce mercredi 27 mars 2024, le coll\u00e8ge Albius est champion d&rsquo;acad\u00e9mie dans la cat\u00e9gorie Minimes Filles Excellences, l&rsquo;\u00e9quipe 1 du coll\u00e8ge gagnant tous ces matchs contre le coll\u00e8ge de La Marine de St Joseph, le coll\u00e8ge Bourbon de St Denis, et gagnant en finale contre l&rsquo;\u00e9quipe 2 du coll\u00e8ge Albius. Les 2 \u00e9quipes du coll\u00e8ge finissent donc championne d\u2019acad\u00e9mie (\u00e9quipe Jaune) et vice championne d&rsquo;acad\u00e9mie (\u00e9quipe rouge), valorisant ainsi la section sportive Hand Ball f\u00e9minine du coll\u00e8ge.<\/p>\n\n\n\n<p>En outre 3 des filles ont valid\u00e9 le niveau acad\u00e9mique de jeune arbitre, et 1 le niveau d\u00e9partemental<\/p>\n\n\n\n<p>Bravo \u00e0 toutes les filles pour ces r\u00e9sultats qui en plus valident la qualification du coll\u00e8ge Albius au championnat de France qui auront lieu \u00e0 Laval du 3 au 6 juin 2024<\/p>\n\n\n\n\n\n<figure class=\"wp-block-image size-large is-resized\"><img loading=\"lazy\" decoding=\"async\" width=\"485\" height=\"1024\" src=\"https:\/\/etab.ac-reunion.fr\/clg-edmond-albius\/wp-content\/uploads\/sites\/67\/2024\/04\/Les-vices-championnes-485x1024.jpg\" alt=\"\" class=\"wp-image-7152\" style=\"width:841px;height:auto\" srcset=\"https:\/\/etab.ac-reunion.fr\/clg-edmond-albius\/wp-content\/uploads\/sites\/67\/2024\/04\/Les-vices-championnes-485x1024.jpg 485w, https:\/\/etab.ac-reunion.fr\/clg-edmond-albius\/wp-content\/uploads\/sites\/67\/2024\/04\/Les-vices-championnes-142x300.jpg 142w, https:\/\/etab.ac-reunion.fr\/clg-edmond-albius\/wp-content\/uploads\/sites\/67\/2024\/04\/Les-vices-championnes-768x1623.jpg 768w, https:\/\/etab.ac-reunion.fr\/clg-edmond-albius\/wp-content\/uploads\/sites\/67\/2024\/04\/Les-vices-championnes-727x1536.jpg 727w, https:\/\/etab.ac-reunion.fr\/clg-edmond-albius\/wp-content\/uploads\/sites\/67\/2024\/04\/Les-vices-championnes-969x2048.jpg 969w, https:\/\/etab.ac-reunion.fr\/clg-edmond-albius\/wp-content\/uploads\/sites\/67\/2024\/04\/Les-vices-championnes-166x350.jpg 166w, https:\/\/etab.ac-reunion.fr\/clg-edmond-albius\/wp-content\/uploads\/sites\/67\/2024\/04\/Les-vices-championnes-507x1071.jpg 507w, https:\/\/etab.ac-reunion.fr\/clg-edmond-albius\/wp-content\/uploads\/sites\/67\/2024\/04\/Les-vices-championnes-scaled.jpg 1211w\" sizes=\"auto, (max-width: 485px) 100vw, 485px\" \/><\/figure>\n\n\n\n<figure class=\"wp-block-image size-large is-resized\"><img loading=\"lazy\" decoding=\"async\" width=\"485\" height=\"1024\" src=\"https:\/\/etab.ac-reunion.fr\/clg-edmond-albius\/wp-content\/uploads\/sites\/67\/2024\/04\/les-championnes-dacademie-485x1024.jpg\" alt=\"\" class=\"wp-image-7151\" style=\"width:839px;height:auto\" srcset=\"https:\/\/etab.ac-reunion.fr\/clg-edmond-albius\/wp-content\/uploads\/sites\/67\/2024\/04\/les-championnes-dacademie-485x1024.jpg 485w, https:\/\/etab.ac-reunion.fr\/clg-edmond-albius\/wp-content\/uploads\/sites\/67\/2024\/04\/les-championnes-dacademie-142x300.jpg 142w, https:\/\/etab.ac-reunion.fr\/clg-edmond-albius\/wp-content\/uploads\/sites\/67\/2024\/04\/les-championnes-dacademie-768x1623.jpg 768w, https:\/\/etab.ac-reunion.fr\/clg-edmond-albius\/wp-content\/uploads\/sites\/67\/2024\/04\/les-championnes-dacademie-727x1536.jpg 727w, https:\/\/etab.ac-reunion.fr\/clg-edmond-albius\/wp-content\/uploads\/sites\/67\/2024\/04\/les-championnes-dacademie-969x2048.jpg 969w, https:\/\/etab.ac-reunion.fr\/clg-edmond-albius\/wp-content\/uploads\/sites\/67\/2024\/04\/les-championnes-dacademie-166x350.jpg 166w, https:\/\/etab.ac-reunion.fr\/clg-edmond-albius\/wp-content\/uploads\/sites\/67\/2024\/04\/les-championnes-dacademie-507x1071.jpg 507w, https:\/\/etab.ac-reunion.fr\/clg-edmond-albius\/wp-content\/uploads\/sites\/67\/2024\/04\/les-championnes-dacademie-scaled.jpg 1211w\" sizes=\"auto, (max-width: 485px) 100vw, 485px\" \/><\/figure>\n\n\n\n<figure class=\"wp-block-image size-large\"><img loading=\"lazy\" decoding=\"async\" width=\"1024\" height=\"485\" src=\"https:\/\/etab.ac-reunion.fr\/clg-edmond-albius\/wp-content\/uploads\/sites\/67\/2024\/04\/les-championnes-et-vice-championnes-1024x485.jpg\" alt=\"\" class=\"wp-image-7153\" srcset=\"https:\/\/etab.ac-reunion.fr\/clg-edmond-albius\/wp-content\/uploads\/sites\/67\/2024\/04\/les-championnes-et-vice-championnes-1024x485.jpg 1024w, https:\/\/etab.ac-reunion.fr\/clg-edmond-albius\/wp-content\/uploads\/sites\/67\/2024\/04\/les-championnes-et-vice-championnes-300x142.jpg 300w, https:\/\/etab.ac-reunion.fr\/clg-edmond-albius\/wp-content\/uploads\/sites\/67\/2024\/04\/les-championnes-et-vice-championnes-768x363.jpg 768w, https:\/\/etab.ac-reunion.fr\/clg-edmond-albius\/wp-content\/uploads\/sites\/67\/2024\/04\/les-championnes-et-vice-championnes-1536x727.jpg 1536w, https:\/\/etab.ac-reunion.fr\/clg-edmond-albius\/wp-content\/uploads\/sites\/67\/2024\/04\/les-championnes-et-vice-championnes-2048x969.jpg 2048w, https:\/\/etab.ac-reunion.fr\/clg-edmond-albius\/wp-content\/uploads\/sites\/67\/2024\/04\/les-championnes-et-vice-championnes-507x240.jpg 507w, https:\/\/etab.ac-reunion.fr\/clg-edmond-albius\/wp-content\/uploads\/sites\/67\/2024\/04\/les-championnes-et-vice-championnes-534x253.jpg 534w, https:\/\/etab.ac-reunion.fr\/clg-edmond-albius\/wp-content\/uploads\/sites\/67\/2024\/04\/les-championnes-et-vice-championnes-740x350.jpg 740w, https:\/\/etab.ac-reunion.fr\/clg-edmond-albius\/wp-content\/uploads\/sites\/67\/2024\/04\/les-championnes-et-vice-championnes-512x242.jpg 512w\" sizes=\"auto, (max-width: 1024px) 100vw, 1024px\" \/><\/figure>\n","protected":false},"excerpt":{"rendered":"<p>Suite \u00e0 la journ\u00e9e des finales acad\u00e9miques UNSS Hand Ball niveau minime qui a eu lieu au gymnase Cotur ce mercredi 27 mars 2024, le coll\u00e8ge Albius est champion d&rsquo;acad\u00e9mie dans la cat\u00e9gorie Minimes Filles Excellences, l&rsquo;\u00e9quipe 1 du coll\u00e8ge gagnant tous ces matchs contre le coll\u00e8ge de La Marine&#8230;<\/p>\n<p> <a class=\"continue-reading-link\" href=\"https:\/\/etab.ac-reunion.fr\/clg-edmond-albius\/final-academiues-unss-hand-ball\/\"><span>Lire plus &#8230;<\/span><i class=\"crycon-right-dir\"><\/i><\/a> <\/p>\n","protected":false},"author":28003,"featured_media":7153,"comment_status":"closed","ping_status":"open","sticky":false,"template":"","format":"standard","meta":{"footnotes":""},"categories":[24],"tags":[],"class_list":["post-7148","post","type-post","status-publish","format-standard","has-post-thumbnail","hentry","category-eps"],"_links":{"self":[{"href":"https:\/\/etab.ac-reunion.fr\/clg-edmond-albius\/wp-json\/wp\/v2\/posts\/7148","targetHints":{"allow":["GET"]}}],"collection":[{"href":"https:\/\/etab.ac-reunion.fr\/clg-edmond-albius\/wp-json\/wp\/v2\/posts"}],"about":[{"href":"https:\/\/etab.ac-reunion.fr\/clg-edmond-albius\/wp-json\/wp\/v2\/types\/post"}],"author":[{"embeddable":true,"href":"https:\/\/etab.ac-reunion.fr\/clg-edmond-albius\/wp-json\/wp\/v2\/users\/28003"}],"replies":[{"embeddable":true,"href":"https:\/\/etab.ac-reunion.fr\/clg-edmond-albius\/wp-json\/wp\/v2\/comments?post=7148"}],"version-history":[{"count":10,"href":"https:\/\/etab.ac-reunion.fr\/clg-edmond-albius\/wp-json\/wp\/v2\/posts\/7148\/revisions"}],"predecessor-version":[{"id":7229,"href":"https:\/\/etab.ac-reunion.fr\/clg-edmond-albius\/wp-json\/wp\/v2\/posts\/7148\/revisions\/7229"}],"wp:featuredmedia":[{"embeddable":true,"href":"https:\/\/etab.ac-reunion.fr\/clg-edmond-albius\/wp-json\/wp\/v2\/media\/7153"}],"wp:attachment":[{"href":"https:\/\/etab.ac-reunion.fr\/clg-edmond-albius\/wp-json\/wp\/v2\/media?parent=7148"}],"wp:term":[{"taxonomy":"category","embeddable":true,"href":"https:\/\/etab.ac-reunion.fr\/clg-edmond-albius\/wp-json\/wp\/v2\/categories?post=7148"},{"taxonomy":"post_tag","embeddable":true,"href":"https:\/\/etab.ac-reunion.fr\/clg-edmond-albius\/wp-json\/wp\/v2\/tags?post=7148"}],"curies":[{"name":"wp","href":"https:\/\/api.w.org\/{rel}","templated":true}]}}