{"id":7874,"date":"2025-05-19T07:51:46","date_gmt":"2025-05-19T03:51:46","guid":{"rendered":"https:\/\/etab.ac-reunion.fr\/clg-edmond-albius\/?p=7874"},"modified":"2025-05-19T07:51:46","modified_gmt":"2025-05-19T03:51:46","slug":"participation-au-concours-academique-de-technologie-finale-2025","status":"publish","type":"post","link":"https:\/\/etab.ac-reunion.fr\/clg-edmond-albius\/participation-au-concours-academique-de-technologie-finale-2025\/","title":{"rendered":"Participation au concours acad\u00e9mique de technologie \u2013 Finale 2025"},"content":{"rendered":"\n<p><strong>Une belle performance des coll\u00e9giens en technologie<\/strong><\/p>\n\n\n\n<p>Trois \u00e9l\u00e8ves du coll\u00e8ge \u2013 Hadjee Issouf Shahid et L\u00e9on Ma\u00ebl de 3\u1d49 LILAS, et Saminadin Callista de 3\u1d49 LYS \u2013 ont brillamment particip\u00e9 \u00e0 la <strong>finale du concours acad\u00e9mique de technologie<\/strong>, qui s\u2019est tenue le <strong>mardi 29 avril 2025 au mus\u00e9e Stella Matutina<\/strong>, aux c\u00f4t\u00e9s de trois lyc\u00e9ens de la s\u00e9rie technologique <strong>STI2D<\/strong> du lyc\u00e9e polyvalent Jean Hinglo.<\/p>\n\n\n\n<p>Ensemble, ils ont travaill\u00e9 sur un <strong>projet d\u2019\u00e9volution d\u2019un syst\u00e8me d\u2019irrigation<\/strong>, mobilisant des comp\u00e9tences en <strong>mod\u00e9lisation<\/strong>, <strong>algorithmique<\/strong> et <strong>programmation<\/strong>.<\/p>\n\n\n\n<p><strong>L\u2019objectif principal de ce concours est la valorisation de la voie technologique industrielle.<\/strong><br>Il s\u2019inscrit dans le cadre du <strong>plan national de valorisation de la voie technologique<\/strong>, et en particulier de la fili\u00e8re <strong>STI2D<\/strong>.<\/p>\n\n\n\n<p><strong>Parmi les 44 \u00e9quipes finalistes<\/strong>, leur \u00e9quipe s\u2019est distingu\u00e9e en d\u00e9crochant une <strong>remarquable 5<\/strong><strong>\u1d49 place<\/strong>.<\/p>\n\n\n\n<p>Cette exp\u00e9rience a permis de mettre en valeur leur <strong>cr\u00e9ativit\u00e9<\/strong>, leur <strong>rigueur<\/strong> et leur <strong>esprit d\u2019\u00e9quipe<\/strong>, dans un cadre stimulant et exigeant.<\/p>\n\n\n\n<figure class=\"wp-block-image size-large\"><img loading=\"lazy\" decoding=\"async\" width=\"768\" height=\"1024\" src=\"https:\/\/etab.ac-reunion.fr\/clg-edmond-albius\/wp-content\/uploads\/sites\/67\/2025\/05\/CAT-2025-768x1024.jpg\" alt=\"\" class=\"wp-image-7875\" srcset=\"https:\/\/etab.ac-reunion.fr\/clg-edmond-albius\/wp-content\/uploads\/sites\/67\/2025\/05\/CAT-2025-768x1024.jpg 768w, https:\/\/etab.ac-reunion.fr\/clg-edmond-albius\/wp-content\/uploads\/sites\/67\/2025\/05\/CAT-2025-225x300.jpg 225w, https:\/\/etab.ac-reunion.fr\/clg-edmond-albius\/wp-content\/uploads\/sites\/67\/2025\/05\/CAT-2025-1152x1536.jpg 1152w, https:\/\/etab.ac-reunion.fr\/clg-edmond-albius\/wp-content\/uploads\/sites\/67\/2025\/05\/CAT-2025-1536x2048.jpg 1536w, https:\/\/etab.ac-reunion.fr\/clg-edmond-albius\/wp-content\/uploads\/sites\/67\/2025\/05\/CAT-2025-113x150.jpg 113w, https:\/\/etab.ac-reunion.fr\/clg-edmond-albius\/wp-content\/uploads\/sites\/67\/2025\/05\/CAT-2025-210x280.jpg 210w, https:\/\/etab.ac-reunion.fr\/clg-edmond-albius\/wp-content\/uploads\/sites\/67\/2025\/05\/CAT-2025-scaled.jpg 1920w\" sizes=\"auto, (max-width: 768px) 100vw, 768px\" \/><\/figure>\n","protected":false},"excerpt":{"rendered":"<p>Une belle performance des coll\u00e9giens en technologie Trois \u00e9l\u00e8ves du coll\u00e8ge \u2013 Hadjee Issouf Shahid et L\u00e9on Ma\u00ebl de 3\u1d49 LILAS, et Saminadin Callista de 3\u1d49 LYS \u2013 ont brillamment particip\u00e9 \u00e0 la finale du concours acad\u00e9mique de technologie, qui s\u2019est tenue le mardi 29 avril 2025 au mus\u00e9e Stella&#8230;<\/p>\n<p> <a class=\"continue-reading-link\" href=\"https:\/\/etab.ac-reunion.fr\/clg-edmond-albius\/participation-au-concours-academique-de-technologie-finale-2025\/\"><span>Lire plus &#8230;<\/span><i class=\"crycon-right-dir\"><\/i><\/a> <\/p>\n","protected":false},"author":28003,"featured_media":7875,"comment_status":"closed","ping_status":"open","sticky":false,"template":"","format":"standard","meta":{"footnotes":""},"categories":[132,105,118,115],"tags":[],"class_list":["post-7874","post","type-post","status-publish","format-standard","has-post-thumbnail","hentry","category-actu","category-les-matieres","category-enseignements-scientifiques","category-technologie"],"_links":{"self":[{"href":"https:\/\/etab.ac-reunion.fr\/clg-edmond-albius\/wp-json\/wp\/v2\/posts\/7874","targetHints":{"allow":["GET"]}}],"collection":[{"href":"https:\/\/etab.ac-reunion.fr\/clg-edmond-albius\/wp-json\/wp\/v2\/posts"}],"about":[{"href":"https:\/\/etab.ac-reunion.fr\/clg-edmond-albius\/wp-json\/wp\/v2\/types\/post"}],"author":[{"embeddable":true,"href":"https:\/\/etab.ac-reunion.fr\/clg-edmond-albius\/wp-json\/wp\/v2\/users\/28003"}],"replies":[{"embeddable":true,"href":"https:\/\/etab.ac-reunion.fr\/clg-edmond-albius\/wp-json\/wp\/v2\/comments?post=7874"}],"version-history":[{"count":1,"href":"https:\/\/etab.ac-reunion.fr\/clg-edmond-albius\/wp-json\/wp\/v2\/posts\/7874\/revisions"}],"predecessor-version":[{"id":7876,"href":"https:\/\/etab.ac-reunion.fr\/clg-edmond-albius\/wp-json\/wp\/v2\/posts\/7874\/revisions\/7876"}],"wp:featuredmedia":[{"embeddable":true,"href":"https:\/\/etab.ac-reunion.fr\/clg-edmond-albius\/wp-json\/wp\/v2\/media\/7875"}],"wp:attachment":[{"href":"https:\/\/etab.ac-reunion.fr\/clg-edmond-albius\/wp-json\/wp\/v2\/media?parent=7874"}],"wp:term":[{"taxonomy":"category","embeddable":true,"href":"https:\/\/etab.ac-reunion.fr\/clg-edmond-albius\/wp-json\/wp\/v2\/categories?post=7874"},{"taxonomy":"post_tag","embeddable":true,"href":"https:\/\/etab.ac-reunion.fr\/clg-edmond-albius\/wp-json\/wp\/v2\/tags?post=7874"}],"curies":[{"name":"wp","href":"https:\/\/api.w.org\/{rel}","templated":true}]}}