{"id":8195,"date":"2026-03-16T15:44:01","date_gmt":"2026-03-16T11:44:01","guid":{"rendered":"https:\/\/etab.ac-reunion.fr\/clg-edmond-albius\/?p=8195"},"modified":"2026-03-16T15:44:01","modified_gmt":"2026-03-16T11:44:01","slug":"orientation-post-3eme","status":"publish","type":"post","link":"https:\/\/etab.ac-reunion.fr\/clg-edmond-albius\/orientation-post-3eme\/","title":{"rendered":"Orientation post 3\u00e8me"},"content":{"rendered":"\n<p>Information aux parents de 3\u00e8me,<br>\u00a0<br>Vous \u00eates convi\u00e9s \u00e0 une r\u00e9union d&rsquo;information sur l&rsquo;orientation post 3\u00e8me qui<br>aura lieu<br>le lundi 23 mars 2026 \u00e0 17h30 au r\u00e9fectoire du coll\u00e8ge<br>en pr\u00e9sence des proviseurs du lyc\u00e9e J.Hinglo et du lyc\u00e9e L.L\u00e9pervanche.<br>\u00a0<br>Nous vous remercions pour votre engagement aupr\u00e8s de vos enfants et<br>comptons sur votre participation.<br>\u00a0<br>Le coll\u00e8ge.<\/p>\n","protected":false},"excerpt":{"rendered":"<p>Information aux parents de 3\u00e8me,\u00a0Vous \u00eates convi\u00e9s \u00e0 une r\u00e9union d&rsquo;information sur l&rsquo;orientation post 3\u00e8me quiaura lieule lundi 23 mars 2026 \u00e0 17h30 au r\u00e9fectoire du coll\u00e8geen pr\u00e9sence des proviseurs du lyc\u00e9e J.Hinglo et du lyc\u00e9e L.L\u00e9pervanche.\u00a0Nous vous remercions pour votre engagement aupr\u00e8s de vos enfants etcomptons sur votre participation.\u00a0Le&#8230;<\/p>\n<p> <a class=\"continue-reading-link\" href=\"https:\/\/etab.ac-reunion.fr\/clg-edmond-albius\/orientation-post-3eme\/\"><span>Lire plus &#8230;<\/span><i class=\"crycon-right-dir\"><\/i><\/a> <\/p>\n","protected":false},"author":28003,"featured_media":8196,"comment_status":"closed","ping_status":"open","sticky":false,"template":"","format":"standard","meta":{"footnotes":""},"categories":[132,133],"tags":[],"class_list":["post-8195","post","type-post","status-publish","format-standard","has-post-thumbnail","hentry","category-actu","category-annee-scolaire-2025-2026"],"_links":{"self":[{"href":"https:\/\/etab.ac-reunion.fr\/clg-edmond-albius\/wp-json\/wp\/v2\/posts\/8195","targetHints":{"allow":["GET"]}}],"collection":[{"href":"https:\/\/etab.ac-reunion.fr\/clg-edmond-albius\/wp-json\/wp\/v2\/posts"}],"about":[{"href":"https:\/\/etab.ac-reunion.fr\/clg-edmond-albius\/wp-json\/wp\/v2\/types\/post"}],"author":[{"embeddable":true,"href":"https:\/\/etab.ac-reunion.fr\/clg-edmond-albius\/wp-json\/wp\/v2\/users\/28003"}],"replies":[{"embeddable":true,"href":"https:\/\/etab.ac-reunion.fr\/clg-edmond-albius\/wp-json\/wp\/v2\/comments?post=8195"}],"version-history":[{"count":1,"href":"https:\/\/etab.ac-reunion.fr\/clg-edmond-albius\/wp-json\/wp\/v2\/posts\/8195\/revisions"}],"predecessor-version":[{"id":8197,"href":"https:\/\/etab.ac-reunion.fr\/clg-edmond-albius\/wp-json\/wp\/v2\/posts\/8195\/revisions\/8197"}],"wp:featuredmedia":[{"embeddable":true,"href":"https:\/\/etab.ac-reunion.fr\/clg-edmond-albius\/wp-json\/wp\/v2\/media\/8196"}],"wp:attachment":[{"href":"https:\/\/etab.ac-reunion.fr\/clg-edmond-albius\/wp-json\/wp\/v2\/media?parent=8195"}],"wp:term":[{"taxonomy":"category","embeddable":true,"href":"https:\/\/etab.ac-reunion.fr\/clg-edmond-albius\/wp-json\/wp\/v2\/categories?post=8195"},{"taxonomy":"post_tag","embeddable":true,"href":"https:\/\/etab.ac-reunion.fr\/clg-edmond-albius\/wp-json\/wp\/v2\/tags?post=8195"}],"curies":[{"name":"wp","href":"https:\/\/api.w.org\/{rel}","templated":true}]}}