{"id":8202,"date":"2026-03-20T13:12:15","date_gmt":"2026-03-20T09:12:15","guid":{"rendered":"https:\/\/etab.ac-reunion.fr\/clg-edmond-albius\/?p=8202"},"modified":"2026-03-25T10:06:00","modified_gmt":"2026-03-25T06:06:00","slug":"bilan-les-anciens-du-college-edmond-albius-temoins-et-modeles-2025","status":"publish","type":"post","link":"https:\/\/etab.ac-reunion.fr\/clg-edmond-albius\/bilan-les-anciens-du-college-edmond-albius-temoins-et-modeles-2025\/","title":{"rendered":"Bilan : \u00ab Les Anciens du coll\u00e8ge Edmond Albius : T\u00e9moins et Mod\u00e8les \u00bb2025"},"content":{"rendered":"\n<p>Invit\u00e9s :<\/p>\n\n\n\n<ul class=\"wp-block-list\">\n<li>M. Olivier HOARAU, maire de la Ville du Port<\/li>\n\n\n\n<li>M. Sergio ERAPA, agent du TCO<\/li>\n\n\n\n<li>Mme Samaraty OUILLON, premi\u00e8re femme originaire de l\u2019Oc\u00e9an Indien capitaine de la marine marchande<\/li>\n\n\n\n<li>Mme Le\u00efla LEJEUNE, ancienne joueuse professionnelle et championne de handball<\/li>\n\n\n\n<li>Dr Vanessa PALMA, m\u00e9decin g\u00e9n\u00e9raliste et enseignante-chercheuse \u00e0 l\u2019universit\u00e9 de la R\u00e9union<\/li>\n\n\n\n<li>M. Sha\u00efn CARPAYE, policier<\/li>\n\n\n\n<li>M. Pierre-Emmanuel VINCENTI, agent publique d\u2019\u00e9tat au sein de la Direction G\u00e9n\u00e9rale de l\u2019Aviation Civile<\/li>\n\n\n\n<li>TIAS, artiste et professeur des \u00e9coles<\/li>\n\n\n\n<li>Mme Faouzia MROIVILI, directrice adjointe \u00e0 la pr\u00e9fecture de la R\u00e9union<\/li>\n\n\n\n<li>Mme Cynthia Totma, sage-femme<\/li>\n\n\n\n<li>Mme Nelcy Poulot, gestionnaire en assurances<br>Vid\u00e9os de personnes pr\u00e9sentant leur parcours en ligne sur le site du coll\u00e8ge<\/li>\n<\/ul>\n\n\n\n<p>Avis des \u00e9l\u00e8ves : Compte rendu r\u00e9dig\u00e9 par les \u00e9l\u00e8ves de 3\u1d49 LYS<br>Un grand bravo aux \u00e9l\u00e8ves de 3\u1d49 LYS pour leur implication, leur s\u00e9rieux et la qualit\u00e9 de leur travail de r\u00e9daction. Gr\u00e2ce \u00e0 eux, voici les principaux messages retenus lors des ateliers et rencontres :<br>Croire en ses r\u00eaves et travailler pour les atteindre Pers\u00e9v\u00e9rer, m\u00eame quand ce n\u2019est pas facile R\u00e9ussir est possible, quel que soit son point de d\u00e9part Ne pas avoir peur de d\u00e9couvrir le monde au-del\u00e0 de La R\u00e9union \u00catre fier de ses origines et avancer avec confiance<br>Les \u00e9l\u00e8ves ont ensuite proc\u00e9d\u00e9 \u00e0 une pr\u00e9sentation succinte de chaque invit\u00e9 et terminent sur le bilan :<br>Cette journ\u00e9e a permis aux \u00e9l\u00e8ves de d\u00e9couvrir la diversit\u00e9 des parcours possibles et de comprendre que<br>La r\u00e9ussite appartient \u00e0 celles et ceux qui pers\u00e9v\u00e8rent Le monde est vaste, les opportunit\u00e9s aussi Avec du travail, de la confiance et du courage, tout est possible<br>Bravo encore aux \u00e9l\u00e8ves de 3\u1d49 LYS pour leur excellente participation !<\/p>\n\n\n\n<p>Retour de l\u2019\u00e9quipe \u00e9ducative :<br>Tr\u00e8s int\u00e9ressant et belle initiative : revoir les anciens \u00e9l\u00e8ves , appr\u00e9cier le chemin parcouru est aussi motivant pour nous.<br>Enrichissant et motivant pour les \u00e9l\u00e8ves qui ont beaucoup de choix cette ann\u00e9e<br>Pistes pour des stages<br>Vid\u00e9os int\u00e9ressantes car peuvent \u00eatre regard\u00e9es en cours, selon le domaine<\/p>\n\n\n\n<p>R\u00e9sultats visibles :<br>-Questionnement des \u00e9l\u00e8ves sur des voies possibles et motivation<br>-Site du coll\u00e8ge<br>https:\/\/etab.ac-reunion.fr\/clg-edmond-albius\/category\/orientation\/les-anciens-dalbius\/<br>-Site de l\u2019acad\u00e9mie de la R\u00e9union<br>https:\/\/www.ac-reunion.fr\/journee-de-l-orientation-college-edmond-albius-132606<br>-Imaz press :<br>https:\/\/imazpress.com\/zoom\/le-port-les-anciens-du-college-edmond-albius-un-retour-inspirant-pour-les-eleves-de-3eme<br>-Article relay\u00e9 sur facebook : \u00ab Les anciens d\u2019Albius \u00bb\/ le site du coll\u00e8ge<\/p>\n\n\n\n<p><\/p>\n","protected":false},"excerpt":{"rendered":"<p>Invit\u00e9s : Avis des \u00e9l\u00e8ves : Compte rendu r\u00e9dig\u00e9 par les \u00e9l\u00e8ves de 3\u1d49 LYSUn grand bravo aux \u00e9l\u00e8ves de 3\u1d49 LYS pour leur implication, leur s\u00e9rieux et la qualit\u00e9 de leur travail de r\u00e9daction. Gr\u00e2ce \u00e0 eux, voici les principaux messages retenus lors des ateliers et rencontres :Croire en&#8230;<\/p>\n<p> <a class=\"continue-reading-link\" href=\"https:\/\/etab.ac-reunion.fr\/clg-edmond-albius\/bilan-les-anciens-du-college-edmond-albius-temoins-et-modeles-2025\/\"><span>Lire plus &#8230;<\/span><i class=\"crycon-right-dir\"><\/i><\/a> <\/p>\n","protected":false},"author":28003,"featured_media":0,"comment_status":"closed","ping_status":"open","sticky":false,"template":"","format":"standard","meta":{"footnotes":""},"categories":[132,135,134],"tags":[],"class_list":["post-8202","post","type-post","status-publish","format-standard","hentry","category-actu","category-les-anciens-dalbius","category-orientation"],"_links":{"self":[{"href":"https:\/\/etab.ac-reunion.fr\/clg-edmond-albius\/wp-json\/wp\/v2\/posts\/8202","targetHints":{"allow":["GET"]}}],"collection":[{"href":"https:\/\/etab.ac-reunion.fr\/clg-edmond-albius\/wp-json\/wp\/v2\/posts"}],"about":[{"href":"https:\/\/etab.ac-reunion.fr\/clg-edmond-albius\/wp-json\/wp\/v2\/types\/post"}],"author":[{"embeddable":true,"href":"https:\/\/etab.ac-reunion.fr\/clg-edmond-albius\/wp-json\/wp\/v2\/users\/28003"}],"replies":[{"embeddable":true,"href":"https:\/\/etab.ac-reunion.fr\/clg-edmond-albius\/wp-json\/wp\/v2\/comments?post=8202"}],"version-history":[{"count":2,"href":"https:\/\/etab.ac-reunion.fr\/clg-edmond-albius\/wp-json\/wp\/v2\/posts\/8202\/revisions"}],"predecessor-version":[{"id":8204,"href":"https:\/\/etab.ac-reunion.fr\/clg-edmond-albius\/wp-json\/wp\/v2\/posts\/8202\/revisions\/8204"}],"wp:attachment":[{"href":"https:\/\/etab.ac-reunion.fr\/clg-edmond-albius\/wp-json\/wp\/v2\/media?parent=8202"}],"wp:term":[{"taxonomy":"category","embeddable":true,"href":"https:\/\/etab.ac-reunion.fr\/clg-edmond-albius\/wp-json\/wp\/v2\/categories?post=8202"},{"taxonomy":"post_tag","embeddable":true,"href":"https:\/\/etab.ac-reunion.fr\/clg-edmond-albius\/wp-json\/wp\/v2\/tags?post=8202"}],"curies":[{"name":"wp","href":"https:\/\/api.w.org\/{rel}","templated":true}]}}