{"id":8225,"date":"2026-04-23T08:27:54","date_gmt":"2026-04-23T04:27:54","guid":{"rendered":"https:\/\/etab.ac-reunion.fr\/clg-edmond-albius\/?p=8225"},"modified":"2026-04-23T08:28:17","modified_gmt":"2026-04-23T04:28:17","slug":"rosa-parks","status":"publish","type":"post","link":"https:\/\/etab.ac-reunion.fr\/clg-edmond-albius\/rosa-parks\/","title":{"rendered":"Rosa Parks , tired of giving in"},"content":{"rendered":"\n<p>La piece \u00ab Rosa Parks , tired of giving in \u00bbretrace le parcours de Rosa Parks, une Afro am\u00e9ricaine consid\u00e9r\u00e9e comme une des pionni\u00e8res de la lutte pour les droits civiques aux USA. Par la suite les acteurs ont accept\u00e9 de repondre \u00e0 des questions sur leur rituel, leurs \u00e9tudes, leur parcours\u2026<\/p>\n\n\n\n<p>Cette pi\u00e8ce s inscrit pleinement dans la s\u00e9quence \u00ab Segregation \u00bb \u00e9tudi\u00e9e en anglais au coll\u00e8ge, et peut faire partie de l\u2019oral du brevet.<\/p>\n\n\n\n<p>Nous remercions les \u00e9l\u00e8ves pour leur comportement exemplaire et leurs questions pertinentes.<\/p>\n\n\n\n<figure class=\"wp-block-gallery has-nested-images columns-default is-cropped wp-block-gallery-1 is-layout-flex wp-block-gallery-is-layout-flex\">\n<figure class=\"wp-block-image size-large\"><img loading=\"lazy\" decoding=\"async\" width=\"723\" height=\"1024\" data-id=\"8226\" src=\"https:\/\/etab.ac-reunion.fr\/clg-edmond-albius\/wp-content\/uploads\/sites\/67\/2026\/04\/8BC79333-EA08-4BF3-8C74-AE52A6273F4C-723x1024.png\" alt=\"\" class=\"wp-image-8226\" srcset=\"https:\/\/etab.ac-reunion.fr\/clg-edmond-albius\/wp-content\/uploads\/sites\/67\/2026\/04\/8BC79333-EA08-4BF3-8C74-AE52A6273F4C-723x1024.png 723w, https:\/\/etab.ac-reunion.fr\/clg-edmond-albius\/wp-content\/uploads\/sites\/67\/2026\/04\/8BC79333-EA08-4BF3-8C74-AE52A6273F4C-212x300.png 212w, https:\/\/etab.ac-reunion.fr\/clg-edmond-albius\/wp-content\/uploads\/sites\/67\/2026\/04\/8BC79333-EA08-4BF3-8C74-AE52A6273F4C-768x1087.png 768w, https:\/\/etab.ac-reunion.fr\/clg-edmond-albius\/wp-content\/uploads\/sites\/67\/2026\/04\/8BC79333-EA08-4BF3-8C74-AE52A6273F4C-106x150.png 106w, https:\/\/etab.ac-reunion.fr\/clg-edmond-albius\/wp-content\/uploads\/sites\/67\/2026\/04\/8BC79333-EA08-4BF3-8C74-AE52A6273F4C-198x280.png 198w, https:\/\/etab.ac-reunion.fr\/clg-edmond-albius\/wp-content\/uploads\/sites\/67\/2026\/04\/8BC79333-EA08-4BF3-8C74-AE52A6273F4C.png 1054w\" sizes=\"auto, (max-width: 723px) 100vw, 723px\" \/><\/figure>\n\n\n\n<figure class=\"wp-block-image size-large\"><img loading=\"lazy\" decoding=\"async\" width=\"768\" height=\"1024\" data-id=\"8228\" src=\"https:\/\/etab.ac-reunion.fr\/clg-edmond-albius\/wp-content\/uploads\/sites\/67\/2026\/04\/IMG_8441-768x1024.jpeg\" alt=\"\" class=\"wp-image-8228\" srcset=\"https:\/\/etab.ac-reunion.fr\/clg-edmond-albius\/wp-content\/uploads\/sites\/67\/2026\/04\/IMG_8441-768x1024.jpeg 768w, https:\/\/etab.ac-reunion.fr\/clg-edmond-albius\/wp-content\/uploads\/sites\/67\/2026\/04\/IMG_8441-225x300.jpeg 225w, https:\/\/etab.ac-reunion.fr\/clg-edmond-albius\/wp-content\/uploads\/sites\/67\/2026\/04\/IMG_8441-1152x1536.jpeg 1152w, https:\/\/etab.ac-reunion.fr\/clg-edmond-albius\/wp-content\/uploads\/sites\/67\/2026\/04\/IMG_8441-1536x2048.jpeg 1536w, https:\/\/etab.ac-reunion.fr\/clg-edmond-albius\/wp-content\/uploads\/sites\/67\/2026\/04\/IMG_8441-113x150.jpeg 113w, https:\/\/etab.ac-reunion.fr\/clg-edmond-albius\/wp-content\/uploads\/sites\/67\/2026\/04\/IMG_8441-210x280.jpeg 210w, https:\/\/etab.ac-reunion.fr\/clg-edmond-albius\/wp-content\/uploads\/sites\/67\/2026\/04\/IMG_8441-scaled.jpeg 1920w\" sizes=\"auto, (max-width: 768px) 100vw, 768px\" \/><\/figure>\n\n\n\n<figure class=\"wp-block-image size-large\"><img loading=\"lazy\" decoding=\"async\" width=\"1024\" height=\"768\" data-id=\"8229\" src=\"https:\/\/etab.ac-reunion.fr\/clg-edmond-albius\/wp-content\/uploads\/sites\/67\/2026\/04\/IMG_8442-1024x768.jpeg\" alt=\"\" class=\"wp-image-8229\" srcset=\"https:\/\/etab.ac-reunion.fr\/clg-edmond-albius\/wp-content\/uploads\/sites\/67\/2026\/04\/IMG_8442-1024x768.jpeg 1024w, https:\/\/etab.ac-reunion.fr\/clg-edmond-albius\/wp-content\/uploads\/sites\/67\/2026\/04\/IMG_8442-300x225.jpeg 300w, https:\/\/etab.ac-reunion.fr\/clg-edmond-albius\/wp-content\/uploads\/sites\/67\/2026\/04\/IMG_8442-768x576.jpeg 768w, https:\/\/etab.ac-reunion.fr\/clg-edmond-albius\/wp-content\/uploads\/sites\/67\/2026\/04\/IMG_8442-1536x1152.jpeg 1536w, https:\/\/etab.ac-reunion.fr\/clg-edmond-albius\/wp-content\/uploads\/sites\/67\/2026\/04\/IMG_8442-2048x1536.jpeg 2048w, https:\/\/etab.ac-reunion.fr\/clg-edmond-albius\/wp-content\/uploads\/sites\/67\/2026\/04\/IMG_8442-150x113.jpeg 150w, https:\/\/etab.ac-reunion.fr\/clg-edmond-albius\/wp-content\/uploads\/sites\/67\/2026\/04\/IMG_8442-350x263.jpeg 350w\" sizes=\"auto, (max-width: 1024px) 100vw, 1024px\" \/><\/figure>\n\n\n\n<figure class=\"wp-block-image size-large\"><img loading=\"lazy\" decoding=\"async\" width=\"1024\" height=\"768\" data-id=\"8227\" src=\"https:\/\/etab.ac-reunion.fr\/clg-edmond-albius\/wp-content\/uploads\/sites\/67\/2026\/04\/IMG_8444-1024x768.jpeg\" alt=\"\" class=\"wp-image-8227\" srcset=\"https:\/\/etab.ac-reunion.fr\/clg-edmond-albius\/wp-content\/uploads\/sites\/67\/2026\/04\/IMG_8444-1024x768.jpeg 1024w, https:\/\/etab.ac-reunion.fr\/clg-edmond-albius\/wp-content\/uploads\/sites\/67\/2026\/04\/IMG_8444-300x225.jpeg 300w, https:\/\/etab.ac-reunion.fr\/clg-edmond-albius\/wp-content\/uploads\/sites\/67\/2026\/04\/IMG_8444-768x576.jpeg 768w, https:\/\/etab.ac-reunion.fr\/clg-edmond-albius\/wp-content\/uploads\/sites\/67\/2026\/04\/IMG_8444-1536x1152.jpeg 1536w, https:\/\/etab.ac-reunion.fr\/clg-edmond-albius\/wp-content\/uploads\/sites\/67\/2026\/04\/IMG_8444-2048x1536.jpeg 2048w, https:\/\/etab.ac-reunion.fr\/clg-edmond-albius\/wp-content\/uploads\/sites\/67\/2026\/04\/IMG_8444-150x113.jpeg 150w, https:\/\/etab.ac-reunion.fr\/clg-edmond-albius\/wp-content\/uploads\/sites\/67\/2026\/04\/IMG_8444-350x263.jpeg 350w\" sizes=\"auto, (max-width: 1024px) 100vw, 1024px\" \/><\/figure>\n\n\n\n<figure class=\"wp-block-image size-large\"><img loading=\"lazy\" decoding=\"async\" width=\"1024\" height=\"768\" data-id=\"8230\" src=\"https:\/\/etab.ac-reunion.fr\/clg-edmond-albius\/wp-content\/uploads\/sites\/67\/2026\/04\/IMG_8448-1024x768.jpeg\" alt=\"\" class=\"wp-image-8230\" srcset=\"https:\/\/etab.ac-reunion.fr\/clg-edmond-albius\/wp-content\/uploads\/sites\/67\/2026\/04\/IMG_8448-1024x768.jpeg 1024w, https:\/\/etab.ac-reunion.fr\/clg-edmond-albius\/wp-content\/uploads\/sites\/67\/2026\/04\/IMG_8448-300x225.jpeg 300w, https:\/\/etab.ac-reunion.fr\/clg-edmond-albius\/wp-content\/uploads\/sites\/67\/2026\/04\/IMG_8448-768x576.jpeg 768w, https:\/\/etab.ac-reunion.fr\/clg-edmond-albius\/wp-content\/uploads\/sites\/67\/2026\/04\/IMG_8448-1536x1152.jpeg 1536w, https:\/\/etab.ac-reunion.fr\/clg-edmond-albius\/wp-content\/uploads\/sites\/67\/2026\/04\/IMG_8448-2048x1536.jpeg 2048w, https:\/\/etab.ac-reunion.fr\/clg-edmond-albius\/wp-content\/uploads\/sites\/67\/2026\/04\/IMG_8448-150x113.jpeg 150w, https:\/\/etab.ac-reunion.fr\/clg-edmond-albius\/wp-content\/uploads\/sites\/67\/2026\/04\/IMG_8448-350x263.jpeg 350w\" sizes=\"auto, (max-width: 1024px) 100vw, 1024px\" \/><\/figure>\n<\/figure>\n","protected":false},"excerpt":{"rendered":"<p>La piece \u00ab Rosa Parks , tired of giving in \u00bbretrace le parcours de Rosa Parks, une Afro am\u00e9ricaine consid\u00e9r\u00e9e comme une des pionni\u00e8res de la lutte pour les droits civiques aux USA. Par la suite les acteurs ont accept\u00e9 de repondre \u00e0 des questions sur leur rituel, leurs \u00e9tudes,&#8230;<\/p>\n<p> <a class=\"continue-reading-link\" href=\"https:\/\/etab.ac-reunion.fr\/clg-edmond-albius\/rosa-parks\/\"><span>Lire plus &#8230;<\/span><i class=\"crycon-right-dir\"><\/i><\/a> <\/p>\n","protected":false},"author":28003,"featured_media":8226,"comment_status":"closed","ping_status":"open","sticky":false,"template":"","format":"standard","meta":{"footnotes":""},"categories":[132,33,133,105,116],"tags":[],"class_list":["post-8225","post","type-post","status-publish","format-standard","has-post-thumbnail","hentry","category-actu","category-anglais","category-annee-scolaire-2025-2026","category-les-matieres","category-enseignements-litteraires"],"_links":{"self":[{"href":"https:\/\/etab.ac-reunion.fr\/clg-edmond-albius\/wp-json\/wp\/v2\/posts\/8225","targetHints":{"allow":["GET"]}}],"collection":[{"href":"https:\/\/etab.ac-reunion.fr\/clg-edmond-albius\/wp-json\/wp\/v2\/posts"}],"about":[{"href":"https:\/\/etab.ac-reunion.fr\/clg-edmond-albius\/wp-json\/wp\/v2\/types\/post"}],"author":[{"embeddable":true,"href":"https:\/\/etab.ac-reunion.fr\/clg-edmond-albius\/wp-json\/wp\/v2\/users\/28003"}],"replies":[{"embeddable":true,"href":"https:\/\/etab.ac-reunion.fr\/clg-edmond-albius\/wp-json\/wp\/v2\/comments?post=8225"}],"version-history":[{"count":3,"href":"https:\/\/etab.ac-reunion.fr\/clg-edmond-albius\/wp-json\/wp\/v2\/posts\/8225\/revisions"}],"predecessor-version":[{"id":8233,"href":"https:\/\/etab.ac-reunion.fr\/clg-edmond-albius\/wp-json\/wp\/v2\/posts\/8225\/revisions\/8233"}],"wp:featuredmedia":[{"embeddable":true,"href":"https:\/\/etab.ac-reunion.fr\/clg-edmond-albius\/wp-json\/wp\/v2\/media\/8226"}],"wp:attachment":[{"href":"https:\/\/etab.ac-reunion.fr\/clg-edmond-albius\/wp-json\/wp\/v2\/media?parent=8225"}],"wp:term":[{"taxonomy":"category","embeddable":true,"href":"https:\/\/etab.ac-reunion.fr\/clg-edmond-albius\/wp-json\/wp\/v2\/categories?post=8225"},{"taxonomy":"post_tag","embeddable":true,"href":"https:\/\/etab.ac-reunion.fr\/clg-edmond-albius\/wp-json\/wp\/v2\/tags?post=8225"}],"curies":[{"name":"wp","href":"https:\/\/api.w.org\/{rel}","templated":true}]}}