{"id":8246,"date":"2026-04-23T09:46:28","date_gmt":"2026-04-23T05:46:28","guid":{"rendered":"https:\/\/etab.ac-reunion.fr\/clg-edmond-albius\/?p=8246"},"modified":"2026-04-23T09:46:29","modified_gmt":"2026-04-23T05:46:29","slug":"melissa-abrantes-un-parcours-dexcellence","status":"publish","type":"post","link":"https:\/\/etab.ac-reunion.fr\/clg-edmond-albius\/melissa-abrantes-un-parcours-dexcellence\/","title":{"rendered":"M\u00e9lissa Abrantes, un parcours d&rsquo;excellence"},"content":{"rendered":"\n<p>Dans le cadre du parcours avenir, les 3LYS ont accueilli une ancienne \u00e9l\u00e8ve qui revient sur son parcours.<br>Merci \u00e0 M\u00e9lissa Abrantes pour sa gentillesse et sa disponibilit\u00e9!<\/p>\n\n\n\n<p>Enjoy,<\/p>\n\n\n\n<p>Mrs F<\/p>\n\n\n\n<figure class=\"wp-block-video\"><video height=\"768\" style=\"aspect-ratio: 1024 \/ 768;\" width=\"1024\" controls src=\"https:\/\/etab.ac-reunion.fr\/clg-edmond-albius\/wp-content\/uploads\/sites\/67\/2026\/04\/melissa-welcome-2026.mp4\"><\/video><\/figure>\n","protected":false},"excerpt":{"rendered":"<p>Dans le cadre du parcours avenir, les 3LYS ont accueilli une ancienne \u00e9l\u00e8ve qui revient sur son parcours.Merci \u00e0 M\u00e9lissa Abrantes pour sa gentillesse et sa disponibilit\u00e9! Enjoy, Mrs F<\/p>\n<p> <a class=\"continue-reading-link\" href=\"https:\/\/etab.ac-reunion.fr\/clg-edmond-albius\/melissa-abrantes-un-parcours-dexcellence\/\"><span>Lire plus &#8230;<\/span><i class=\"crycon-right-dir\"><\/i><\/a> <\/p>\n","protected":false},"author":28003,"featured_media":0,"comment_status":"closed","ping_status":"open","sticky":false,"template":"","format":"standard","meta":{"footnotes":""},"categories":[132,33,133,105,135,116,134],"tags":[],"class_list":["post-8246","post","type-post","status-publish","format-standard","hentry","category-actu","category-anglais","category-annee-scolaire-2025-2026","category-les-matieres","category-les-anciens-dalbius","category-enseignements-litteraires","category-orientation"],"_links":{"self":[{"href":"https:\/\/etab.ac-reunion.fr\/clg-edmond-albius\/wp-json\/wp\/v2\/posts\/8246","targetHints":{"allow":["GET"]}}],"collection":[{"href":"https:\/\/etab.ac-reunion.fr\/clg-edmond-albius\/wp-json\/wp\/v2\/posts"}],"about":[{"href":"https:\/\/etab.ac-reunion.fr\/clg-edmond-albius\/wp-json\/wp\/v2\/types\/post"}],"author":[{"embeddable":true,"href":"https:\/\/etab.ac-reunion.fr\/clg-edmond-albius\/wp-json\/wp\/v2\/users\/28003"}],"replies":[{"embeddable":true,"href":"https:\/\/etab.ac-reunion.fr\/clg-edmond-albius\/wp-json\/wp\/v2\/comments?post=8246"}],"version-history":[{"count":1,"href":"https:\/\/etab.ac-reunion.fr\/clg-edmond-albius\/wp-json\/wp\/v2\/posts\/8246\/revisions"}],"predecessor-version":[{"id":8248,"href":"https:\/\/etab.ac-reunion.fr\/clg-edmond-albius\/wp-json\/wp\/v2\/posts\/8246\/revisions\/8248"}],"wp:attachment":[{"href":"https:\/\/etab.ac-reunion.fr\/clg-edmond-albius\/wp-json\/wp\/v2\/media?parent=8246"}],"wp:term":[{"taxonomy":"category","embeddable":true,"href":"https:\/\/etab.ac-reunion.fr\/clg-edmond-albius\/wp-json\/wp\/v2\/categories?post=8246"},{"taxonomy":"post_tag","embeddable":true,"href":"https:\/\/etab.ac-reunion.fr\/clg-edmond-albius\/wp-json\/wp\/v2\/tags?post=8246"}],"curies":[{"name":"wp","href":"https:\/\/api.w.org\/{rel}","templated":true}]}}