{"id":8259,"date":"2026-04-29T10:57:33","date_gmt":"2026-04-29T06:57:33","guid":{"rendered":"https:\/\/etab.ac-reunion.fr\/clg-edmond-albius\/?p=8259"},"modified":"2026-04-29T10:57:34","modified_gmt":"2026-04-29T06:57:34","slug":"finale-du-concours-academique-de-technologie-2026","status":"publish","type":"post","link":"https:\/\/etab.ac-reunion.fr\/clg-edmond-albius\/finale-du-concours-academique-de-technologie-2026\/","title":{"rendered":"Finale du concours acad\u00e9mique de technologie 2026"},"content":{"rendered":"\n<p>Le mardi 28 avril 2026 s\u2019est tenue la 4\u1d49 \u00e9dition de la finale du concours acad\u00e9mique de technologie au Mus\u00e9e Stella Matutina. Plac\u00e9e sous le signe de l\u2019innovation, cette journ\u00e9e a rassembl\u00e9 pr\u00e8s de 230 \u00e9l\u00e8ves issus de 50 \u00e9tablissements de l\u2019\u00eele, encadr\u00e9s par 91 enseignants mobilis\u00e9s pour l\u2019\u00e9v\u00e9nement.<\/p>\n\n\n\n<p>Le Coll\u00e8ge Edmond Albius \u00e9tait fi\u00e8rement repr\u00e9sent\u00e9 par trois \u00e9l\u00e8ves: Jessy, Maryam et Nassim de la 3eme Lys ainsi que leur professeur: Mr Lebreton, brillamment qualifi\u00e9s lors des phases pr\u00e9c\u00e9dentes. Pour cette finale, ils ont collabor\u00e9 avec trois \u00e9l\u00e8ves du Lyc\u00e9e Jean Hinglo autour d\u2019une th\u00e9matique embl\u00e9matique du territoire : la canne \u00e0 sucre.<\/p>\n\n\n\n<p>M\u00eame s\u2019ils ne sont pas mont\u00e9s sur le podium cette ann\u00e9e, leur engagement et leur cr\u00e9ativit\u00e9 ont \u00e9t\u00e9 remarquables. Les jeunes participants ont rivalis\u00e9 d\u2019imagination pour faire vivre leurs id\u00e9es et mettre en avant leurs comp\u00e9tences technologiques, dans un esprit de coop\u00e9ration et d\u2019innovation.<\/p>\n\n\n\n<p>Cette exp\u00e9rience enrichissante restera sans aucun doute un moment fort de leur parcours, valorisant le travail d\u2019\u00e9quipe, la r\u00e9flexion technique et la cr\u00e9ativit\u00e9.<\/p>\n\n\n\n<figure class=\"wp-block-gallery has-nested-images columns-default is-cropped wp-block-gallery-1 is-layout-flex wp-block-gallery-is-layout-flex\">\n<figure class=\"wp-block-image size-large\"><img loading=\"lazy\" decoding=\"async\" width=\"1024\" height=\"473\" data-id=\"8260\" src=\"https:\/\/etab.ac-reunion.fr\/clg-edmond-albius\/wp-content\/uploads\/sites\/67\/2026\/04\/20260428_090446-1024x473.jpg\" alt=\"\" class=\"wp-image-8260\" srcset=\"https:\/\/etab.ac-reunion.fr\/clg-edmond-albius\/wp-content\/uploads\/sites\/67\/2026\/04\/20260428_090446-1024x473.jpg 1024w, https:\/\/etab.ac-reunion.fr\/clg-edmond-albius\/wp-content\/uploads\/sites\/67\/2026\/04\/20260428_090446-300x139.jpg 300w, https:\/\/etab.ac-reunion.fr\/clg-edmond-albius\/wp-content\/uploads\/sites\/67\/2026\/04\/20260428_090446-768x355.jpg 768w, https:\/\/etab.ac-reunion.fr\/clg-edmond-albius\/wp-content\/uploads\/sites\/67\/2026\/04\/20260428_090446-1536x709.jpg 1536w, https:\/\/etab.ac-reunion.fr\/clg-edmond-albius\/wp-content\/uploads\/sites\/67\/2026\/04\/20260428_090446-2048x946.jpg 2048w, https:\/\/etab.ac-reunion.fr\/clg-edmond-albius\/wp-content\/uploads\/sites\/67\/2026\/04\/20260428_090446-150x69.jpg 150w, https:\/\/etab.ac-reunion.fr\/clg-edmond-albius\/wp-content\/uploads\/sites\/67\/2026\/04\/20260428_090446-350x162.jpg 350w\" sizes=\"auto, (max-width: 1024px) 100vw, 1024px\" \/><\/figure>\n\n\n\n<figure class=\"wp-block-image size-large\"><img loading=\"lazy\" decoding=\"async\" width=\"472\" height=\"1024\" data-id=\"8262\" src=\"https:\/\/etab.ac-reunion.fr\/clg-edmond-albius\/wp-content\/uploads\/sites\/67\/2026\/04\/20260428_092323-472x1024.jpg\" alt=\"\" class=\"wp-image-8262\" srcset=\"https:\/\/etab.ac-reunion.fr\/clg-edmond-albius\/wp-content\/uploads\/sites\/67\/2026\/04\/20260428_092323-472x1024.jpg 472w, https:\/\/etab.ac-reunion.fr\/clg-edmond-albius\/wp-content\/uploads\/sites\/67\/2026\/04\/20260428_092323-138x300.jpg 138w, https:\/\/etab.ac-reunion.fr\/clg-edmond-albius\/wp-content\/uploads\/sites\/67\/2026\/04\/20260428_092323-768x1666.jpg 768w, https:\/\/etab.ac-reunion.fr\/clg-edmond-albius\/wp-content\/uploads\/sites\/67\/2026\/04\/20260428_092323-708x1536.jpg 708w, https:\/\/etab.ac-reunion.fr\/clg-edmond-albius\/wp-content\/uploads\/sites\/67\/2026\/04\/20260428_092323-944x2048.jpg 944w, https:\/\/etab.ac-reunion.fr\/clg-edmond-albius\/wp-content\/uploads\/sites\/67\/2026\/04\/20260428_092323-69x150.jpg 69w, https:\/\/etab.ac-reunion.fr\/clg-edmond-albius\/wp-content\/uploads\/sites\/67\/2026\/04\/20260428_092323-129x280.jpg 129w, https:\/\/etab.ac-reunion.fr\/clg-edmond-albius\/wp-content\/uploads\/sites\/67\/2026\/04\/20260428_092323-scaled.jpg 1180w\" sizes=\"auto, (max-width: 472px) 100vw, 472px\" \/><\/figure>\n\n\n\n<figure class=\"wp-block-image size-large\"><img loading=\"lazy\" decoding=\"async\" width=\"1024\" height=\"571\" data-id=\"8261\" src=\"https:\/\/etab.ac-reunion.fr\/clg-edmond-albius\/wp-content\/uploads\/sites\/67\/2026\/04\/20260428_135843-1024x571.jpg\" alt=\"\" class=\"wp-image-8261\" srcset=\"https:\/\/etab.ac-reunion.fr\/clg-edmond-albius\/wp-content\/uploads\/sites\/67\/2026\/04\/20260428_135843-1024x571.jpg 1024w, https:\/\/etab.ac-reunion.fr\/clg-edmond-albius\/wp-content\/uploads\/sites\/67\/2026\/04\/20260428_135843-300x167.jpg 300w, https:\/\/etab.ac-reunion.fr\/clg-edmond-albius\/wp-content\/uploads\/sites\/67\/2026\/04\/20260428_135843-768x429.jpg 768w, https:\/\/etab.ac-reunion.fr\/clg-edmond-albius\/wp-content\/uploads\/sites\/67\/2026\/04\/20260428_135843-1536x857.jpg 1536w, https:\/\/etab.ac-reunion.fr\/clg-edmond-albius\/wp-content\/uploads\/sites\/67\/2026\/04\/20260428_135843-2048x1143.jpg 2048w, https:\/\/etab.ac-reunion.fr\/clg-edmond-albius\/wp-content\/uploads\/sites\/67\/2026\/04\/20260428_135843-150x84.jpg 150w, https:\/\/etab.ac-reunion.fr\/clg-edmond-albius\/wp-content\/uploads\/sites\/67\/2026\/04\/20260428_135843-350x195.jpg 350w\" sizes=\"auto, (max-width: 1024px) 100vw, 1024px\" \/><\/figure>\n<\/figure>\n","protected":false},"excerpt":{"rendered":"<p>Le mardi 28 avril 2026 s\u2019est tenue la 4\u1d49 \u00e9dition de la finale du concours acad\u00e9mique de technologie au Mus\u00e9e Stella Matutina. Plac\u00e9e sous le signe de l\u2019innovation, cette journ\u00e9e a rassembl\u00e9 pr\u00e8s de 230 \u00e9l\u00e8ves issus de 50 \u00e9tablissements de l\u2019\u00eele, encadr\u00e9s par 91 enseignants mobilis\u00e9s pour l\u2019\u00e9v\u00e9nement. Le&#8230;<\/p>\n<p> <a class=\"continue-reading-link\" href=\"https:\/\/etab.ac-reunion.fr\/clg-edmond-albius\/finale-du-concours-academique-de-technologie-2026\/\"><span>Lire plus &#8230;<\/span><i class=\"crycon-right-dir\"><\/i><\/a> <\/p>\n","protected":false},"author":28003,"featured_media":8261,"comment_status":"closed","ping_status":"open","sticky":false,"template":"","format":"standard","meta":{"footnotes":""},"categories":[132,133,105,118,115],"tags":[],"class_list":["post-8259","post","type-post","status-publish","format-standard","has-post-thumbnail","hentry","category-actu","category-annee-scolaire-2025-2026","category-les-matieres","category-enseignements-scientifiques","category-technologie"],"_links":{"self":[{"href":"https:\/\/etab.ac-reunion.fr\/clg-edmond-albius\/wp-json\/wp\/v2\/posts\/8259","targetHints":{"allow":["GET"]}}],"collection":[{"href":"https:\/\/etab.ac-reunion.fr\/clg-edmond-albius\/wp-json\/wp\/v2\/posts"}],"about":[{"href":"https:\/\/etab.ac-reunion.fr\/clg-edmond-albius\/wp-json\/wp\/v2\/types\/post"}],"author":[{"embeddable":true,"href":"https:\/\/etab.ac-reunion.fr\/clg-edmond-albius\/wp-json\/wp\/v2\/users\/28003"}],"replies":[{"embeddable":true,"href":"https:\/\/etab.ac-reunion.fr\/clg-edmond-albius\/wp-json\/wp\/v2\/comments?post=8259"}],"version-history":[{"count":1,"href":"https:\/\/etab.ac-reunion.fr\/clg-edmond-albius\/wp-json\/wp\/v2\/posts\/8259\/revisions"}],"predecessor-version":[{"id":8263,"href":"https:\/\/etab.ac-reunion.fr\/clg-edmond-albius\/wp-json\/wp\/v2\/posts\/8259\/revisions\/8263"}],"wp:featuredmedia":[{"embeddable":true,"href":"https:\/\/etab.ac-reunion.fr\/clg-edmond-albius\/wp-json\/wp\/v2\/media\/8261"}],"wp:attachment":[{"href":"https:\/\/etab.ac-reunion.fr\/clg-edmond-albius\/wp-json\/wp\/v2\/media?parent=8259"}],"wp:term":[{"taxonomy":"category","embeddable":true,"href":"https:\/\/etab.ac-reunion.fr\/clg-edmond-albius\/wp-json\/wp\/v2\/categories?post=8259"},{"taxonomy":"post_tag","embeddable":true,"href":"https:\/\/etab.ac-reunion.fr\/clg-edmond-albius\/wp-json\/wp\/v2\/tags?post=8259"}],"curies":[{"name":"wp","href":"https:\/\/api.w.org\/{rel}","templated":true}]}}