{"id":167,"count":2,"description":"","link":"https:\/\/etab.ac-reunion.fr\/clg-fanny-desjardins\/category\/mobilites-des-eleves\/","name":"Mobilit\u00e9s des \u00e9l\u00e8ves","slug":"mobilites-des-eleves","taxonomy":"category","parent":0,"meta":[],"_links":{"self":[{"href":"https:\/\/etab.ac-reunion.fr\/clg-fanny-desjardins\/wp-json\/wp\/v2\/categories\/167","targetHints":{"allow":["GET"]}}],"collection":[{"href":"https:\/\/etab.ac-reunion.fr\/clg-fanny-desjardins\/wp-json\/wp\/v2\/categories"}],"about":[{"href":"https:\/\/etab.ac-reunion.fr\/clg-fanny-desjardins\/wp-json\/wp\/v2\/taxonomies\/category"}],"wp:post_type":[{"href":"https:\/\/etab.ac-reunion.fr\/clg-fanny-desjardins\/wp-json\/wp\/v2\/posts?categories=167"}],"curies":[{"name":"wp","href":"https:\/\/api.w.org\/{rel}","templated":true}]}}