{"id":12298,"date":"2026-04-27T18:14:21","date_gmt":"2026-04-27T14:14:21","guid":{"rendered":"https:\/\/etab.ac-reunion.fr\/clg-fanny-desjardins\/?p=12298"},"modified":"2026-04-27T18:28:44","modified_gmt":"2026-04-27T14:28:44","slug":"du-champ-de-goyavier-a-la-patisserie","status":"publish","type":"post","link":"https:\/\/etab.ac-reunion.fr\/clg-fanny-desjardins\/du-champ-de-goyavier-a-la-patisserie\/","title":{"rendered":"Du champ de goyavier \u00e0 la p\u00e2tisserie."},"content":{"rendered":"\n<p><strong>Les Ambassadeurs nutrition du coll\u00e8ge<\/strong> ont eu \u00e0 nouveau l&rsquo;occasion de participer \u00e0 des ateliers de cuisine sur le <strong>th\u00e8me du goyavier<\/strong> en partenariat avec le CCAS  de Bras Panon et le Domaine des Tourelles.<\/p>\n\n\n\n<!--more-->\n\n\n\n<figure class=\"wp-block-gallery has-nested-images columns-default is-cropped wp-block-gallery-1 is-layout-flex wp-block-gallery-is-layout-flex\">\n<figure class=\"wp-block-image size-full is-style-default\"><img loading=\"lazy\" decoding=\"async\" width=\"1441\" height=\"2560\" data-id=\"12299\" src=\"https:\/\/etab.ac-reunion.fr\/clg-fanny-desjardins\/wp-content\/uploads\/sites\/87\/2026\/04\/20260423_095147-scaled.jpg\" alt=\"\" class=\"wp-image-12299\" srcset=\"https:\/\/etab.ac-reunion.fr\/clg-fanny-desjardins\/wp-content\/uploads\/sites\/87\/2026\/04\/20260423_095147-scaled.jpg 1441w, https:\/\/etab.ac-reunion.fr\/clg-fanny-desjardins\/wp-content\/uploads\/sites\/87\/2026\/04\/20260423_095147-169x300.jpg 169w, https:\/\/etab.ac-reunion.fr\/clg-fanny-desjardins\/wp-content\/uploads\/sites\/87\/2026\/04\/20260423_095147-338x600.jpg 338w, https:\/\/etab.ac-reunion.fr\/clg-fanny-desjardins\/wp-content\/uploads\/sites\/87\/2026\/04\/20260423_095147-768x1365.jpg 768w, https:\/\/etab.ac-reunion.fr\/clg-fanny-desjardins\/wp-content\/uploads\/sites\/87\/2026\/04\/20260423_095147-864x1536.jpg 864w, https:\/\/etab.ac-reunion.fr\/clg-fanny-desjardins\/wp-content\/uploads\/sites\/87\/2026\/04\/20260423_095147-1153x2048.jpg 1153w, https:\/\/etab.ac-reunion.fr\/clg-fanny-desjardins\/wp-content\/uploads\/sites\/87\/2026\/04\/20260423_095147-84x150.jpg 84w\" sizes=\"auto, (max-width: 1441px) 100vw, 1441px\" \/><\/figure>\n<\/figure>\n\n\n\n<figure class=\"wp-block-gallery has-nested-images columns-default is-cropped wp-block-gallery-2 is-layout-flex wp-block-gallery-is-layout-flex\">\n<figure class=\"wp-block-image size-full\"><img loading=\"lazy\" decoding=\"async\" width=\"1441\" height=\"2560\" data-id=\"12300\" src=\"https:\/\/etab.ac-reunion.fr\/clg-fanny-desjardins\/wp-content\/uploads\/sites\/87\/2026\/04\/20260423_095553-scaled.jpg\" alt=\"\" class=\"wp-image-12300\" srcset=\"https:\/\/etab.ac-reunion.fr\/clg-fanny-desjardins\/wp-content\/uploads\/sites\/87\/2026\/04\/20260423_095553-scaled.jpg 1441w, https:\/\/etab.ac-reunion.fr\/clg-fanny-desjardins\/wp-content\/uploads\/sites\/87\/2026\/04\/20260423_095553-169x300.jpg 169w, https:\/\/etab.ac-reunion.fr\/clg-fanny-desjardins\/wp-content\/uploads\/sites\/87\/2026\/04\/20260423_095553-338x600.jpg 338w, https:\/\/etab.ac-reunion.fr\/clg-fanny-desjardins\/wp-content\/uploads\/sites\/87\/2026\/04\/20260423_095553-768x1365.jpg 768w, https:\/\/etab.ac-reunion.fr\/clg-fanny-desjardins\/wp-content\/uploads\/sites\/87\/2026\/04\/20260423_095553-864x1536.jpg 864w, https:\/\/etab.ac-reunion.fr\/clg-fanny-desjardins\/wp-content\/uploads\/sites\/87\/2026\/04\/20260423_095553-1153x2048.jpg 1153w, https:\/\/etab.ac-reunion.fr\/clg-fanny-desjardins\/wp-content\/uploads\/sites\/87\/2026\/04\/20260423_095553-84x150.jpg 84w\" sizes=\"auto, (max-width: 1441px) 100vw, 1441px\" \/><\/figure>\n<\/figure>\n\n\n\n<p>En effet, la saison de notre petit fruit rouge p\u00e9i bat son plein et nos \u00e9l\u00e8ves accompagn\u00e9s des s\u00e9niors du CCAS ont d\u00e9couvert un champ de goyaviers \u00e0 la Plaine des Palmistes, pour y faire la cueillette. Quel plaisir aussi pour eux de d\u00e9guster directement sur le pied!<\/p>\n\n\n\n<figure class=\"wp-block-gallery has-nested-images columns-default is-cropped wp-block-gallery-3 is-layout-flex wp-block-gallery-is-layout-flex\">\n<figure class=\"wp-block-image size-full\"><img loading=\"lazy\" decoding=\"async\" width=\"1441\" height=\"2560\" data-id=\"12308\" src=\"https:\/\/etab.ac-reunion.fr\/clg-fanny-desjardins\/wp-content\/uploads\/sites\/87\/2026\/04\/20260423_145351-scaled.jpg\" alt=\"\" class=\"wp-image-12308\" srcset=\"https:\/\/etab.ac-reunion.fr\/clg-fanny-desjardins\/wp-content\/uploads\/sites\/87\/2026\/04\/20260423_145351-scaled.jpg 1441w, https:\/\/etab.ac-reunion.fr\/clg-fanny-desjardins\/wp-content\/uploads\/sites\/87\/2026\/04\/20260423_145351-169x300.jpg 169w, https:\/\/etab.ac-reunion.fr\/clg-fanny-desjardins\/wp-content\/uploads\/sites\/87\/2026\/04\/20260423_145351-338x600.jpg 338w, https:\/\/etab.ac-reunion.fr\/clg-fanny-desjardins\/wp-content\/uploads\/sites\/87\/2026\/04\/20260423_145351-768x1365.jpg 768w, https:\/\/etab.ac-reunion.fr\/clg-fanny-desjardins\/wp-content\/uploads\/sites\/87\/2026\/04\/20260423_145351-864x1536.jpg 864w, https:\/\/etab.ac-reunion.fr\/clg-fanny-desjardins\/wp-content\/uploads\/sites\/87\/2026\/04\/20260423_145351-1153x2048.jpg 1153w, https:\/\/etab.ac-reunion.fr\/clg-fanny-desjardins\/wp-content\/uploads\/sites\/87\/2026\/04\/20260423_145351-84x150.jpg 84w\" sizes=\"auto, (max-width: 1441px) 100vw, 1441px\" \/><\/figure>\n<\/figure>\n\n\n\n<figure class=\"wp-block-image size-full is-resized\"><img loading=\"lazy\" decoding=\"async\" width=\"1441\" height=\"2560\" src=\"https:\/\/etab.ac-reunion.fr\/clg-fanny-desjardins\/wp-content\/uploads\/sites\/87\/2026\/04\/20260423_133925-scaled.jpg\" alt=\"\" class=\"wp-image-12301\" style=\"width:338px;height:auto\" srcset=\"https:\/\/etab.ac-reunion.fr\/clg-fanny-desjardins\/wp-content\/uploads\/sites\/87\/2026\/04\/20260423_133925-scaled.jpg 1441w, https:\/\/etab.ac-reunion.fr\/clg-fanny-desjardins\/wp-content\/uploads\/sites\/87\/2026\/04\/20260423_133925-169x300.jpg 169w, https:\/\/etab.ac-reunion.fr\/clg-fanny-desjardins\/wp-content\/uploads\/sites\/87\/2026\/04\/20260423_133925-338x600.jpg 338w, https:\/\/etab.ac-reunion.fr\/clg-fanny-desjardins\/wp-content\/uploads\/sites\/87\/2026\/04\/20260423_133925-768x1365.jpg 768w, https:\/\/etab.ac-reunion.fr\/clg-fanny-desjardins\/wp-content\/uploads\/sites\/87\/2026\/04\/20260423_133925-864x1536.jpg 864w, https:\/\/etab.ac-reunion.fr\/clg-fanny-desjardins\/wp-content\/uploads\/sites\/87\/2026\/04\/20260423_133925-1153x2048.jpg 1153w, https:\/\/etab.ac-reunion.fr\/clg-fanny-desjardins\/wp-content\/uploads\/sites\/87\/2026\/04\/20260423_133925-84x150.jpg 84w\" sizes=\"auto, (max-width: 1441px) 100vw, 1441px\" \/><\/figure>\n\n\n\n<figure class=\"wp-block-gallery has-nested-images columns-default is-cropped wp-block-gallery-4 is-layout-flex wp-block-gallery-is-layout-flex\">\n<figure class=\"wp-block-image size-full\"><img loading=\"lazy\" decoding=\"async\" width=\"1441\" height=\"2560\" data-id=\"12307\" src=\"https:\/\/etab.ac-reunion.fr\/clg-fanny-desjardins\/wp-content\/uploads\/sites\/87\/2026\/04\/20260423_150336-scaled.jpg\" alt=\"\" class=\"wp-image-12307\" srcset=\"https:\/\/etab.ac-reunion.fr\/clg-fanny-desjardins\/wp-content\/uploads\/sites\/87\/2026\/04\/20260423_150336-scaled.jpg 1441w, https:\/\/etab.ac-reunion.fr\/clg-fanny-desjardins\/wp-content\/uploads\/sites\/87\/2026\/04\/20260423_150336-169x300.jpg 169w, https:\/\/etab.ac-reunion.fr\/clg-fanny-desjardins\/wp-content\/uploads\/sites\/87\/2026\/04\/20260423_150336-338x600.jpg 338w, https:\/\/etab.ac-reunion.fr\/clg-fanny-desjardins\/wp-content\/uploads\/sites\/87\/2026\/04\/20260423_150336-768x1365.jpg 768w, https:\/\/etab.ac-reunion.fr\/clg-fanny-desjardins\/wp-content\/uploads\/sites\/87\/2026\/04\/20260423_150336-864x1536.jpg 864w, https:\/\/etab.ac-reunion.fr\/clg-fanny-desjardins\/wp-content\/uploads\/sites\/87\/2026\/04\/20260423_150336-1153x2048.jpg 1153w, https:\/\/etab.ac-reunion.fr\/clg-fanny-desjardins\/wp-content\/uploads\/sites\/87\/2026\/04\/20260423_150336-84x150.jpg 84w\" sizes=\"auto, (max-width: 1441px) 100vw, 1441px\" \/><\/figure>\n<\/figure>\n\n\n\n<div class=\"wp-block-group is-nowrap is-layout-flex wp-container-core-group-is-layout-ad2f72ca wp-block-group-is-layout-flex\">\n<p> Par la suite, l&rsquo;organisation avait pr\u00e9vu la transformation de ces fruits juteux et riches en antioxydants, en p\u00e2tisseries. Sous les conseils de deux cheffes p\u00e2tissi\u00e8res chevronn\u00e9es, ils ont confectionn\u00e9 des petits sabl\u00e9s p\u00e2t\u00e9s cr\u00e9oles au goyavier et des tartelettes \u00e0 la noisettine et au goyavier.<\/p>\n\n\n\n<p><\/p>\n<\/div>\n\n\n\n<figure class=\"wp-block-gallery has-nested-images columns-default is-cropped wp-block-gallery-5 is-layout-flex wp-block-gallery-is-layout-flex\">\n<figure class=\"wp-block-image size-full\"><img loading=\"lazy\" decoding=\"async\" width=\"1441\" height=\"2560\" data-id=\"12302\" src=\"https:\/\/etab.ac-reunion.fr\/clg-fanny-desjardins\/wp-content\/uploads\/sites\/87\/2026\/04\/20260423_133928-scaled.jpg\" alt=\"\" class=\"wp-image-12302\" srcset=\"https:\/\/etab.ac-reunion.fr\/clg-fanny-desjardins\/wp-content\/uploads\/sites\/87\/2026\/04\/20260423_133928-scaled.jpg 1441w, https:\/\/etab.ac-reunion.fr\/clg-fanny-desjardins\/wp-content\/uploads\/sites\/87\/2026\/04\/20260423_133928-169x300.jpg 169w, https:\/\/etab.ac-reunion.fr\/clg-fanny-desjardins\/wp-content\/uploads\/sites\/87\/2026\/04\/20260423_133928-338x600.jpg 338w, https:\/\/etab.ac-reunion.fr\/clg-fanny-desjardins\/wp-content\/uploads\/sites\/87\/2026\/04\/20260423_133928-768x1365.jpg 768w, https:\/\/etab.ac-reunion.fr\/clg-fanny-desjardins\/wp-content\/uploads\/sites\/87\/2026\/04\/20260423_133928-864x1536.jpg 864w, https:\/\/etab.ac-reunion.fr\/clg-fanny-desjardins\/wp-content\/uploads\/sites\/87\/2026\/04\/20260423_133928-1153x2048.jpg 1153w, https:\/\/etab.ac-reunion.fr\/clg-fanny-desjardins\/wp-content\/uploads\/sites\/87\/2026\/04\/20260423_133928-84x150.jpg 84w\" sizes=\"auto, (max-width: 1441px) 100vw, 1441px\" \/><\/figure>\n<\/figure>\n\n\n\n<figure class=\"wp-block-gallery has-nested-images columns-default is-cropped wp-block-gallery-6 is-layout-flex wp-block-gallery-is-layout-flex\">\n<figure class=\"wp-block-image size-full\"><img loading=\"lazy\" decoding=\"async\" width=\"1441\" height=\"2560\" data-id=\"12303\" src=\"https:\/\/etab.ac-reunion.fr\/clg-fanny-desjardins\/wp-content\/uploads\/sites\/87\/2026\/04\/20260423_141232-scaled.jpg\" alt=\"\" class=\"wp-image-12303\" srcset=\"https:\/\/etab.ac-reunion.fr\/clg-fanny-desjardins\/wp-content\/uploads\/sites\/87\/2026\/04\/20260423_141232-scaled.jpg 1441w, https:\/\/etab.ac-reunion.fr\/clg-fanny-desjardins\/wp-content\/uploads\/sites\/87\/2026\/04\/20260423_141232-169x300.jpg 169w, https:\/\/etab.ac-reunion.fr\/clg-fanny-desjardins\/wp-content\/uploads\/sites\/87\/2026\/04\/20260423_141232-338x600.jpg 338w, https:\/\/etab.ac-reunion.fr\/clg-fanny-desjardins\/wp-content\/uploads\/sites\/87\/2026\/04\/20260423_141232-768x1365.jpg 768w, https:\/\/etab.ac-reunion.fr\/clg-fanny-desjardins\/wp-content\/uploads\/sites\/87\/2026\/04\/20260423_141232-864x1536.jpg 864w, https:\/\/etab.ac-reunion.fr\/clg-fanny-desjardins\/wp-content\/uploads\/sites\/87\/2026\/04\/20260423_141232-1153x2048.jpg 1153w, https:\/\/etab.ac-reunion.fr\/clg-fanny-desjardins\/wp-content\/uploads\/sites\/87\/2026\/04\/20260423_141232-84x150.jpg 84w\" sizes=\"auto, (max-width: 1441px) 100vw, 1441px\" \/><\/figure>\n<\/figure>\n\n\n\n<figure class=\"wp-block-gallery has-nested-images columns-default is-cropped wp-block-gallery-7 is-layout-flex wp-block-gallery-is-layout-flex\">\n<figure class=\"wp-block-image size-full\"><img loading=\"lazy\" decoding=\"async\" width=\"1441\" height=\"2560\" data-id=\"12304\" src=\"https:\/\/etab.ac-reunion.fr\/clg-fanny-desjardins\/wp-content\/uploads\/sites\/87\/2026\/04\/20260423_143254-scaled.jpg\" alt=\"\" class=\"wp-image-12304\" srcset=\"https:\/\/etab.ac-reunion.fr\/clg-fanny-desjardins\/wp-content\/uploads\/sites\/87\/2026\/04\/20260423_143254-scaled.jpg 1441w, https:\/\/etab.ac-reunion.fr\/clg-fanny-desjardins\/wp-content\/uploads\/sites\/87\/2026\/04\/20260423_143254-169x300.jpg 169w, https:\/\/etab.ac-reunion.fr\/clg-fanny-desjardins\/wp-content\/uploads\/sites\/87\/2026\/04\/20260423_143254-338x600.jpg 338w, https:\/\/etab.ac-reunion.fr\/clg-fanny-desjardins\/wp-content\/uploads\/sites\/87\/2026\/04\/20260423_143254-768x1365.jpg 768w, https:\/\/etab.ac-reunion.fr\/clg-fanny-desjardins\/wp-content\/uploads\/sites\/87\/2026\/04\/20260423_143254-864x1536.jpg 864w, https:\/\/etab.ac-reunion.fr\/clg-fanny-desjardins\/wp-content\/uploads\/sites\/87\/2026\/04\/20260423_143254-1153x2048.jpg 1153w, https:\/\/etab.ac-reunion.fr\/clg-fanny-desjardins\/wp-content\/uploads\/sites\/87\/2026\/04\/20260423_143254-84x150.jpg 84w\" sizes=\"auto, (max-width: 1441px) 100vw, 1441px\" \/><\/figure>\n<\/figure>\n\n\n\n<p>Cette journ\u00e9e \u00e9tait plac\u00e9e sous le signe de la coh\u00e9sion entre les g\u00e9n\u00e9rations et la bonne humeur.<\/p>\n\n\n\n<figure class=\"wp-block-gallery has-nested-images columns-default is-cropped wp-block-gallery-8 is-layout-flex wp-block-gallery-is-layout-flex\">\n<figure class=\"wp-block-image size-full\"><img loading=\"lazy\" decoding=\"async\" width=\"1441\" height=\"2560\" data-id=\"12305\" src=\"https:\/\/etab.ac-reunion.fr\/clg-fanny-desjardins\/wp-content\/uploads\/sites\/87\/2026\/04\/20260423_143416-scaled.jpg\" alt=\"\" class=\"wp-image-12305\" srcset=\"https:\/\/etab.ac-reunion.fr\/clg-fanny-desjardins\/wp-content\/uploads\/sites\/87\/2026\/04\/20260423_143416-scaled.jpg 1441w, https:\/\/etab.ac-reunion.fr\/clg-fanny-desjardins\/wp-content\/uploads\/sites\/87\/2026\/04\/20260423_143416-169x300.jpg 169w, https:\/\/etab.ac-reunion.fr\/clg-fanny-desjardins\/wp-content\/uploads\/sites\/87\/2026\/04\/20260423_143416-338x600.jpg 338w, https:\/\/etab.ac-reunion.fr\/clg-fanny-desjardins\/wp-content\/uploads\/sites\/87\/2026\/04\/20260423_143416-768x1365.jpg 768w, https:\/\/etab.ac-reunion.fr\/clg-fanny-desjardins\/wp-content\/uploads\/sites\/87\/2026\/04\/20260423_143416-864x1536.jpg 864w, https:\/\/etab.ac-reunion.fr\/clg-fanny-desjardins\/wp-content\/uploads\/sites\/87\/2026\/04\/20260423_143416-1153x2048.jpg 1153w, https:\/\/etab.ac-reunion.fr\/clg-fanny-desjardins\/wp-content\/uploads\/sites\/87\/2026\/04\/20260423_143416-84x150.jpg 84w\" sizes=\"auto, (max-width: 1441px) 100vw, 1441px\" \/><\/figure>\n<\/figure>\n\n\n\n<figure class=\"wp-block-gallery has-nested-images columns-default is-cropped wp-block-gallery-9 is-layout-flex wp-block-gallery-is-layout-flex\">\n<figure class=\"wp-block-image size-full\"><img loading=\"lazy\" decoding=\"async\" width=\"1441\" height=\"2560\" data-id=\"12306\" src=\"https:\/\/etab.ac-reunion.fr\/clg-fanny-desjardins\/wp-content\/uploads\/sites\/87\/2026\/04\/20260423_152925-scaled.jpg\" alt=\"\" class=\"wp-image-12306\" srcset=\"https:\/\/etab.ac-reunion.fr\/clg-fanny-desjardins\/wp-content\/uploads\/sites\/87\/2026\/04\/20260423_152925-scaled.jpg 1441w, https:\/\/etab.ac-reunion.fr\/clg-fanny-desjardins\/wp-content\/uploads\/sites\/87\/2026\/04\/20260423_152925-169x300.jpg 169w, https:\/\/etab.ac-reunion.fr\/clg-fanny-desjardins\/wp-content\/uploads\/sites\/87\/2026\/04\/20260423_152925-338x600.jpg 338w, https:\/\/etab.ac-reunion.fr\/clg-fanny-desjardins\/wp-content\/uploads\/sites\/87\/2026\/04\/20260423_152925-768x1365.jpg 768w, https:\/\/etab.ac-reunion.fr\/clg-fanny-desjardins\/wp-content\/uploads\/sites\/87\/2026\/04\/20260423_152925-864x1536.jpg 864w, https:\/\/etab.ac-reunion.fr\/clg-fanny-desjardins\/wp-content\/uploads\/sites\/87\/2026\/04\/20260423_152925-1153x2048.jpg 1153w, https:\/\/etab.ac-reunion.fr\/clg-fanny-desjardins\/wp-content\/uploads\/sites\/87\/2026\/04\/20260423_152925-84x150.jpg 84w\" sizes=\"auto, (max-width: 1441px) 100vw, 1441px\" \/><\/figure>\n<\/figure>\n\n\n\n<p>C&rsquo;\u00e9tait une belle opportunit\u00e9 pour les \u00e9l\u00e8ves de red\u00e9couvrir une partie de leur patrimoine historique,architectural et culinaire.<\/p>\n\n\n\n<p>Merci \u00e0 Isabelle et Sophie pour leur dynamisme et \u00e0 tous nos ambassadeurs pr\u00e9sents tr\u00e8s investis.<\/p>\n","protected":false},"excerpt":{"rendered":"<p>Les Ambassadeurs nutrition du coll\u00e8ge ont eu \u00e0 nouveau l&rsquo;occasion de participer \u00e0 des ateliers de cuisine sur le th\u00e8me du goyavier en partenariat avec le CCAS de Bras Panon et le Domaine des Tourelles.<\/p>\n<p> <a class=\"continue-reading-link\" href=\"https:\/\/etab.ac-reunion.fr\/clg-fanny-desjardins\/du-champ-de-goyavier-a-la-patisserie\/\"><span>Continue reading<\/span><i class=\"crycon-right-dir\"><\/i><\/a> <\/p>\n","protected":false},"author":7352,"featured_media":12307,"comment_status":"closed","ping_status":"closed","sticky":false,"template":"","format":"standard","meta":{"footnotes":""},"categories":[9,169,132],"tags":[],"class_list":["post-12298","post","type-post","status-publish","format-standard","has-post-thumbnail","hentry","category-actualites","category-ambassadeurs-nutritions","category-formations"],"_links":{"self":[{"href":"https:\/\/etab.ac-reunion.fr\/clg-fanny-desjardins\/wp-json\/wp\/v2\/posts\/12298","targetHints":{"allow":["GET"]}}],"collection":[{"href":"https:\/\/etab.ac-reunion.fr\/clg-fanny-desjardins\/wp-json\/wp\/v2\/posts"}],"about":[{"href":"https:\/\/etab.ac-reunion.fr\/clg-fanny-desjardins\/wp-json\/wp\/v2\/types\/post"}],"author":[{"embeddable":true,"href":"https:\/\/etab.ac-reunion.fr\/clg-fanny-desjardins\/wp-json\/wp\/v2\/users\/7352"}],"replies":[{"embeddable":true,"href":"https:\/\/etab.ac-reunion.fr\/clg-fanny-desjardins\/wp-json\/wp\/v2\/comments?post=12298"}],"version-history":[{"count":4,"href":"https:\/\/etab.ac-reunion.fr\/clg-fanny-desjardins\/wp-json\/wp\/v2\/posts\/12298\/revisions"}],"predecessor-version":[{"id":12351,"href":"https:\/\/etab.ac-reunion.fr\/clg-fanny-desjardins\/wp-json\/wp\/v2\/posts\/12298\/revisions\/12351"}],"wp:featuredmedia":[{"embeddable":true,"href":"https:\/\/etab.ac-reunion.fr\/clg-fanny-desjardins\/wp-json\/wp\/v2\/media\/12307"}],"wp:attachment":[{"href":"https:\/\/etab.ac-reunion.fr\/clg-fanny-desjardins\/wp-json\/wp\/v2\/media?parent=12298"}],"wp:term":[{"taxonomy":"category","embeddable":true,"href":"https:\/\/etab.ac-reunion.fr\/clg-fanny-desjardins\/wp-json\/wp\/v2\/categories?post=12298"},{"taxonomy":"post_tag","embeddable":true,"href":"https:\/\/etab.ac-reunion.fr\/clg-fanny-desjardins\/wp-json\/wp\/v2\/tags?post=12298"}],"curies":[{"name":"wp","href":"https:\/\/api.w.org\/{rel}","templated":true}]}}