{"id":4366,"date":"2022-02-16T06:55:59","date_gmt":"2022-02-16T02:55:59","guid":{"rendered":"http:\/\/college-guymoquet.ac-reunion.fr\/?p=4366"},"modified":"2022-02-16T06:55:59","modified_gmt":"2022-02-16T02:55:59","slug":"intervention-agir-abcd-au-college","status":"publish","type":"post","link":"https:\/\/etab.ac-reunion.fr\/clg-guy-moquet\/2022\/02\/16\/intervention-agir-abcd-au-college\/","title":{"rendered":"Intervention AGIR ABCD au Coll\u00e8ge"},"content":{"rendered":"\n<p>L&rsquo;Association G\u00e9n\u00e9rale des Intervenants Retrait\u00e9s Actions B\u00e9n\u00e9voles pour la Coop\u00e9ration et le D\u00e9veloppement, avec l&rsquo;accord de la chef d&rsquo;\u00e9tablissement, est intervenue aupr\u00e8s des \u00e9l\u00e8ves de 3\u00e8me les 8, 10 et 11 F\u00e9vrier 2022. <\/p>\n\n\n\n<p>M. CHARTIER, intervenant de l&rsquo;association, a abord\u00e9 avec les \u00e9l\u00e8ves la notion de violence au quotidien, qu&rsquo;il s&rsquo;agisse de bagarre ( physique), d&rsquo;insultes ( verbales) ou de rackets ( vols).  A partir de faits-divers parus dans les m\u00e9dias locaux ( r\u00e9unionnais) de 2018 \u00e0 nos jours, M. CHARTIER a trait\u00e9 des accidents de la route, de la consommation d&rsquo;alcool et des substances illicites avec les \u00e9l\u00e8ves. <\/p>\n","protected":false},"excerpt":{"rendered":"<p>L&rsquo;Association G\u00e9n\u00e9rale des Intervenants Retrait\u00e9s Actions B\u00e9n\u00e9voles pour la Coop\u00e9ration et le D\u00e9veloppement, avec l&rsquo;accord de la chef d&rsquo;\u00e9tablissement, est intervenue aupr\u00e8s des \u00e9l\u00e8ves de 3\u00e8me les 8, 10 et 11 F\u00e9vrier 2022. M. CHARTIER, intervenant de l&rsquo;association, a abord\u00e9 avec les \u00e9l\u00e8ves la notion de violence au quotidien, qu&rsquo;il&#8230;<\/p>\n<p> <a class=\"continue-reading-link\" href=\"https:\/\/etab.ac-reunion.fr\/clg-guy-moquet\/2022\/02\/16\/intervention-agir-abcd-au-college\/\"><span>Lire la suite<\/span><i class=\"crycon-right-dir\"><\/i><\/a> <\/p>\n","protected":false},"author":1203,"featured_media":0,"comment_status":"closed","ping_status":"open","sticky":false,"template":"","format":"standard","meta":{"footnotes":""},"categories":[2,15],"tags":[],"class_list":["post-4366","post","type-post","status-publish","format-standard","hentry","category-administration","category-parcours-sante"],"_links":{"self":[{"href":"https:\/\/etab.ac-reunion.fr\/clg-guy-moquet\/wp-json\/wp\/v2\/posts\/4366","targetHints":{"allow":["GET"]}}],"collection":[{"href":"https:\/\/etab.ac-reunion.fr\/clg-guy-moquet\/wp-json\/wp\/v2\/posts"}],"about":[{"href":"https:\/\/etab.ac-reunion.fr\/clg-guy-moquet\/wp-json\/wp\/v2\/types\/post"}],"author":[{"embeddable":true,"href":"https:\/\/etab.ac-reunion.fr\/clg-guy-moquet\/wp-json\/wp\/v2\/users\/1203"}],"replies":[{"embeddable":true,"href":"https:\/\/etab.ac-reunion.fr\/clg-guy-moquet\/wp-json\/wp\/v2\/comments?post=4366"}],"version-history":[{"count":1,"href":"https:\/\/etab.ac-reunion.fr\/clg-guy-moquet\/wp-json\/wp\/v2\/posts\/4366\/revisions"}],"predecessor-version":[{"id":4372,"href":"https:\/\/etab.ac-reunion.fr\/clg-guy-moquet\/wp-json\/wp\/v2\/posts\/4366\/revisions\/4372"}],"wp:attachment":[{"href":"https:\/\/etab.ac-reunion.fr\/clg-guy-moquet\/wp-json\/wp\/v2\/media?parent=4366"}],"wp:term":[{"taxonomy":"category","embeddable":true,"href":"https:\/\/etab.ac-reunion.fr\/clg-guy-moquet\/wp-json\/wp\/v2\/categories?post=4366"},{"taxonomy":"post_tag","embeddable":true,"href":"https:\/\/etab.ac-reunion.fr\/clg-guy-moquet\/wp-json\/wp\/v2\/tags?post=4366"}],"curies":[{"name":"wp","href":"https:\/\/api.w.org\/{rel}","templated":true}]}}