{"id":4732,"date":"2023-05-09T17:41:18","date_gmt":"2023-05-09T13:41:18","guid":{"rendered":"https:\/\/etab.ac-reunion.fr\/clg-guy-moquet\/?p=4732"},"modified":"2023-05-12T07:37:04","modified_gmt":"2023-05-12T03:37:04","slug":"la-semaine-des-langues-au-college","status":"publish","type":"post","link":"https:\/\/etab.ac-reunion.fr\/clg-guy-moquet\/2023\/05\/09\/la-semaine-des-langues-au-college\/","title":{"rendered":"La semaine des langues au Coll\u00e8ge"},"content":{"rendered":"\n<p>La semaine des langues s&rsquo;est d\u00e9roul\u00e9e cette ann\u00e9e du 24 Avril 2023 au 28 Avril 2023. <\/p>\n\n\n\n<p>Pour cette semaine, plusieurs actions ont \u00e9t\u00e9 men\u00e9es par les \u00e9l\u00e8ves et les enseignants de Fran\u00e7ais, d&rsquo;Espagnol, d&rsquo;Anglais, et d&rsquo;Allemand. <\/p>\n\n\n\n<p>En Fran\u00e7ais, une exposition sur le Petit Prince de Saint-Exup\u00e9ry a \u00e9t\u00e9 r\u00e9alis\u00e9e avec les \u00e9l\u00e8ves de 6\u00e8me et Mme Galtier, professeur de Fran\u00e7ais. Des 4\u00e8me ont produit des po\u00e8mes lyriques sous la houlette de Mme TURPIN, professeur de Fran\u00e7ais. <\/p>\n\n\n\n<p>En Espagnol, les \u00e9l\u00e8ves de 5\u00e8me bilangue ont confectionn\u00e9 des pinatas et travaill\u00e9 sur l&rsquo;origine de la pinata avec la collaboration de Mme ZAPATA, professeur d&rsquo;Espagnol. Un concert de fl\u00fbte de pan a \u00e9t\u00e9 organis\u00e9 en salle du foyer \u00e0 destination des \u00e9l\u00e8ves. <\/p>\n\n\n\n<p>En Anglais, dans le cadre de la liaison \u00e9cole-coll\u00e8ge, une classe de CM2 de l&rsquo;\u00e9cole Denise Salai est venue au Coll\u00e8ge rencontrer des \u00e9l\u00e8ves de 6\u00e8me et travailler ensemble sur les animaux en Anglais. <\/p>\n\n\n\n<p>En Allemand, une deutschauto est intervenue aupr\u00e8s des classes de 6\u00e8me pour une initiation et une d\u00e9couverte de la langue allemande. <\/p>\n\n\n\n<p>Pour finir, des sp\u00e9cialit\u00e9s culinaires typiques d&rsquo;Allemagne, d&rsquo;Espagne, des Etats-Unis et de la France ont \u00e9t\u00e9 propos\u00e9es \u00e0 l&rsquo;ensemble de la communaut\u00e9 \u00e9ducative et p\u00e9dagogique du Coll\u00e8ge durant cette semaine. <\/p>\n\n\n\n<figure class=\"wp-block-gallery has-nested-images columns-default is-cropped wp-block-gallery-1 is-layout-flex wp-block-gallery-is-layout-flex\">\n<figure class=\"wp-block-image size-large is-style-rounded\"><img loading=\"lazy\" decoding=\"async\" width=\"768\" height=\"1024\" data-id=\"4735\" src=\"https:\/\/etab.ac-reunion.fr\/clg-guy-moquet\/wp-content\/uploads\/sites\/63\/2023\/05\/porte-langues-768x1024.jpg\" alt=\"\" class=\"wp-image-4735\" srcset=\"https:\/\/etab.ac-reunion.fr\/clg-guy-moquet\/wp-content\/uploads\/sites\/63\/2023\/05\/porte-langues-768x1024.jpg 768w, https:\/\/etab.ac-reunion.fr\/clg-guy-moquet\/wp-content\/uploads\/sites\/63\/2023\/05\/porte-langues-225x300.jpg 225w, https:\/\/etab.ac-reunion.fr\/clg-guy-moquet\/wp-content\/uploads\/sites\/63\/2023\/05\/porte-langues-1152x1536.jpg 1152w, https:\/\/etab.ac-reunion.fr\/clg-guy-moquet\/wp-content\/uploads\/sites\/63\/2023\/05\/porte-langues-1536x2048.jpg 1536w, https:\/\/etab.ac-reunion.fr\/clg-guy-moquet\/wp-content\/uploads\/sites\/63\/2023\/05\/porte-langues-scaled.jpg 1920w\" sizes=\"auto, (max-width: 768px) 100vw, 768px\" \/><\/figure>\n<\/figure>\n\n\n\n<figure class=\"wp-block-gallery has-nested-images columns-default is-cropped wp-block-gallery-2 is-layout-flex wp-block-gallery-is-layout-flex\">\n<figure class=\"wp-block-image size-large is-style-rounded\"><img loading=\"lazy\" decoding=\"async\" width=\"1024\" height=\"768\" data-id=\"4736\" src=\"https:\/\/etab.ac-reunion.fr\/clg-guy-moquet\/wp-content\/uploads\/sites\/63\/2023\/05\/affiche-francais-1024x768.jpg\" alt=\"\" class=\"wp-image-4736\" srcset=\"https:\/\/etab.ac-reunion.fr\/clg-guy-moquet\/wp-content\/uploads\/sites\/63\/2023\/05\/affiche-francais-1024x768.jpg 1024w, https:\/\/etab.ac-reunion.fr\/clg-guy-moquet\/wp-content\/uploads\/sites\/63\/2023\/05\/affiche-francais-300x225.jpg 300w, https:\/\/etab.ac-reunion.fr\/clg-guy-moquet\/wp-content\/uploads\/sites\/63\/2023\/05\/affiche-francais-768x576.jpg 768w, https:\/\/etab.ac-reunion.fr\/clg-guy-moquet\/wp-content\/uploads\/sites\/63\/2023\/05\/affiche-francais-1536x1152.jpg 1536w, https:\/\/etab.ac-reunion.fr\/clg-guy-moquet\/wp-content\/uploads\/sites\/63\/2023\/05\/affiche-francais-2048x1536.jpg 2048w\" sizes=\"auto, (max-width: 1024px) 100vw, 1024px\" \/><\/figure>\n<\/figure>\n\n\n\n<figure class=\"wp-block-gallery has-nested-images columns-default is-cropped wp-block-gallery-3 is-layout-flex wp-block-gallery-is-layout-flex\">\n<figure class=\"wp-block-image size-large is-style-rounded\"><img loading=\"lazy\" decoding=\"async\" width=\"768\" height=\"1024\" data-id=\"4737\" src=\"https:\/\/etab.ac-reunion.fr\/clg-guy-moquet\/wp-content\/uploads\/sites\/63\/2023\/05\/pinata-768x1024.jpg\" alt=\"\" class=\"wp-image-4737\" srcset=\"https:\/\/etab.ac-reunion.fr\/clg-guy-moquet\/wp-content\/uploads\/sites\/63\/2023\/05\/pinata-768x1024.jpg 768w, https:\/\/etab.ac-reunion.fr\/clg-guy-moquet\/wp-content\/uploads\/sites\/63\/2023\/05\/pinata-225x300.jpg 225w, https:\/\/etab.ac-reunion.fr\/clg-guy-moquet\/wp-content\/uploads\/sites\/63\/2023\/05\/pinata-1152x1536.jpg 1152w, https:\/\/etab.ac-reunion.fr\/clg-guy-moquet\/wp-content\/uploads\/sites\/63\/2023\/05\/pinata-1536x2048.jpg 1536w, https:\/\/etab.ac-reunion.fr\/clg-guy-moquet\/wp-content\/uploads\/sites\/63\/2023\/05\/pinata-scaled.jpg 1920w\" sizes=\"auto, (max-width: 768px) 100vw, 768px\" \/><\/figure>\n<\/figure>\n\n\n\n<figure class=\"wp-block-gallery has-nested-images columns-default is-cropped wp-block-gallery-4 is-layout-flex wp-block-gallery-is-layout-flex\">\n<figure class=\"wp-block-image size-large is-style-rounded\"><img loading=\"lazy\" decoding=\"async\" width=\"2560\" height=\"1920\" data-id=\"4754\" src=\"https:\/\/etab.ac-reunion.fr\/clg-guy-moquet\/wp-content\/uploads\/sites\/63\/2023\/05\/concert-flute-edited-scaled.jpeg\" alt=\"\" class=\"wp-image-4754\" srcset=\"https:\/\/etab.ac-reunion.fr\/clg-guy-moquet\/wp-content\/uploads\/sites\/63\/2023\/05\/concert-flute-edited-scaled.jpeg 2560w, https:\/\/etab.ac-reunion.fr\/clg-guy-moquet\/wp-content\/uploads\/sites\/63\/2023\/05\/concert-flute-edited-300x225.jpeg 300w, https:\/\/etab.ac-reunion.fr\/clg-guy-moquet\/wp-content\/uploads\/sites\/63\/2023\/05\/concert-flute-edited-1024x768.jpeg 1024w, https:\/\/etab.ac-reunion.fr\/clg-guy-moquet\/wp-content\/uploads\/sites\/63\/2023\/05\/concert-flute-edited-768x576.jpeg 768w, https:\/\/etab.ac-reunion.fr\/clg-guy-moquet\/wp-content\/uploads\/sites\/63\/2023\/05\/concert-flute-edited-1536x1152.jpeg 1536w, https:\/\/etab.ac-reunion.fr\/clg-guy-moquet\/wp-content\/uploads\/sites\/63\/2023\/05\/concert-flute-edited-2048x1536.jpeg 2048w\" sizes=\"auto, (max-width: 2560px) 100vw, 2560px\" \/><\/figure>\n<\/figure>\n","protected":false},"excerpt":{"rendered":"<p>La semaine des langues s&rsquo;est d\u00e9roul\u00e9e cette ann\u00e9e du 24 Avril 2023 au 28 Avril 2023. Pour cette semaine, plusieurs actions ont \u00e9t\u00e9 men\u00e9es par les \u00e9l\u00e8ves et les enseignants de Fran\u00e7ais, d&rsquo;Espagnol, d&rsquo;Anglais, et d&rsquo;Allemand. En Fran\u00e7ais, une exposition sur le Petit Prince de Saint-Exup\u00e9ry a \u00e9t\u00e9 r\u00e9alis\u00e9e avec&#8230;<\/p>\n<p> <a class=\"continue-reading-link\" href=\"https:\/\/etab.ac-reunion.fr\/clg-guy-moquet\/2023\/05\/09\/la-semaine-des-langues-au-college\/\"><span>Lire la suite<\/span><i class=\"crycon-right-dir\"><\/i><\/a> <\/p>\n","protected":false},"author":1203,"featured_media":0,"comment_status":"closed","ping_status":"open","sticky":false,"template":"","format":"standard","meta":{"footnotes":""},"categories":[2,14],"tags":[],"class_list":["post-4732","post","type-post","status-publish","format-standard","hentry","category-administration","category-langues"],"_links":{"self":[{"href":"https:\/\/etab.ac-reunion.fr\/clg-guy-moquet\/wp-json\/wp\/v2\/posts\/4732","targetHints":{"allow":["GET"]}}],"collection":[{"href":"https:\/\/etab.ac-reunion.fr\/clg-guy-moquet\/wp-json\/wp\/v2\/posts"}],"about":[{"href":"https:\/\/etab.ac-reunion.fr\/clg-guy-moquet\/wp-json\/wp\/v2\/types\/post"}],"author":[{"embeddable":true,"href":"https:\/\/etab.ac-reunion.fr\/clg-guy-moquet\/wp-json\/wp\/v2\/users\/1203"}],"replies":[{"embeddable":true,"href":"https:\/\/etab.ac-reunion.fr\/clg-guy-moquet\/wp-json\/wp\/v2\/comments?post=4732"}],"version-history":[{"count":4,"href":"https:\/\/etab.ac-reunion.fr\/clg-guy-moquet\/wp-json\/wp\/v2\/posts\/4732\/revisions"}],"predecessor-version":[{"id":4755,"href":"https:\/\/etab.ac-reunion.fr\/clg-guy-moquet\/wp-json\/wp\/v2\/posts\/4732\/revisions\/4755"}],"wp:attachment":[{"href":"https:\/\/etab.ac-reunion.fr\/clg-guy-moquet\/wp-json\/wp\/v2\/media?parent=4732"}],"wp:term":[{"taxonomy":"category","embeddable":true,"href":"https:\/\/etab.ac-reunion.fr\/clg-guy-moquet\/wp-json\/wp\/v2\/categories?post=4732"},{"taxonomy":"post_tag","embeddable":true,"href":"https:\/\/etab.ac-reunion.fr\/clg-guy-moquet\/wp-json\/wp\/v2\/tags?post=4732"}],"curies":[{"name":"wp","href":"https:\/\/api.w.org\/{rel}","templated":true}]}}