{"id":4844,"date":"2023-10-30T14:42:17","date_gmt":"2023-10-30T10:42:17","guid":{"rendered":"https:\/\/etab.ac-reunion.fr\/clg-guy-moquet\/?p=4844"},"modified":"2023-10-30T14:42:17","modified_gmt":"2023-10-30T10:42:17","slug":"journee-nationale-de-lutte-contre-le-harcelement-concours-de-dessin-ouvert-a-tous-les-eleves","status":"publish","type":"post","link":"https:\/\/etab.ac-reunion.fr\/clg-guy-moquet\/2023\/10\/30\/journee-nationale-de-lutte-contre-le-harcelement-concours-de-dessin-ouvert-a-tous-les-eleves\/","title":{"rendered":"Journ\u00e9e Nationale de Lutte contre le Harc\u00e8lement : concours de dessin ouvert \u00e0 tous les \u00e9l\u00e8ves"},"content":{"rendered":"<div class=\"wp-block-image\">\n<figure class=\"aligncenter size-large\"><img loading=\"lazy\" decoding=\"async\" width=\"575\" height=\"1024\" src=\"https:\/\/etab.ac-reunion.fr\/clg-guy-moquet\/wp-content\/uploads\/sites\/63\/2023\/10\/affiche-concours-de-dessin-novembre-2023-575x1024.jpg\" alt=\"\" class=\"wp-image-4845\" srcset=\"https:\/\/etab.ac-reunion.fr\/clg-guy-moquet\/wp-content\/uploads\/sites\/63\/2023\/10\/affiche-concours-de-dessin-novembre-2023-575x1024.jpg 575w, https:\/\/etab.ac-reunion.fr\/clg-guy-moquet\/wp-content\/uploads\/sites\/63\/2023\/10\/affiche-concours-de-dessin-novembre-2023-169x300.jpg 169w, https:\/\/etab.ac-reunion.fr\/clg-guy-moquet\/wp-content\/uploads\/sites\/63\/2023\/10\/affiche-concours-de-dessin-novembre-2023-768x1367.jpg 768w, https:\/\/etab.ac-reunion.fr\/clg-guy-moquet\/wp-content\/uploads\/sites\/63\/2023\/10\/affiche-concours-de-dessin-novembre-2023.jpg 843w\" sizes=\"auto, (max-width: 575px) 100vw, 575px\" \/><\/figure>\n<\/div>","protected":false},"excerpt":{"rendered":"<p> <a class=\"continue-reading-link\" href=\"https:\/\/etab.ac-reunion.fr\/clg-guy-moquet\/2023\/10\/30\/journee-nationale-de-lutte-contre-le-harcelement-concours-de-dessin-ouvert-a-tous-les-eleves\/\"><span>Lire la suite<\/span><i class=\"crycon-right-dir\"><\/i><\/a> <\/p>\n","protected":false},"author":1203,"featured_media":0,"comment_status":"closed","ping_status":"open","sticky":false,"template":"","format":"standard","meta":{"footnotes":""},"categories":[2,3,18,15],"tags":[],"class_list":["post-4844","post","type-post","status-publish","format-standard","hentry","category-administration","category-centre-de-connaissances-et-de-culture","category-concours","category-parcours-sante"],"_links":{"self":[{"href":"https:\/\/etab.ac-reunion.fr\/clg-guy-moquet\/wp-json\/wp\/v2\/posts\/4844","targetHints":{"allow":["GET"]}}],"collection":[{"href":"https:\/\/etab.ac-reunion.fr\/clg-guy-moquet\/wp-json\/wp\/v2\/posts"}],"about":[{"href":"https:\/\/etab.ac-reunion.fr\/clg-guy-moquet\/wp-json\/wp\/v2\/types\/post"}],"author":[{"embeddable":true,"href":"https:\/\/etab.ac-reunion.fr\/clg-guy-moquet\/wp-json\/wp\/v2\/users\/1203"}],"replies":[{"embeddable":true,"href":"https:\/\/etab.ac-reunion.fr\/clg-guy-moquet\/wp-json\/wp\/v2\/comments?post=4844"}],"version-history":[{"count":3,"href":"https:\/\/etab.ac-reunion.fr\/clg-guy-moquet\/wp-json\/wp\/v2\/posts\/4844\/revisions"}],"predecessor-version":[{"id":4850,"href":"https:\/\/etab.ac-reunion.fr\/clg-guy-moquet\/wp-json\/wp\/v2\/posts\/4844\/revisions\/4850"}],"wp:attachment":[{"href":"https:\/\/etab.ac-reunion.fr\/clg-guy-moquet\/wp-json\/wp\/v2\/media?parent=4844"}],"wp:term":[{"taxonomy":"category","embeddable":true,"href":"https:\/\/etab.ac-reunion.fr\/clg-guy-moquet\/wp-json\/wp\/v2\/categories?post=4844"},{"taxonomy":"post_tag","embeddable":true,"href":"https:\/\/etab.ac-reunion.fr\/clg-guy-moquet\/wp-json\/wp\/v2\/tags?post=4844"}],"curies":[{"name":"wp","href":"https:\/\/api.w.org\/{rel}","templated":true}]}}