{"id":4974,"date":"2024-08-13T10:35:48","date_gmt":"2024-08-13T06:35:48","guid":{"rendered":"https:\/\/etab.ac-reunion.fr\/clg-guy-moquet\/?p=4974"},"modified":"2025-03-31T08:26:33","modified_gmt":"2025-03-31T04:26:33","slug":"organisation-rentree-scolaire-2024-2025","status":"publish","type":"post","link":"https:\/\/etab.ac-reunion.fr\/clg-guy-moquet\/2024\/08\/13\/organisation-rentree-scolaire-2024-2025\/","title":{"rendered":"ORGANISATION RENTR\u00c9E SCOLAIRE 2024-2025"},"content":{"rendered":"\n<h1 class=\"wp-block-heading\">COLL\u00c8GE GUY MOQUET<\/h1>\n\n\n\n<p><strong><u>Lundi 19 ao\u00fbt 2024\u00a0:<\/u> <\/strong>accueil des classes de 6<sup>\u00e8me<\/sup> de 7h30 \u00e0 16h30.<br>8h45 &#8211; 9h30: \u00e9change entre les \u00a0responsables l\u00e9gaux des \u00e9l\u00e8ves de 6<sup>\u00e8me<\/sup>, les personnels du coll\u00e8ge et les associations des parents d&rsquo;\u00e9l\u00e8ves.<br>Restauration scolaire pour les demi-pensionnaires.<\/p>\n\n\n\n<p><strong><u>Mardi 20 ao\u00fbt 2024&nbsp;:<\/u><\/strong><strong> <\/strong>accueil des classes de 5<sup>\u00e8me<\/sup>, 4<sup>\u00e8me<\/sup> et 3<sup>\u00e8me<\/sup> de 7h30 \u00e0 16h30. Restauration scolaire pour les demi-pensionnaires.<\/p>\n\n\n\n<p><strong><u>Mercredi 21 ao\u00fbt 2024&nbsp;:<\/u><\/strong><strong> <\/strong>accueil de tous les \u00e9l\u00e8ves de 7h30 \u00e0 11h45. Fonctionnement normal des emplois du temps.<\/p>\n\n\n\n<p><\/p>\n\n\n\n<p><\/p>\n","protected":false},"excerpt":{"rendered":"<p>COLL\u00c8GE GUY MOQUET Lundi 19 ao\u00fbt 2024\u00a0: accueil des classes de 6\u00e8me de 7h30 \u00e0 16h30.8h45 &#8211; 9h30: \u00e9change entre les \u00a0responsables l\u00e9gaux des \u00e9l\u00e8ves de 6\u00e8me, les personnels du coll\u00e8ge et les associations des parents d&rsquo;\u00e9l\u00e8ves.Restauration scolaire pour les demi-pensionnaires. Mardi 20 ao\u00fbt 2024&nbsp;: accueil des classes de 5\u00e8me,&#8230;<\/p>\n<p> <a class=\"continue-reading-link\" href=\"https:\/\/etab.ac-reunion.fr\/clg-guy-moquet\/2024\/08\/13\/organisation-rentree-scolaire-2024-2025\/\"><span>Lire la suite<\/span><i class=\"crycon-right-dir\"><\/i><\/a> <\/p>\n","protected":false},"author":29581,"featured_media":2574,"comment_status":"closed","ping_status":"open","sticky":false,"template":"","format":"standard","meta":{"footnotes":""},"categories":[2,11],"tags":[59,58],"class_list":["post-4974","post","type-post","status-publish","format-standard","has-post-thumbnail","hentry","category-administration","category-11","tag-parents","tag-rentree"],"_links":{"self":[{"href":"https:\/\/etab.ac-reunion.fr\/clg-guy-moquet\/wp-json\/wp\/v2\/posts\/4974","targetHints":{"allow":["GET"]}}],"collection":[{"href":"https:\/\/etab.ac-reunion.fr\/clg-guy-moquet\/wp-json\/wp\/v2\/posts"}],"about":[{"href":"https:\/\/etab.ac-reunion.fr\/clg-guy-moquet\/wp-json\/wp\/v2\/types\/post"}],"author":[{"embeddable":true,"href":"https:\/\/etab.ac-reunion.fr\/clg-guy-moquet\/wp-json\/wp\/v2\/users\/29581"}],"replies":[{"embeddable":true,"href":"https:\/\/etab.ac-reunion.fr\/clg-guy-moquet\/wp-json\/wp\/v2\/comments?post=4974"}],"version-history":[{"count":2,"href":"https:\/\/etab.ac-reunion.fr\/clg-guy-moquet\/wp-json\/wp\/v2\/posts\/4974\/revisions"}],"predecessor-version":[{"id":4977,"href":"https:\/\/etab.ac-reunion.fr\/clg-guy-moquet\/wp-json\/wp\/v2\/posts\/4974\/revisions\/4977"}],"wp:featuredmedia":[{"embeddable":true,"href":"https:\/\/etab.ac-reunion.fr\/clg-guy-moquet\/wp-json\/wp\/v2\/media\/2574"}],"wp:attachment":[{"href":"https:\/\/etab.ac-reunion.fr\/clg-guy-moquet\/wp-json\/wp\/v2\/media?parent=4974"}],"wp:term":[{"taxonomy":"category","embeddable":true,"href":"https:\/\/etab.ac-reunion.fr\/clg-guy-moquet\/wp-json\/wp\/v2\/categories?post=4974"},{"taxonomy":"post_tag","embeddable":true,"href":"https:\/\/etab.ac-reunion.fr\/clg-guy-moquet\/wp-json\/wp\/v2\/tags?post=4974"}],"curies":[{"name":"wp","href":"https:\/\/api.w.org\/{rel}","templated":true}]}}