{"id":5334,"date":"2024-12-18T20:07:12","date_gmt":"2024-12-18T16:07:12","guid":{"rendered":"https:\/\/etab.ac-reunion.fr\/clg-guy-moquet\/?p=5334"},"modified":"2024-12-19T10:25:45","modified_gmt":"2024-12-19T06:25:45","slug":"1ere-sortie-de-las-sante-joyeuses-fetes","status":"publish","type":"post","link":"https:\/\/etab.ac-reunion.fr\/clg-guy-moquet\/2024\/12\/18\/1ere-sortie-de-las-sante-joyeuses-fetes\/","title":{"rendered":"1\u00e8re SORTIE DE L&rsquo;AS SANTE! JOYEUSES F\u00caTES !!!"},"content":{"rendered":"<div class=\"wp-block-image\">\n<figure class=\"aligncenter size-large is-resized\"><img loading=\"lazy\" decoding=\"async\" width=\"768\" height=\"1024\" src=\"https:\/\/etab.ac-reunion.fr\/clg-guy-moquet\/wp-content\/uploads\/sites\/63\/2024\/12\/466725899_1089701369145977_2790106777838457366_n-768x1024.jpg\" alt=\"\" class=\"wp-image-5335\" style=\"width:575px;height:auto\" srcset=\"https:\/\/etab.ac-reunion.fr\/clg-guy-moquet\/wp-content\/uploads\/sites\/63\/2024\/12\/466725899_1089701369145977_2790106777838457366_n-768x1024.jpg 768w, https:\/\/etab.ac-reunion.fr\/clg-guy-moquet\/wp-content\/uploads\/sites\/63\/2024\/12\/466725899_1089701369145977_2790106777838457366_n-225x300.jpg 225w, https:\/\/etab.ac-reunion.fr\/clg-guy-moquet\/wp-content\/uploads\/sites\/63\/2024\/12\/466725899_1089701369145977_2790106777838457366_n-113x150.jpg 113w, https:\/\/etab.ac-reunion.fr\/clg-guy-moquet\/wp-content\/uploads\/sites\/63\/2024\/12\/466725899_1089701369145977_2790106777838457366_n.jpg 828w\" sizes=\"auto, (max-width: 768px) 100vw, 768px\" \/><figcaption class=\"wp-element-caption\"><em>T\u00e9o en action sur le trampoline olympique<\/em> <\/figcaption><\/figure>\n<\/div>\n\n\n<p>Pour leur premi\u00e8re sortie, les \u00e9l\u00e8ves de l&rsquo;AS sant\u00e9 ont d\u00e9couvert le trampoline park de St Denis ! Un vrai bonheur pour eux de \u00ab\u00a0jumper\u00a0\u00bb sur les nombreux trampolines du site : trampoline olympique, \u00ab\u00a0basket jump\u00a0\u00bb , tyrolienne, parcours du combattant, tumbling et j&rsquo;en passe. Un moment de plaisir et d&rsquo;activit\u00e9 physique mais \u00e9galement de partage pour nos \u00e9l\u00e8ves. Ils ont \u00e9galement pu \u00e9changer avec les \u00e9l\u00e8ves de l&rsquo;AS sant\u00e9 du coll\u00e8ge Joseph B\u00e9dier qui faisaient aussi partis de l&rsquo;aventure. Ils se sont tellement d\u00e9pens\u00e9s qu&rsquo;une majorit\u00e9 d&rsquo;entre a profit\u00e9 des embouteillages pour siester &#8230; preuve d&rsquo;une activit\u00e9 physique efficace! <\/p>\n\n\n\n<p>Nous sommes heureux d&rsquo;avoir pu offrir ce cadeau de No\u00ebl a nos \u00e9l\u00e8ves afin qu&rsquo;ils s&rsquo;engagent encore avec plaisir et intensit\u00e9 dans les activit\u00e9s physiques . La rentr\u00e9e de Janvier leur r\u00e9serve encore des surprises&#8230; rencontres avec d&rsquo;autres AS sant\u00e9 au coll\u00e8ge, et peut \u00eatre une sortie acrobranche \ud83d\ude09 <\/p>\n\n\n\n<p>Bonnes f\u00eates \u00e0 tous !!!! <\/p>\n\n\n\n<div class=\"wp-block-group\"><div class=\"wp-block-group__inner-container is-layout-constrained wp-block-group-is-layout-constrained\">\n<figure class=\"wp-block-gallery has-nested-images columns-default is-cropped wp-block-gallery-1 is-layout-flex wp-block-gallery-is-layout-flex\">\n<figure class=\"wp-block-image size-large\"><img loading=\"lazy\" decoding=\"async\" width=\"828\" height=\"828\" data-id=\"5340\" src=\"https:\/\/etab.ac-reunion.fr\/clg-guy-moquet\/wp-content\/uploads\/sites\/63\/2024\/12\/462640139_571363719115840_7471472194604773850_n-edited.jpg\" alt=\"\" class=\"wp-image-5340\" srcset=\"https:\/\/etab.ac-reunion.fr\/clg-guy-moquet\/wp-content\/uploads\/sites\/63\/2024\/12\/462640139_571363719115840_7471472194604773850_n-edited.jpg 828w, https:\/\/etab.ac-reunion.fr\/clg-guy-moquet\/wp-content\/uploads\/sites\/63\/2024\/12\/462640139_571363719115840_7471472194604773850_n-edited-300x300.jpg 300w, https:\/\/etab.ac-reunion.fr\/clg-guy-moquet\/wp-content\/uploads\/sites\/63\/2024\/12\/462640139_571363719115840_7471472194604773850_n-edited-150x150.jpg 150w, https:\/\/etab.ac-reunion.fr\/clg-guy-moquet\/wp-content\/uploads\/sites\/63\/2024\/12\/462640139_571363719115840_7471472194604773850_n-edited-768x768.jpg 768w\" sizes=\"auto, (max-width: 828px) 100vw, 828px\" \/><figcaption class=\"wp-element-caption\">No\u00e9 , <br>Maxence et Eloane <\/figcaption><\/figure>\n\n\n\n<figure class=\"wp-block-image size-large\"><img loading=\"lazy\" decoding=\"async\" width=\"828\" height=\"621\" data-id=\"5339\" src=\"https:\/\/etab.ac-reunion.fr\/clg-guy-moquet\/wp-content\/uploads\/sites\/63\/2024\/12\/470051881_562746993285198_663726322030699019_n-1-edited.jpg\" alt=\"\" class=\"wp-image-5339\" srcset=\"https:\/\/etab.ac-reunion.fr\/clg-guy-moquet\/wp-content\/uploads\/sites\/63\/2024\/12\/470051881_562746993285198_663726322030699019_n-1-edited.jpg 828w, https:\/\/etab.ac-reunion.fr\/clg-guy-moquet\/wp-content\/uploads\/sites\/63\/2024\/12\/470051881_562746993285198_663726322030699019_n-1-edited-300x225.jpg 300w, https:\/\/etab.ac-reunion.fr\/clg-guy-moquet\/wp-content\/uploads\/sites\/63\/2024\/12\/470051881_562746993285198_663726322030699019_n-1-edited-768x576.jpg 768w, https:\/\/etab.ac-reunion.fr\/clg-guy-moquet\/wp-content\/uploads\/sites\/63\/2024\/12\/470051881_562746993285198_663726322030699019_n-1-edited-150x113.jpg 150w\" sizes=\"auto, (max-width: 828px) 100vw, 828px\" \/><figcaption class=\"wp-element-caption\">Yassin et Karim&#8230; trop contents !!!!<\/figcaption><\/figure>\n<\/figure>\n<\/div><\/div>\n\n\n\n<p><\/p>\n","protected":false},"excerpt":{"rendered":"<p>Pour leur premi\u00e8re sortie, les \u00e9l\u00e8ves de l&rsquo;AS sant\u00e9 ont d\u00e9couvert le trampoline park de St Denis ! Un vrai bonheur pour eux de \u00ab\u00a0jumper\u00a0\u00bb sur les nombreux trampolines du site : trampoline olympique, \u00ab\u00a0basket jump\u00a0\u00bb , tyrolienne, parcours du combattant, tumbling et j&rsquo;en passe. Un moment de plaisir et&#8230;<\/p>\n<p> <a class=\"continue-reading-link\" href=\"https:\/\/etab.ac-reunion.fr\/clg-guy-moquet\/2024\/12\/18\/1ere-sortie-de-las-sante-joyeuses-fetes\/\"><span>Lire la suite<\/span><i class=\"crycon-right-dir\"><\/i><\/a> <\/p>\n","protected":false},"author":35770,"featured_media":5339,"comment_status":"closed","ping_status":"open","sticky":false,"template":"","format":"standard","meta":{"footnotes":""},"categories":[12],"tags":[],"class_list":["post-5334","post","type-post","status-publish","format-standard","has-post-thumbnail","hentry","category-eps"],"_links":{"self":[{"href":"https:\/\/etab.ac-reunion.fr\/clg-guy-moquet\/wp-json\/wp\/v2\/posts\/5334","targetHints":{"allow":["GET"]}}],"collection":[{"href":"https:\/\/etab.ac-reunion.fr\/clg-guy-moquet\/wp-json\/wp\/v2\/posts"}],"about":[{"href":"https:\/\/etab.ac-reunion.fr\/clg-guy-moquet\/wp-json\/wp\/v2\/types\/post"}],"author":[{"embeddable":true,"href":"https:\/\/etab.ac-reunion.fr\/clg-guy-moquet\/wp-json\/wp\/v2\/users\/35770"}],"replies":[{"embeddable":true,"href":"https:\/\/etab.ac-reunion.fr\/clg-guy-moquet\/wp-json\/wp\/v2\/comments?post=5334"}],"version-history":[{"count":2,"href":"https:\/\/etab.ac-reunion.fr\/clg-guy-moquet\/wp-json\/wp\/v2\/posts\/5334\/revisions"}],"predecessor-version":[{"id":5342,"href":"https:\/\/etab.ac-reunion.fr\/clg-guy-moquet\/wp-json\/wp\/v2\/posts\/5334\/revisions\/5342"}],"wp:featuredmedia":[{"embeddable":true,"href":"https:\/\/etab.ac-reunion.fr\/clg-guy-moquet\/wp-json\/wp\/v2\/media\/5339"}],"wp:attachment":[{"href":"https:\/\/etab.ac-reunion.fr\/clg-guy-moquet\/wp-json\/wp\/v2\/media?parent=5334"}],"wp:term":[{"taxonomy":"category","embeddable":true,"href":"https:\/\/etab.ac-reunion.fr\/clg-guy-moquet\/wp-json\/wp\/v2\/categories?post=5334"},{"taxonomy":"post_tag","embeddable":true,"href":"https:\/\/etab.ac-reunion.fr\/clg-guy-moquet\/wp-json\/wp\/v2\/tags?post=5334"}],"curies":[{"name":"wp","href":"https:\/\/api.w.org\/{rel}","templated":true}]}}