{"id":5677,"date":"2025-02-18T11:25:33","date_gmt":"2025-02-18T07:25:33","guid":{"rendered":"https:\/\/etab.ac-reunion.fr\/clg-guy-moquet\/?p=5677"},"modified":"2025-02-20T08:14:33","modified_gmt":"2025-02-20T04:14:33","slug":"sortie-sur-le-terrain-pour-les-eco-delegues","status":"publish","type":"post","link":"https:\/\/etab.ac-reunion.fr\/clg-guy-moquet\/2025\/02\/18\/sortie-sur-le-terrain-pour-les-eco-delegues\/","title":{"rendered":"Sortie sur le terrain pour les \u00e9co-d\u00e9l\u00e9gu\u00e9s"},"content":{"rendered":"\n<p>Afin de participer au projet Plastique \u00e0 la Loupe de la Fondation TARA Oc\u00e9an, les \u00e9co-d\u00e9l\u00e9gu\u00e9s du coll\u00e8ge se sont rendus le lundi 17 f\u00e9vrier 2025 \u00e0 Piton Sainte Rose sur la plage de coul\u00e9e 77. Apr\u00e8s avoir d\u00e9limit\u00e9 leur site d&rsquo;\u00e9tude de 10m de long, ils ont pr\u00e9lev\u00e9 sur le site les d\u00e9chets plastiques (macro-, m\u00e9so- et microd\u00e9chets) en suivant un protocole pr\u00e9cis. Ils ont ensuite poursuivi leur travail de recherche et d&rsquo;\u00e9tude au coll\u00e8ge afin d&rsquo;envoyer leurs pr\u00e9l\u00e8vements. Ils int\u00e8grent ainsi ce projet de sciences participatives et attendent les r\u00e9sultats de leur site d&rsquo;\u00e9tude.<\/p>\n\n\n\n<figure class=\"wp-block-image size-large\"><img loading=\"lazy\" decoding=\"async\" width=\"768\" height=\"1024\" src=\"https:\/\/etab.ac-reunion.fr\/clg-guy-moquet\/wp-content\/uploads\/sites\/63\/2025\/02\/480491302_616014301408152_4545359656271056643_n-768x1024.jpg\" alt=\"\" class=\"wp-image-5679\" srcset=\"https:\/\/etab.ac-reunion.fr\/clg-guy-moquet\/wp-content\/uploads\/sites\/63\/2025\/02\/480491302_616014301408152_4545359656271056643_n-768x1024.jpg 768w, https:\/\/etab.ac-reunion.fr\/clg-guy-moquet\/wp-content\/uploads\/sites\/63\/2025\/02\/480491302_616014301408152_4545359656271056643_n-225x300.jpg 225w, https:\/\/etab.ac-reunion.fr\/clg-guy-moquet\/wp-content\/uploads\/sites\/63\/2025\/02\/480491302_616014301408152_4545359656271056643_n-1152x1536.jpg 1152w, https:\/\/etab.ac-reunion.fr\/clg-guy-moquet\/wp-content\/uploads\/sites\/63\/2025\/02\/480491302_616014301408152_4545359656271056643_n-113x150.jpg 113w, https:\/\/etab.ac-reunion.fr\/clg-guy-moquet\/wp-content\/uploads\/sites\/63\/2025\/02\/480491302_616014301408152_4545359656271056643_n-435x580.jpg 435w, https:\/\/etab.ac-reunion.fr\/clg-guy-moquet\/wp-content\/uploads\/sites\/63\/2025\/02\/480491302_616014301408152_4545359656271056643_n.jpg 1536w\" sizes=\"auto, (max-width: 768px) 100vw, 768px\" \/><\/figure>\n","protected":false},"excerpt":{"rendered":"<p>Afin de participer au projet Plastique \u00e0 la Loupe de la Fondation TARA Oc\u00e9an, les \u00e9co-d\u00e9l\u00e9gu\u00e9s du coll\u00e8ge se sont rendus le lundi 17 f\u00e9vrier 2025 \u00e0 Piton Sainte Rose sur la plage de coul\u00e9e 77. Apr\u00e8s avoir d\u00e9limit\u00e9 leur site d&rsquo;\u00e9tude de 10m de long, ils ont pr\u00e9lev\u00e9 sur&#8230;<\/p>\n<p> <a class=\"continue-reading-link\" href=\"https:\/\/etab.ac-reunion.fr\/clg-guy-moquet\/2025\/02\/18\/sortie-sur-le-terrain-pour-les-eco-delegues\/\"><span>Lire la suite<\/span><i class=\"crycon-right-dir\"><\/i><\/a> <\/p>\n","protected":false},"author":17195,"featured_media":5678,"comment_status":"closed","ping_status":"open","sticky":false,"template":"","format":"standard","meta":{"footnotes":""},"categories":[28,41],"tags":[],"class_list":["post-5677","post","type-post","status-publish","format-standard","has-post-thumbnail","hentry","category-parcours-avenir","category-parcours-citoyen"],"_links":{"self":[{"href":"https:\/\/etab.ac-reunion.fr\/clg-guy-moquet\/wp-json\/wp\/v2\/posts\/5677","targetHints":{"allow":["GET"]}}],"collection":[{"href":"https:\/\/etab.ac-reunion.fr\/clg-guy-moquet\/wp-json\/wp\/v2\/posts"}],"about":[{"href":"https:\/\/etab.ac-reunion.fr\/clg-guy-moquet\/wp-json\/wp\/v2\/types\/post"}],"author":[{"embeddable":true,"href":"https:\/\/etab.ac-reunion.fr\/clg-guy-moquet\/wp-json\/wp\/v2\/users\/17195"}],"replies":[{"embeddable":true,"href":"https:\/\/etab.ac-reunion.fr\/clg-guy-moquet\/wp-json\/wp\/v2\/comments?post=5677"}],"version-history":[{"count":1,"href":"https:\/\/etab.ac-reunion.fr\/clg-guy-moquet\/wp-json\/wp\/v2\/posts\/5677\/revisions"}],"predecessor-version":[{"id":5680,"href":"https:\/\/etab.ac-reunion.fr\/clg-guy-moquet\/wp-json\/wp\/v2\/posts\/5677\/revisions\/5680"}],"wp:featuredmedia":[{"embeddable":true,"href":"https:\/\/etab.ac-reunion.fr\/clg-guy-moquet\/wp-json\/wp\/v2\/media\/5678"}],"wp:attachment":[{"href":"https:\/\/etab.ac-reunion.fr\/clg-guy-moquet\/wp-json\/wp\/v2\/media?parent=5677"}],"wp:term":[{"taxonomy":"category","embeddable":true,"href":"https:\/\/etab.ac-reunion.fr\/clg-guy-moquet\/wp-json\/wp\/v2\/categories?post=5677"},{"taxonomy":"post_tag","embeddable":true,"href":"https:\/\/etab.ac-reunion.fr\/clg-guy-moquet\/wp-json\/wp\/v2\/tags?post=5677"}],"curies":[{"name":"wp","href":"https:\/\/api.w.org\/{rel}","templated":true}]}}