{"id":5918,"date":"2025-04-23T11:46:43","date_gmt":"2025-04-23T07:46:43","guid":{"rendered":"https:\/\/etab.ac-reunion.fr\/clg-guy-moquet\/?p=5918"},"modified":"2025-04-24T10:37:21","modified_gmt":"2025-04-24T06:37:21","slug":"la-classe-defense-a-la-ceremonie-du-11-novembre-2024-a-saint-benoit","status":"publish","type":"post","link":"https:\/\/etab.ac-reunion.fr\/clg-guy-moquet\/2025\/04\/23\/la-classe-defense-a-la-ceremonie-du-11-novembre-2024-a-saint-benoit\/","title":{"rendered":"La classe d\u00e9fense \u00e0 la c\u00e9r\u00e9monie du 11 novembre 2024 \u00e0 Saint-Beno\u00eet."},"content":{"rendered":"\n<p><\/p>\n\n\n<p>Les \u00e9l\u00e8ves de la 4\u00e8me C, classe de D\u00e9fense, se sont lev\u00e9s de bon matin pour participer \u00e0 la c\u00e9r\u00e9monie officielle du 11 novembre qui avait lieu \u00e0 Saint-Beno\u00eet. Les \u00e9l\u00e8ves ont sorti leurs plus belles tenues pour comm\u00e9morer cette date importante pour la France.<\/p>\n<p>En effet, ils ont \u00e9tudi\u00e9 en classe D\u00e9fense l\u2019importance de ce jour de comm\u00e9moration. Ainsi, la loi du 24 octobre 1922 fait du 11 novembre la \u00ab journ\u00e9e nationale pour la comm\u00e9moration de la Victoire et de la paix \u00bb, avant la cr\u00e9ation, en<br \/>1923 et \u00e0 l\u2019initiative du ministre de la guerre, Andr\u00e9 Maginot, la Flamme du souvenir qui br\u00fble en permanence pour honorer ceux qui sont tomb\u00e9s au front. La loi du 28 f\u00e9vrier 2012 \u00e9tend l\u2019hommage \u00e0 tous les \u00ab morts pour la France \u00bb des conflits pass\u00e9s et pr\u00e9sents. Elles permettent de reconna\u00eetre leur courage et de t\u00e9moigner de la reconnaissance du pays.<br \/>Les \u00e9l\u00e8ves de la classe D\u00e9fense ont donc assist\u00e9 \u00e0 cette c\u00e9r\u00e9monie officielle et ont compris l\u2019importance du devoir de m\u00e9moire.<\/p>\n\n\n<p><\/p>\n\n\n\n<figure class=\"wp-block-gallery has-nested-images columns-default is-cropped wp-block-gallery-1 is-layout-flex wp-block-gallery-is-layout-flex\">\n<figure class=\"wp-block-image size-full\"><img loading=\"lazy\" decoding=\"async\" width=\"906\" height=\"657\" data-id=\"5921\" src=\"https:\/\/etab.ac-reunion.fr\/clg-guy-moquet\/wp-content\/uploads\/sites\/63\/2025\/04\/classe-defense_armistice.jpg\" alt=\"\" class=\"wp-image-5921\" srcset=\"https:\/\/etab.ac-reunion.fr\/clg-guy-moquet\/wp-content\/uploads\/sites\/63\/2025\/04\/classe-defense_armistice.jpg 906w, https:\/\/etab.ac-reunion.fr\/clg-guy-moquet\/wp-content\/uploads\/sites\/63\/2025\/04\/classe-defense_armistice-300x218.jpg 300w, https:\/\/etab.ac-reunion.fr\/clg-guy-moquet\/wp-content\/uploads\/sites\/63\/2025\/04\/classe-defense_armistice-768x557.jpg 768w, https:\/\/etab.ac-reunion.fr\/clg-guy-moquet\/wp-content\/uploads\/sites\/63\/2025\/04\/classe-defense_armistice-150x109.jpg 150w, https:\/\/etab.ac-reunion.fr\/clg-guy-moquet\/wp-content\/uploads\/sites\/63\/2025\/04\/classe-defense_armistice-800x580.jpg 800w\" sizes=\"auto, (max-width: 906px) 100vw, 906px\" \/><\/figure>\n\n\n\n<figure class=\"wp-block-image size-full\"><img loading=\"lazy\" decoding=\"async\" width=\"1106\" height=\"672\" data-id=\"5925\" src=\"https:\/\/etab.ac-reunion.fr\/clg-guy-moquet\/wp-content\/uploads\/sites\/63\/2025\/04\/classe-defense_armistice2.jpg\" alt=\"\" class=\"wp-image-5925\" srcset=\"https:\/\/etab.ac-reunion.fr\/clg-guy-moquet\/wp-content\/uploads\/sites\/63\/2025\/04\/classe-defense_armistice2.jpg 1106w, https:\/\/etab.ac-reunion.fr\/clg-guy-moquet\/wp-content\/uploads\/sites\/63\/2025\/04\/classe-defense_armistice2-300x182.jpg 300w, https:\/\/etab.ac-reunion.fr\/clg-guy-moquet\/wp-content\/uploads\/sites\/63\/2025\/04\/classe-defense_armistice2-1024x622.jpg 1024w, https:\/\/etab.ac-reunion.fr\/clg-guy-moquet\/wp-content\/uploads\/sites\/63\/2025\/04\/classe-defense_armistice2-768x467.jpg 768w, https:\/\/etab.ac-reunion.fr\/clg-guy-moquet\/wp-content\/uploads\/sites\/63\/2025\/04\/classe-defense_armistice2-150x91.jpg 150w, https:\/\/etab.ac-reunion.fr\/clg-guy-moquet\/wp-content\/uploads\/sites\/63\/2025\/04\/classe-defense_armistice2-900x547.jpg 900w\" sizes=\"auto, (max-width: 1106px) 100vw, 1106px\" \/><\/figure>\n<\/figure>\n\n\n\n<p><\/p>\n","protected":false},"excerpt":{"rendered":"<p>Les \u00e9l\u00e8ves de la 4\u00e8me C, classe de D\u00e9fense, se sont lev\u00e9s de bon matin pour participer \u00e0 la c\u00e9r\u00e9monie officielle du 11 novembre qui avait lieu \u00e0 Saint-Beno\u00eet. Les \u00e9l\u00e8ves ont sorti leurs plus belles tenues pour comm\u00e9morer cette date importante pour la France. En effet, ils ont \u00e9tudi\u00e9&#8230;<\/p>\n<p> <a class=\"continue-reading-link\" href=\"https:\/\/etab.ac-reunion.fr\/clg-guy-moquet\/2025\/04\/23\/la-classe-defense-a-la-ceremonie-du-11-novembre-2024-a-saint-benoit\/\"><span>Lire la suite<\/span><i class=\"crycon-right-dir\"><\/i><\/a> <\/p>\n","protected":false},"author":16626,"featured_media":5921,"comment_status":"closed","ping_status":"open","sticky":false,"template":"","format":"standard","meta":{"footnotes":""},"categories":[68,41],"tags":[67,72,69],"class_list":["post-5918","post","type-post","status-publish","format-standard","has-post-thumbnail","hentry","category-la-classe-defense","category-parcours-citoyen","tag-avenir","tag-citoyen","tag-defense"],"_links":{"self":[{"href":"https:\/\/etab.ac-reunion.fr\/clg-guy-moquet\/wp-json\/wp\/v2\/posts\/5918","targetHints":{"allow":["GET"]}}],"collection":[{"href":"https:\/\/etab.ac-reunion.fr\/clg-guy-moquet\/wp-json\/wp\/v2\/posts"}],"about":[{"href":"https:\/\/etab.ac-reunion.fr\/clg-guy-moquet\/wp-json\/wp\/v2\/types\/post"}],"author":[{"embeddable":true,"href":"https:\/\/etab.ac-reunion.fr\/clg-guy-moquet\/wp-json\/wp\/v2\/users\/16626"}],"replies":[{"embeddable":true,"href":"https:\/\/etab.ac-reunion.fr\/clg-guy-moquet\/wp-json\/wp\/v2\/comments?post=5918"}],"version-history":[{"count":4,"href":"https:\/\/etab.ac-reunion.fr\/clg-guy-moquet\/wp-json\/wp\/v2\/posts\/5918\/revisions"}],"predecessor-version":[{"id":5931,"href":"https:\/\/etab.ac-reunion.fr\/clg-guy-moquet\/wp-json\/wp\/v2\/posts\/5918\/revisions\/5931"}],"wp:featuredmedia":[{"embeddable":true,"href":"https:\/\/etab.ac-reunion.fr\/clg-guy-moquet\/wp-json\/wp\/v2\/media\/5921"}],"wp:attachment":[{"href":"https:\/\/etab.ac-reunion.fr\/clg-guy-moquet\/wp-json\/wp\/v2\/media?parent=5918"}],"wp:term":[{"taxonomy":"category","embeddable":true,"href":"https:\/\/etab.ac-reunion.fr\/clg-guy-moquet\/wp-json\/wp\/v2\/categories?post=5918"},{"taxonomy":"post_tag","embeddable":true,"href":"https:\/\/etab.ac-reunion.fr\/clg-guy-moquet\/wp-json\/wp\/v2\/tags?post=5918"}],"curies":[{"name":"wp","href":"https:\/\/api.w.org\/{rel}","templated":true}]}}