{"id":5980,"date":"2025-05-12T17:00:56","date_gmt":"2025-05-12T13:00:56","guid":{"rendered":"https:\/\/etab.ac-reunion.fr\/clg-guy-moquet\/?p=5980"},"modified":"2025-05-17T19:08:48","modified_gmt":"2025-05-17T15:08:48","slug":"la-participation-des-classes-de-6eme-au-trophee-atlas","status":"publish","type":"post","link":"https:\/\/etab.ac-reunion.fr\/clg-guy-moquet\/2025\/05\/12\/la-participation-des-classes-de-6eme-au-trophee-atlas\/","title":{"rendered":"La participation des classes de 6\u00e8me au Troph\u00e9e Atlas"},"content":{"rendered":"\n<p>Cette ann\u00e9e encore, les \u00e9l\u00e8ves des classes de 6\u00e8me du coll\u00e8ge Guy M\u00f4quet ont pu participer au Troph\u00e9e Atlas, organis\u00e9 par les enseignants d&rsquo;Histoire-G\u00e9ographie.  Les \u00e9l\u00e8ves ont dans un premier temps r\u00e9pondu \u00e0 un questionnaire portant sur le programme d&rsquo;Histoire-G\u00e9ographie et d&rsquo;EMC de 6\u00e8me, mais il y avait aussi des questions de culture g\u00e9n\u00e9rale. La remise des prix a eu lieu le 22 avril au r\u00e9fectoire. <\/p>\n\n\n\n<figure class=\"wp-block-image size-large\"><img loading=\"lazy\" decoding=\"async\" width=\"1024\" height=\"269\" src=\"https:\/\/etab.ac-reunion.fr\/clg-guy-moquet\/wp-content\/uploads\/sites\/63\/2025\/05\/PHOTO-2025-05-05-09-48-13-1024x269.jpg\" alt=\"\" class=\"wp-image-5981\" srcset=\"https:\/\/etab.ac-reunion.fr\/clg-guy-moquet\/wp-content\/uploads\/sites\/63\/2025\/05\/PHOTO-2025-05-05-09-48-13-1024x269.jpg 1024w, https:\/\/etab.ac-reunion.fr\/clg-guy-moquet\/wp-content\/uploads\/sites\/63\/2025\/05\/PHOTO-2025-05-05-09-48-13-300x79.jpg 300w, https:\/\/etab.ac-reunion.fr\/clg-guy-moquet\/wp-content\/uploads\/sites\/63\/2025\/05\/PHOTO-2025-05-05-09-48-13-768x202.jpg 768w, https:\/\/etab.ac-reunion.fr\/clg-guy-moquet\/wp-content\/uploads\/sites\/63\/2025\/05\/PHOTO-2025-05-05-09-48-13-1536x404.jpg 1536w, https:\/\/etab.ac-reunion.fr\/clg-guy-moquet\/wp-content\/uploads\/sites\/63\/2025\/05\/PHOTO-2025-05-05-09-48-13-150x39.jpg 150w, https:\/\/etab.ac-reunion.fr\/clg-guy-moquet\/wp-content\/uploads\/sites\/63\/2025\/05\/PHOTO-2025-05-05-09-48-13-900x237.jpg 900w, https:\/\/etab.ac-reunion.fr\/clg-guy-moquet\/wp-content\/uploads\/sites\/63\/2025\/05\/PHOTO-2025-05-05-09-48-13.jpg 1600w\" sizes=\"auto, (max-width: 1024px) 100vw, 1024px\" \/><\/figure>\n\n\n\n<p>Les meilleurs \u00e9l\u00e8ves de chaque classe ont obtenu les r\u00e9sultats suivants :<\/p>\n\n\n\n<p>6e A :\u00a0Boinaldi Louqmane\u00a0(77\/80)<\/p>\n\n\n\n<p>6e B :&nbsp;Abdou Loucia&nbsp;(69\/80)<\/p>\n\n\n\n<p>6e C :&nbsp;Payet Gaaren&nbsp;(61,5\/80)<\/p>\n\n\n\n<p>6e D :&nbsp;In\u00e8s Loriannah&nbsp;(65\/80)<\/p>\n\n\n\n<p>6e E :&nbsp;Robert Maya&nbsp;(67\/80)<\/p>\n\n\n\n<p>6e F :&nbsp;Lasson Kiyan&nbsp;(75\/80)<\/p>\n\n\n\n<p>6e G :&nbsp;Lebrouc Mathis (78\/80)<\/p>\n\n\n\n<p>6e\u00a0H :\u00a0Lauret Marie-C\u00e9cile\u00a0(76\/80)<\/p>\n\n\n\n<p>La meilleure classe cette ann\u00e9e est la 6\u00e8me F qui a obtenu une moyenne g\u00e9n\u00e9rale de 48,6\/80 !<\/p>\n\n\n\n<figure class=\"wp-block-image size-large\"><img loading=\"lazy\" decoding=\"async\" width=\"1024\" height=\"358\" src=\"https:\/\/etab.ac-reunion.fr\/clg-guy-moquet\/wp-content\/uploads\/sites\/63\/2025\/05\/PHOTO-2025-05-05-09-48-14-1024x358.jpg\" alt=\"\" class=\"wp-image-5982\" srcset=\"https:\/\/etab.ac-reunion.fr\/clg-guy-moquet\/wp-content\/uploads\/sites\/63\/2025\/05\/PHOTO-2025-05-05-09-48-14-1024x358.jpg 1024w, https:\/\/etab.ac-reunion.fr\/clg-guy-moquet\/wp-content\/uploads\/sites\/63\/2025\/05\/PHOTO-2025-05-05-09-48-14-300x105.jpg 300w, https:\/\/etab.ac-reunion.fr\/clg-guy-moquet\/wp-content\/uploads\/sites\/63\/2025\/05\/PHOTO-2025-05-05-09-48-14-768x269.jpg 768w, https:\/\/etab.ac-reunion.fr\/clg-guy-moquet\/wp-content\/uploads\/sites\/63\/2025\/05\/PHOTO-2025-05-05-09-48-14-1536x538.jpg 1536w, https:\/\/etab.ac-reunion.fr\/clg-guy-moquet\/wp-content\/uploads\/sites\/63\/2025\/05\/PHOTO-2025-05-05-09-48-14-150x53.jpg 150w, https:\/\/etab.ac-reunion.fr\/clg-guy-moquet\/wp-content\/uploads\/sites\/63\/2025\/05\/PHOTO-2025-05-05-09-48-14-900x315.jpg 900w, https:\/\/etab.ac-reunion.fr\/clg-guy-moquet\/wp-content\/uploads\/sites\/63\/2025\/05\/PHOTO-2025-05-05-09-48-14.jpg 1600w\" sizes=\"auto, (max-width: 1024px) 100vw, 1024px\" \/><\/figure>\n\n\n\n<p>La finale a eu lieu le vendredi 24 mai, l&rsquo;occasion pour les \u00e9l\u00e8ves de 6\u00e8me de s&rsquo;affronter en \u00e9quipes le matin. L\u00e0 encore, ils ont r\u00e9pondu \u00e0 des questions portant sur le programme de 6\u00e8me d&rsquo;Histoire-G\u00e9ographie et EMC.  C&rsquo;est l&rsquo;\u00e9quipe des Historiens qui a remport\u00e9 la finale. Tous les finalistes se sont ensuite rendus \u00e0 la Rivi\u00e8re des Roches pour un pique-nique convivial et une apr\u00e8s-midi kayak bien m\u00e9rit\u00e9e. <\/p>\n\n\n\n<figure class=\"wp-block-image size-large\"><img loading=\"lazy\" decoding=\"async\" width=\"1024\" height=\"768\" src=\"https:\/\/etab.ac-reunion.fr\/clg-guy-moquet\/wp-content\/uploads\/sites\/63\/2025\/05\/IMG_0162-1024x768.jpg\" alt=\"\" class=\"wp-image-5983\" srcset=\"https:\/\/etab.ac-reunion.fr\/clg-guy-moquet\/wp-content\/uploads\/sites\/63\/2025\/05\/IMG_0162-1024x768.jpg 1024w, https:\/\/etab.ac-reunion.fr\/clg-guy-moquet\/wp-content\/uploads\/sites\/63\/2025\/05\/IMG_0162-300x225.jpg 300w, https:\/\/etab.ac-reunion.fr\/clg-guy-moquet\/wp-content\/uploads\/sites\/63\/2025\/05\/IMG_0162-768x576.jpg 768w, https:\/\/etab.ac-reunion.fr\/clg-guy-moquet\/wp-content\/uploads\/sites\/63\/2025\/05\/IMG_0162-1536x1152.jpg 1536w, https:\/\/etab.ac-reunion.fr\/clg-guy-moquet\/wp-content\/uploads\/sites\/63\/2025\/05\/IMG_0162-2048x1536.jpg 2048w, https:\/\/etab.ac-reunion.fr\/clg-guy-moquet\/wp-content\/uploads\/sites\/63\/2025\/05\/IMG_0162-150x113.jpg 150w, https:\/\/etab.ac-reunion.fr\/clg-guy-moquet\/wp-content\/uploads\/sites\/63\/2025\/05\/IMG_0162-773x580.jpg 773w\" sizes=\"auto, (max-width: 1024px) 100vw, 1024px\" \/><\/figure>\n","protected":false},"excerpt":{"rendered":"<p>Cette ann\u00e9e encore, les \u00e9l\u00e8ves des classes de 6\u00e8me du coll\u00e8ge Guy M\u00f4quet ont pu participer au Troph\u00e9e Atlas, organis\u00e9 par les enseignants d&rsquo;Histoire-G\u00e9ographie. Les \u00e9l\u00e8ves ont dans un premier temps r\u00e9pondu \u00e0 un questionnaire portant sur le programme d&rsquo;Histoire-G\u00e9ographie et d&rsquo;EMC de 6\u00e8me, mais il y avait aussi des&#8230;<\/p>\n<p> <a class=\"continue-reading-link\" href=\"https:\/\/etab.ac-reunion.fr\/clg-guy-moquet\/2025\/05\/12\/la-participation-des-classes-de-6eme-au-trophee-atlas\/\"><span>Lire la suite<\/span><i class=\"crycon-right-dir\"><\/i><\/a> <\/p>\n","protected":false},"author":38209,"featured_media":5981,"comment_status":"closed","ping_status":"open","sticky":false,"template":"","format":"standard","meta":{"footnotes":""},"categories":[88,26],"tags":[84,83],"class_list":["post-5980","post","type-post","status-publish","format-standard","has-post-thumbnail","hentry","category-histoire-geographique","category-parcours-deducation-artistique-et-culturel","tag-geographie","tag-histoire"],"_links":{"self":[{"href":"https:\/\/etab.ac-reunion.fr\/clg-guy-moquet\/wp-json\/wp\/v2\/posts\/5980","targetHints":{"allow":["GET"]}}],"collection":[{"href":"https:\/\/etab.ac-reunion.fr\/clg-guy-moquet\/wp-json\/wp\/v2\/posts"}],"about":[{"href":"https:\/\/etab.ac-reunion.fr\/clg-guy-moquet\/wp-json\/wp\/v2\/types\/post"}],"author":[{"embeddable":true,"href":"https:\/\/etab.ac-reunion.fr\/clg-guy-moquet\/wp-json\/wp\/v2\/users\/38209"}],"replies":[{"embeddable":true,"href":"https:\/\/etab.ac-reunion.fr\/clg-guy-moquet\/wp-json\/wp\/v2\/comments?post=5980"}],"version-history":[{"count":1,"href":"https:\/\/etab.ac-reunion.fr\/clg-guy-moquet\/wp-json\/wp\/v2\/posts\/5980\/revisions"}],"predecessor-version":[{"id":5984,"href":"https:\/\/etab.ac-reunion.fr\/clg-guy-moquet\/wp-json\/wp\/v2\/posts\/5980\/revisions\/5984"}],"wp:featuredmedia":[{"embeddable":true,"href":"https:\/\/etab.ac-reunion.fr\/clg-guy-moquet\/wp-json\/wp\/v2\/media\/5981"}],"wp:attachment":[{"href":"https:\/\/etab.ac-reunion.fr\/clg-guy-moquet\/wp-json\/wp\/v2\/media?parent=5980"}],"wp:term":[{"taxonomy":"category","embeddable":true,"href":"https:\/\/etab.ac-reunion.fr\/clg-guy-moquet\/wp-json\/wp\/v2\/categories?post=5980"},{"taxonomy":"post_tag","embeddable":true,"href":"https:\/\/etab.ac-reunion.fr\/clg-guy-moquet\/wp-json\/wp\/v2\/tags?post=5980"}],"curies":[{"name":"wp","href":"https:\/\/api.w.org\/{rel}","templated":true}]}}