{"id":5985,"date":"2025-05-12T17:58:32","date_gmt":"2025-05-12T13:58:32","guid":{"rendered":"https:\/\/etab.ac-reunion.fr\/clg-guy-moquet\/?p=5985"},"modified":"2025-05-17T18:43:35","modified_gmt":"2025-05-17T14:43:35","slug":"la-classe-defense-au-rallye-citoyen","status":"publish","type":"post","link":"https:\/\/etab.ac-reunion.fr\/clg-guy-moquet\/2025\/05\/12\/la-classe-defense-au-rallye-citoyen\/","title":{"rendered":"La classe D\u00e9fense au rallye citoyen"},"content":{"rendered":"\n<p class=\"has-text-align-left\">Le jeudi 17 avril 2025, dix \u00e9l\u00e8ves de la 4\u00e8me C, classe de D\u00e9fense et de s\u00e9curit\u00e9 globale, ont particip\u00e9 au rallye citoyen. Cette ann\u00e9e, cet \u00e9v\u00e9nement a r\u00e9uni de nombreux coll\u00e9giens et lyc\u00e9ens venus d\u00e9couvrir ce que signifie \u00eatre citoyen aujourd\u2019hui. L&rsquo;\u00e9v\u00e9nement avait lieu \u00e0 la base a\u00e9rienne de Sainte-Marie (base a\u00e9rienne 181). L&rsquo;objectif \u00e9tait de montrer son engagement mais aussi de se d\u00e9passer en \u00e9quipe. Les \u00e9l\u00e8ves ont aussi pu apprendre en s\u2019amusant et  rencontrer celles et ceux qui font vivre les valeurs de la R\u00e9publique. <\/p>\n\n\n<div class=\"wp-block-image\">\n<figure class=\"aligncenter size-large is-resized\"><img loading=\"lazy\" decoding=\"async\" width=\"577\" height=\"1024\" src=\"https:\/\/etab.ac-reunion.fr\/clg-guy-moquet\/wp-content\/uploads\/sites\/63\/2025\/05\/7cd6a1ea-fc02-4f29-8807-bd9bb778e182-577x1024.jpg\" alt=\"\" class=\"wp-image-5987\" style=\"width:364px;height:auto\" srcset=\"https:\/\/etab.ac-reunion.fr\/clg-guy-moquet\/wp-content\/uploads\/sites\/63\/2025\/05\/7cd6a1ea-fc02-4f29-8807-bd9bb778e182-577x1024.jpg 577w, https:\/\/etab.ac-reunion.fr\/clg-guy-moquet\/wp-content\/uploads\/sites\/63\/2025\/05\/7cd6a1ea-fc02-4f29-8807-bd9bb778e182-169x300.jpg 169w, https:\/\/etab.ac-reunion.fr\/clg-guy-moquet\/wp-content\/uploads\/sites\/63\/2025\/05\/7cd6a1ea-fc02-4f29-8807-bd9bb778e182-768x1364.jpg 768w, https:\/\/etab.ac-reunion.fr\/clg-guy-moquet\/wp-content\/uploads\/sites\/63\/2025\/05\/7cd6a1ea-fc02-4f29-8807-bd9bb778e182-865x1536.jpg 865w, https:\/\/etab.ac-reunion.fr\/clg-guy-moquet\/wp-content\/uploads\/sites\/63\/2025\/05\/7cd6a1ea-fc02-4f29-8807-bd9bb778e182-1153x2048.jpg 1153w, https:\/\/etab.ac-reunion.fr\/clg-guy-moquet\/wp-content\/uploads\/sites\/63\/2025\/05\/7cd6a1ea-fc02-4f29-8807-bd9bb778e182-84x150.jpg 84w, https:\/\/etab.ac-reunion.fr\/clg-guy-moquet\/wp-content\/uploads\/sites\/63\/2025\/05\/7cd6a1ea-fc02-4f29-8807-bd9bb778e182-327x580.jpg 327w, https:\/\/etab.ac-reunion.fr\/clg-guy-moquet\/wp-content\/uploads\/sites\/63\/2025\/05\/7cd6a1ea-fc02-4f29-8807-bd9bb778e182-scaled.jpg 1441w\" sizes=\"auto, (max-width: 577px) 100vw, 577px\" \/><\/figure>\n<\/div>\n\n\n<p>Apr\u00e8s avoir r\u00e9cup\u00e9r\u00e9 leur tenue (tee-shirt officiel du rallye citoyen) et leur couleur (l&rsquo;\u00e9quipe a re\u00e7u la couleur bleue marine), les \u00e9l\u00e8ves ont d\u00e9marr\u00e9 la journ\u00e9e par un atelier cross fit, au programme : burpees, chaise, et jumping jack, de quoi les r\u00e9veiller !<\/p>\n\n\n<div class=\"wp-block-image\">\n<figure class=\"aligncenter size-large\"><img loading=\"lazy\" decoding=\"async\" width=\"577\" height=\"1024\" src=\"https:\/\/etab.ac-reunion.fr\/clg-guy-moquet\/wp-content\/uploads\/sites\/63\/2025\/05\/661e2c82-1a6d-464a-bc93-fe113e57dcc3-577x1024.jpg\" alt=\"\" class=\"wp-image-5988\" srcset=\"https:\/\/etab.ac-reunion.fr\/clg-guy-moquet\/wp-content\/uploads\/sites\/63\/2025\/05\/661e2c82-1a6d-464a-bc93-fe113e57dcc3-577x1024.jpg 577w, https:\/\/etab.ac-reunion.fr\/clg-guy-moquet\/wp-content\/uploads\/sites\/63\/2025\/05\/661e2c82-1a6d-464a-bc93-fe113e57dcc3-169x300.jpg 169w, https:\/\/etab.ac-reunion.fr\/clg-guy-moquet\/wp-content\/uploads\/sites\/63\/2025\/05\/661e2c82-1a6d-464a-bc93-fe113e57dcc3-768x1364.jpg 768w, https:\/\/etab.ac-reunion.fr\/clg-guy-moquet\/wp-content\/uploads\/sites\/63\/2025\/05\/661e2c82-1a6d-464a-bc93-fe113e57dcc3-865x1536.jpg 865w, https:\/\/etab.ac-reunion.fr\/clg-guy-moquet\/wp-content\/uploads\/sites\/63\/2025\/05\/661e2c82-1a6d-464a-bc93-fe113e57dcc3-1153x2048.jpg 1153w, https:\/\/etab.ac-reunion.fr\/clg-guy-moquet\/wp-content\/uploads\/sites\/63\/2025\/05\/661e2c82-1a6d-464a-bc93-fe113e57dcc3-84x150.jpg 84w, https:\/\/etab.ac-reunion.fr\/clg-guy-moquet\/wp-content\/uploads\/sites\/63\/2025\/05\/661e2c82-1a6d-464a-bc93-fe113e57dcc3-327x580.jpg 327w, https:\/\/etab.ac-reunion.fr\/clg-guy-moquet\/wp-content\/uploads\/sites\/63\/2025\/05\/661e2c82-1a6d-464a-bc93-fe113e57dcc3-scaled.jpg 1441w\" sizes=\"auto, (max-width: 577px) 100vw, 577px\" \/><\/figure>\n<\/div>\n\n\n<p>Ils ont ensuite particip\u00e9 \u00e0 huit ateliers sur les th\u00e8mes suivants : la L\u00e9gion d\u2019honneur, la Gendarmerie nationale, les TAAF (terres australes et antarctiques fran\u00e7aises), la Marine nationale, l&rsquo;Arm\u00e9e de l&rsquo;air, les valeurs de la R\u00e9publique fran\u00e7aise, la cyber-d\u00e9fense&#8230;etc<\/p>\n\n\n<div class=\"wp-block-image\">\n<figure class=\"aligncenter size-large\"><img loading=\"lazy\" decoding=\"async\" width=\"1024\" height=\"577\" src=\"https:\/\/etab.ac-reunion.fr\/clg-guy-moquet\/wp-content\/uploads\/sites\/63\/2025\/05\/9da9c2cb-13f9-4f77-8c32-08d7ddaa8298-1024x577.jpg\" alt=\"\" class=\"wp-image-5989\" srcset=\"https:\/\/etab.ac-reunion.fr\/clg-guy-moquet\/wp-content\/uploads\/sites\/63\/2025\/05\/9da9c2cb-13f9-4f77-8c32-08d7ddaa8298-1024x577.jpg 1024w, https:\/\/etab.ac-reunion.fr\/clg-guy-moquet\/wp-content\/uploads\/sites\/63\/2025\/05\/9da9c2cb-13f9-4f77-8c32-08d7ddaa8298-300x169.jpg 300w, https:\/\/etab.ac-reunion.fr\/clg-guy-moquet\/wp-content\/uploads\/sites\/63\/2025\/05\/9da9c2cb-13f9-4f77-8c32-08d7ddaa8298-768x432.jpg 768w, https:\/\/etab.ac-reunion.fr\/clg-guy-moquet\/wp-content\/uploads\/sites\/63\/2025\/05\/9da9c2cb-13f9-4f77-8c32-08d7ddaa8298-1536x865.jpg 1536w, https:\/\/etab.ac-reunion.fr\/clg-guy-moquet\/wp-content\/uploads\/sites\/63\/2025\/05\/9da9c2cb-13f9-4f77-8c32-08d7ddaa8298-2048x1153.jpg 2048w, https:\/\/etab.ac-reunion.fr\/clg-guy-moquet\/wp-content\/uploads\/sites\/63\/2025\/05\/9da9c2cb-13f9-4f77-8c32-08d7ddaa8298-150x84.jpg 150w, https:\/\/etab.ac-reunion.fr\/clg-guy-moquet\/wp-content\/uploads\/sites\/63\/2025\/05\/9da9c2cb-13f9-4f77-8c32-08d7ddaa8298-900x507.jpg 900w\" sizes=\"auto, (max-width: 1024px) 100vw, 1024px\" \/><\/figure>\n<\/div>\n\n\n<p>Le d\u00e9jeuner a \u00e9t\u00e9 tr\u00e8s appr\u00e9ci\u00e9 par la classe, l&rsquo;occasion pour les \u00e9l\u00e8ves de faire r\u00e9chauffer une bonne ration militaire, qui f\u00fbt tr\u00e8s copieuse. <\/p>\n\n\n<div class=\"wp-block-image\">\n<figure class=\"aligncenter size-large\"><img loading=\"lazy\" decoding=\"async\" width=\"577\" height=\"1024\" src=\"https:\/\/etab.ac-reunion.fr\/clg-guy-moquet\/wp-content\/uploads\/sites\/63\/2025\/05\/5bc20023-5a73-4c05-adc3-1428b0de3cbd-577x1024.jpg\" alt=\"\" class=\"wp-image-5990\" srcset=\"https:\/\/etab.ac-reunion.fr\/clg-guy-moquet\/wp-content\/uploads\/sites\/63\/2025\/05\/5bc20023-5a73-4c05-adc3-1428b0de3cbd-577x1024.jpg 577w, https:\/\/etab.ac-reunion.fr\/clg-guy-moquet\/wp-content\/uploads\/sites\/63\/2025\/05\/5bc20023-5a73-4c05-adc3-1428b0de3cbd-169x300.jpg 169w, https:\/\/etab.ac-reunion.fr\/clg-guy-moquet\/wp-content\/uploads\/sites\/63\/2025\/05\/5bc20023-5a73-4c05-adc3-1428b0de3cbd-768x1364.jpg 768w, https:\/\/etab.ac-reunion.fr\/clg-guy-moquet\/wp-content\/uploads\/sites\/63\/2025\/05\/5bc20023-5a73-4c05-adc3-1428b0de3cbd-865x1536.jpg 865w, https:\/\/etab.ac-reunion.fr\/clg-guy-moquet\/wp-content\/uploads\/sites\/63\/2025\/05\/5bc20023-5a73-4c05-adc3-1428b0de3cbd-1153x2048.jpg 1153w, https:\/\/etab.ac-reunion.fr\/clg-guy-moquet\/wp-content\/uploads\/sites\/63\/2025\/05\/5bc20023-5a73-4c05-adc3-1428b0de3cbd-84x150.jpg 84w, https:\/\/etab.ac-reunion.fr\/clg-guy-moquet\/wp-content\/uploads\/sites\/63\/2025\/05\/5bc20023-5a73-4c05-adc3-1428b0de3cbd-327x580.jpg 327w, https:\/\/etab.ac-reunion.fr\/clg-guy-moquet\/wp-content\/uploads\/sites\/63\/2025\/05\/5bc20023-5a73-4c05-adc3-1428b0de3cbd-scaled.jpg 1441w\" sizes=\"auto, (max-width: 577px) 100vw, 577px\" \/><\/figure>\n<\/div>\n\n\n<p>Les \u00e9l\u00e8ves sont finalement arriv\u00e9s \u00e0 la 5\u00e8me position (sur 10) et ont brill\u00e9 en Histoire-G\u00e9ographie et EMC o\u00f9 ils ont obtenu l&rsquo;excellente note de 19\/20. Ils ont su montrer leur coh\u00e9sion tout au long de la journ\u00e9e ainsi que leur esprit de comp\u00e9tition. <\/p>\n\n\n\n<p>Pour une premi\u00e8re participation, la classe D\u00e9fense a donn\u00e9 une tr\u00e8s belle image du coll\u00e8ge Guy M\u00f4quet. En effet, en amont du rallye citoyen et pour obtenir des points suppl\u00e9mentaires, la classe D\u00e9fense, accompagn\u00e9e des \u00e9co-d\u00e9l\u00e9gu\u00e9s, a r\u00e9alis\u00e9 une vid\u00e9o sur leur projet, intitul\u00e9 \u00ab\u00a0ENGAGE A OU\u00a0\u00bb. La vid\u00e9o est disponible sur le lien suivant : <a href=\"https:\/\/podeduc.apps.education.fr\/trinome-academique-de-la-reunion\/rallye-citoyen-2025\/video\/87711-college-guy-moquet\/\">https:\/\/podeduc.apps.education.fr\/trinome-academique-de-la-reunion\/rallye-citoyen-2025\/video\/87711-college-guy-moquet\/<\/a> <\/p>\n\n\n<div class=\"wp-block-post-author\"><div class=\"wp-block-post-author__avatar\"><img alt='' src='https:\/\/secure.gravatar.com\/avatar\/b685857be58c4bfc73c449b2134b5ddb?s=48&#038;d=mm&#038;r=g' srcset='https:\/\/secure.gravatar.com\/avatar\/b685857be58c4bfc73c449b2134b5ddb?s=96&#038;d=mm&#038;r=g 2x' class='avatar avatar-48 photo' height='48' width='48' \/><\/div><div class=\"wp-block-post-author__content\"><p class=\"wp-block-post-author__name\">Elodie Hoarau<\/p><\/div><\/div>\n\n\n<p><\/p>\n\n\n\n<p><\/p>\n","protected":false},"excerpt":{"rendered":"<p>Le jeudi 17 avril 2025, dix \u00e9l\u00e8ves de la 4\u00e8me C, classe de D\u00e9fense et de s\u00e9curit\u00e9 globale, ont particip\u00e9 au rallye citoyen. Cette ann\u00e9e, cet \u00e9v\u00e9nement a r\u00e9uni de nombreux coll\u00e9giens et lyc\u00e9ens venus d\u00e9couvrir ce que signifie \u00eatre citoyen aujourd\u2019hui. L&rsquo;\u00e9v\u00e9nement avait lieu \u00e0 la base a\u00e9rienne de&#8230;<\/p>\n<p> <a class=\"continue-reading-link\" href=\"https:\/\/etab.ac-reunion.fr\/clg-guy-moquet\/2025\/05\/12\/la-classe-defense-au-rallye-citoyen\/\"><span>Lire la suite<\/span><i class=\"crycon-right-dir\"><\/i><\/a> <\/p>\n","protected":false},"author":38209,"featured_media":5986,"comment_status":"closed","ping_status":"open","sticky":false,"template":"","format":"standard","meta":{"footnotes":""},"categories":[68,41],"tags":[],"class_list":["post-5985","post","type-post","status-publish","format-standard","has-post-thumbnail","hentry","category-la-classe-defense","category-parcours-citoyen"],"_links":{"self":[{"href":"https:\/\/etab.ac-reunion.fr\/clg-guy-moquet\/wp-json\/wp\/v2\/posts\/5985","targetHints":{"allow":["GET"]}}],"collection":[{"href":"https:\/\/etab.ac-reunion.fr\/clg-guy-moquet\/wp-json\/wp\/v2\/posts"}],"about":[{"href":"https:\/\/etab.ac-reunion.fr\/clg-guy-moquet\/wp-json\/wp\/v2\/types\/post"}],"author":[{"embeddable":true,"href":"https:\/\/etab.ac-reunion.fr\/clg-guy-moquet\/wp-json\/wp\/v2\/users\/38209"}],"replies":[{"embeddable":true,"href":"https:\/\/etab.ac-reunion.fr\/clg-guy-moquet\/wp-json\/wp\/v2\/comments?post=5985"}],"version-history":[{"count":6,"href":"https:\/\/etab.ac-reunion.fr\/clg-guy-moquet\/wp-json\/wp\/v2\/posts\/5985\/revisions"}],"predecessor-version":[{"id":5996,"href":"https:\/\/etab.ac-reunion.fr\/clg-guy-moquet\/wp-json\/wp\/v2\/posts\/5985\/revisions\/5996"}],"wp:featuredmedia":[{"embeddable":true,"href":"https:\/\/etab.ac-reunion.fr\/clg-guy-moquet\/wp-json\/wp\/v2\/media\/5986"}],"wp:attachment":[{"href":"https:\/\/etab.ac-reunion.fr\/clg-guy-moquet\/wp-json\/wp\/v2\/media?parent=5985"}],"wp:term":[{"taxonomy":"category","embeddable":true,"href":"https:\/\/etab.ac-reunion.fr\/clg-guy-moquet\/wp-json\/wp\/v2\/categories?post=5985"},{"taxonomy":"post_tag","embeddable":true,"href":"https:\/\/etab.ac-reunion.fr\/clg-guy-moquet\/wp-json\/wp\/v2\/tags?post=5985"}],"curies":[{"name":"wp","href":"https:\/\/api.w.org\/{rel}","templated":true}]}}