{"id":6132,"date":"2025-05-30T12:23:02","date_gmt":"2025-05-30T08:23:02","guid":{"rendered":"https:\/\/etab.ac-reunion.fr\/clg-guy-moquet\/?p=6132"},"modified":"2025-06-18T16:02:23","modified_gmt":"2025-06-18T12:02:23","slug":"podcast-tag-ton-slam","status":"publish","type":"post","link":"https:\/\/etab.ac-reunion.fr\/clg-guy-moquet\/2025\/05\/30\/podcast-tag-ton-slam\/","title":{"rendered":"Podcast &#8211; Tag ton slam"},"content":{"rendered":"\n<p>Clap de fin pour le projet <strong>Tag ton Slam<\/strong>, le <em>projet de classe de la 4H.<\/em><\/p>\n\n\n\n<figure class=\"wp-block-image size-full\"><img loading=\"lazy\" decoding=\"async\" width=\"250\" height=\"250\" src=\"https:\/\/etab.ac-reunion.fr\/clg-guy-moquet\/wp-content\/uploads\/sites\/63\/2025\/05\/LOGO-TAG-TON-SLAM-edited.png\" alt=\"\" class=\"wp-image-6138\" srcset=\"https:\/\/etab.ac-reunion.fr\/clg-guy-moquet\/wp-content\/uploads\/sites\/63\/2025\/05\/LOGO-TAG-TON-SLAM-edited.png 250w, https:\/\/etab.ac-reunion.fr\/clg-guy-moquet\/wp-content\/uploads\/sites\/63\/2025\/05\/LOGO-TAG-TON-SLAM-edited-150x150.png 150w\" sizes=\"auto, (max-width: 250px) 100vw, 250px\" \/><\/figure>\n\n\n\n<p>Apr\u00e8s avoir travaill\u00e9 l&rsquo;\u00e9criture du slam, apr\u00e8s avoir sublim\u00e9 leurs textes par des graffitis et les avoir mis en sc\u00e8ne sur les murs du foyer, <strong>les \u00e9l\u00e8ves ont finalement r\u00e9alis\u00e9 un podcast afin de mettre en voix leur projet<\/strong>.<\/p>\n\n\n\n<p><a href=\"https:\/\/tube-arts-lettres-sciences-humaines.apps.education.fr\/w\/p\/vyyWmiy2fw5XYGm1vEkXeE\">Cliquez ici pour \u00e9couter.<\/a><\/p>\n\n\n\n<p>Pour rappel, la webradio du coll\u00e8ge, \u00ab\u00a0La Voix des Coll\u00e9giens\u00a0\u00bb, vous propose d\u00e9j\u00e0 <strong>4 podcasts \u00e0 \u00e9couter.<\/strong><\/p>\n\n\n\n<figure class=\"wp-block-image size-large\"><img loading=\"lazy\" decoding=\"async\" width=\"1024\" height=\"724\" src=\"https:\/\/etab.ac-reunion.fr\/clg-guy-moquet\/wp-content\/uploads\/sites\/63\/2025\/05\/PODCAST-poster-1024x724.jpg\" alt=\"\" class=\"wp-image-6136\" srcset=\"https:\/\/etab.ac-reunion.fr\/clg-guy-moquet\/wp-content\/uploads\/sites\/63\/2025\/05\/PODCAST-poster-1024x724.jpg 1024w, https:\/\/etab.ac-reunion.fr\/clg-guy-moquet\/wp-content\/uploads\/sites\/63\/2025\/05\/PODCAST-poster-300x212.jpg 300w, https:\/\/etab.ac-reunion.fr\/clg-guy-moquet\/wp-content\/uploads\/sites\/63\/2025\/05\/PODCAST-poster-768x543.jpg 768w, https:\/\/etab.ac-reunion.fr\/clg-guy-moquet\/wp-content\/uploads\/sites\/63\/2025\/05\/PODCAST-poster-1536x1086.jpg 1536w, https:\/\/etab.ac-reunion.fr\/clg-guy-moquet\/wp-content\/uploads\/sites\/63\/2025\/05\/PODCAST-poster-2048x1448.jpg 2048w, https:\/\/etab.ac-reunion.fr\/clg-guy-moquet\/wp-content\/uploads\/sites\/63\/2025\/05\/PODCAST-poster-150x106.jpg 150w, https:\/\/etab.ac-reunion.fr\/clg-guy-moquet\/wp-content\/uploads\/sites\/63\/2025\/05\/PODCAST-poster-820x580.jpg 820w\" sizes=\"auto, (max-width: 1024px) 100vw, 1024px\" \/><\/figure>\n\n\n\n<p><\/p>\n","protected":false},"excerpt":{"rendered":"<p>Clap de fin pour le projet Tag ton Slam, le projet de classe de la 4H. Apr\u00e8s avoir travaill\u00e9 l&rsquo;\u00e9criture du slam, apr\u00e8s avoir sublim\u00e9 leurs textes par des graffitis et les avoir mis en sc\u00e8ne sur les murs du foyer, les \u00e9l\u00e8ves ont finalement r\u00e9alis\u00e9 un podcast afin de&#8230;<\/p>\n<p> <a class=\"continue-reading-link\" href=\"https:\/\/etab.ac-reunion.fr\/clg-guy-moquet\/2025\/05\/30\/podcast-tag-ton-slam\/\"><span>Lire la suite<\/span><i class=\"crycon-right-dir\"><\/i><\/a> <\/p>\n","protected":false},"author":37914,"featured_media":6138,"comment_status":"closed","ping_status":"open","sticky":false,"template":"","format":"standard","meta":{"footnotes":""},"categories":[29,100,14,26],"tags":[36,44,49,34,46,45],"class_list":["post-6132","post","type-post","status-publish","format-standard","has-post-thumbnail","hentry","category-emi-education-aux-medias-et-a-linformation","category-francais","category-langues","category-parcours-deducation-artistique-et-culturel","tag-francais","tag-graffiti","tag-oral","tag-podcast","tag-slam","tag-tag"],"_links":{"self":[{"href":"https:\/\/etab.ac-reunion.fr\/clg-guy-moquet\/wp-json\/wp\/v2\/posts\/6132","targetHints":{"allow":["GET"]}}],"collection":[{"href":"https:\/\/etab.ac-reunion.fr\/clg-guy-moquet\/wp-json\/wp\/v2\/posts"}],"about":[{"href":"https:\/\/etab.ac-reunion.fr\/clg-guy-moquet\/wp-json\/wp\/v2\/types\/post"}],"author":[{"embeddable":true,"href":"https:\/\/etab.ac-reunion.fr\/clg-guy-moquet\/wp-json\/wp\/v2\/users\/37914"}],"replies":[{"embeddable":true,"href":"https:\/\/etab.ac-reunion.fr\/clg-guy-moquet\/wp-json\/wp\/v2\/comments?post=6132"}],"version-history":[{"count":3,"href":"https:\/\/etab.ac-reunion.fr\/clg-guy-moquet\/wp-json\/wp\/v2\/posts\/6132\/revisions"}],"predecessor-version":[{"id":6214,"href":"https:\/\/etab.ac-reunion.fr\/clg-guy-moquet\/wp-json\/wp\/v2\/posts\/6132\/revisions\/6214"}],"wp:featuredmedia":[{"embeddable":true,"href":"https:\/\/etab.ac-reunion.fr\/clg-guy-moquet\/wp-json\/wp\/v2\/media\/6138"}],"wp:attachment":[{"href":"https:\/\/etab.ac-reunion.fr\/clg-guy-moquet\/wp-json\/wp\/v2\/media?parent=6132"}],"wp:term":[{"taxonomy":"category","embeddable":true,"href":"https:\/\/etab.ac-reunion.fr\/clg-guy-moquet\/wp-json\/wp\/v2\/categories?post=6132"},{"taxonomy":"post_tag","embeddable":true,"href":"https:\/\/etab.ac-reunion.fr\/clg-guy-moquet\/wp-json\/wp\/v2\/tags?post=6132"}],"curies":[{"name":"wp","href":"https:\/\/api.w.org\/{rel}","templated":true}]}}