{"id":6498,"date":"2025-11-30T19:43:12","date_gmt":"2025-11-30T15:43:12","guid":{"rendered":"https:\/\/etab.ac-reunion.fr\/clg-guy-moquet\/?p=6498"},"modified":"2025-11-30T19:43:12","modified_gmt":"2025-11-30T15:43:12","slug":"lutte-contres-les-violences-faites-aux-femmes","status":"publish","type":"post","link":"https:\/\/etab.ac-reunion.fr\/clg-guy-moquet\/2025\/11\/30\/lutte-contres-les-violences-faites-aux-femmes\/","title":{"rendered":"Lutte contres les violences faites aux femmes!"},"content":{"rendered":"\n<p>Pour la <strong>Journ\u00e9e internationale de lutte contre les violences faites aux femmes<\/strong>, le coll\u00e8ge a propos\u00e9 aux \u00e9l\u00e8ves de <strong>3\u1d49<\/strong> d\u2019assister \u00e0 la pi\u00e8ce \u00ab\u00a0<strong>D\u00e8s l\u2019aube je m\u2019enfuirai\u00a0\u00bb <\/strong><strong>de la compagnie Les chemins de faire<\/strong>, un spectacle fort et engag\u00e9 port\u00e9 par la <strong>Mission Locale<\/strong>, abordant avec sensibilit\u00e9 et r\u00e9alisme les violences conjugales.<\/p>\n\n\n\n<p>Cette action s\u2019est d\u00e9roul\u00e9e au CDI et en pr\u00e9sence de plusieurs partenaires : des jeunes de la Mission Locale, des \u00e9tudiants de l\u2019IRTS, des \u00e9tudiants en BTS du lyc\u00e9e Nelson Mandela, ainsi que les associations <strong>Femmes Solid\u2019air<\/strong> et <strong>AFFECT<\/strong>. Leur participation a permis d\u2019enrichir les \u00e9changes qui ont suivi la repr\u00e9sentation.<\/p>\n\n\n\n<p>Cette journ\u00e9e, \u00e0 la fois artistique et citoyenne, a offert aux \u00e9l\u00e8ves un espace de r\u00e9flexion essentiel pour mieux comprendre les m\u00e9canismes des violences et renforcer leur sensibilisation \u00e0 cette cause majeure.<\/p>\n\n\n\n<p><\/p>\n","protected":false},"excerpt":{"rendered":"<p>Pour la Journ\u00e9e internationale de lutte contre les violences faites aux femmes, le coll\u00e8ge a propos\u00e9 aux \u00e9l\u00e8ves de 3\u1d49 d\u2019assister \u00e0 la pi\u00e8ce \u00ab\u00a0D\u00e8s l\u2019aube je m\u2019enfuirai\u00a0\u00bb de la compagnie Les chemins de faire, un spectacle fort et engag\u00e9 port\u00e9 par la Mission Locale, abordant avec sensibilit\u00e9 et r\u00e9alisme&#8230;<\/p>\n<p> <a class=\"continue-reading-link\" href=\"https:\/\/etab.ac-reunion.fr\/clg-guy-moquet\/2025\/11\/30\/lutte-contres-les-violences-faites-aux-femmes\/\"><span>Lire la suite<\/span><i class=\"crycon-right-dir\"><\/i><\/a> <\/p>\n","protected":false},"author":16626,"featured_media":0,"comment_status":"closed","ping_status":"open","sticky":false,"template":"","format":"standard","meta":{"footnotes":""},"categories":[41,5],"tags":[72,125],"class_list":["post-6498","post","type-post","status-publish","format-standard","hentry","category-parcours-citoyen","category-vie-scolaire","tag-citoyen","tag-vie-scolaire"],"_links":{"self":[{"href":"https:\/\/etab.ac-reunion.fr\/clg-guy-moquet\/wp-json\/wp\/v2\/posts\/6498","targetHints":{"allow":["GET"]}}],"collection":[{"href":"https:\/\/etab.ac-reunion.fr\/clg-guy-moquet\/wp-json\/wp\/v2\/posts"}],"about":[{"href":"https:\/\/etab.ac-reunion.fr\/clg-guy-moquet\/wp-json\/wp\/v2\/types\/post"}],"author":[{"embeddable":true,"href":"https:\/\/etab.ac-reunion.fr\/clg-guy-moquet\/wp-json\/wp\/v2\/users\/16626"}],"replies":[{"embeddable":true,"href":"https:\/\/etab.ac-reunion.fr\/clg-guy-moquet\/wp-json\/wp\/v2\/comments?post=6498"}],"version-history":[{"count":1,"href":"https:\/\/etab.ac-reunion.fr\/clg-guy-moquet\/wp-json\/wp\/v2\/posts\/6498\/revisions"}],"predecessor-version":[{"id":6499,"href":"https:\/\/etab.ac-reunion.fr\/clg-guy-moquet\/wp-json\/wp\/v2\/posts\/6498\/revisions\/6499"}],"wp:attachment":[{"href":"https:\/\/etab.ac-reunion.fr\/clg-guy-moquet\/wp-json\/wp\/v2\/media?parent=6498"}],"wp:term":[{"taxonomy":"category","embeddable":true,"href":"https:\/\/etab.ac-reunion.fr\/clg-guy-moquet\/wp-json\/wp\/v2\/categories?post=6498"},{"taxonomy":"post_tag","embeddable":true,"href":"https:\/\/etab.ac-reunion.fr\/clg-guy-moquet\/wp-json\/wp\/v2\/tags?post=6498"}],"curies":[{"name":"wp","href":"https:\/\/api.w.org\/{rel}","templated":true}]}}