{"id":6684,"date":"2026-04-30T09:31:39","date_gmt":"2026-04-30T05:31:39","guid":{"rendered":"https:\/\/etab.ac-reunion.fr\/clg-guy-moquet\/?p=6684"},"modified":"2026-04-30T09:31:39","modified_gmt":"2026-04-30T05:31:39","slug":"2026-plate-forme-telephonique-pour-lorientation","status":"publish","type":"post","link":"https:\/\/etab.ac-reunion.fr\/clg-guy-moquet\/2026\/04\/30\/2026-plate-forme-telephonique-pour-lorientation\/","title":{"rendered":"2026 &#8211; Plate forme t\u00e9l\u00e9phonique pour l&rsquo;orientation!"},"content":{"rendered":"\n<p>Afin de mieux r\u00e9pondre aux familles aux questions relatives \u00e0 l&rsquo;affectation de leurs enfants, une plate forme t\u00e9l\u00e9phonique va \u00eatre mise en place cette ann\u00e9e \u00e0 la  d\u00e9l\u00e9gation r\u00e9gionale acad\u00e9mique \u00e0 l&rsquo;information et \u00e0 l&rsquo;orientation (DRAIO).<\/p>\n\n\n\n<figure class=\"wp-block-image size-large\"><img loading=\"lazy\" decoding=\"async\" width=\"683\" height=\"1024\" src=\"https:\/\/etab.ac-reunion.fr\/clg-guy-moquet\/wp-content\/uploads\/sites\/63\/2026\/04\/2026-DRAIO-683x1024.png\" alt=\"\" class=\"wp-image-6685\" srcset=\"https:\/\/etab.ac-reunion.fr\/clg-guy-moquet\/wp-content\/uploads\/sites\/63\/2026\/04\/2026-DRAIO-683x1024.png 683w, https:\/\/etab.ac-reunion.fr\/clg-guy-moquet\/wp-content\/uploads\/sites\/63\/2026\/04\/2026-DRAIO-200x300.png 200w, https:\/\/etab.ac-reunion.fr\/clg-guy-moquet\/wp-content\/uploads\/sites\/63\/2026\/04\/2026-DRAIO-768x1152.png 768w, https:\/\/etab.ac-reunion.fr\/clg-guy-moquet\/wp-content\/uploads\/sites\/63\/2026\/04\/2026-DRAIO-100x150.png 100w, https:\/\/etab.ac-reunion.fr\/clg-guy-moquet\/wp-content\/uploads\/sites\/63\/2026\/04\/2026-DRAIO-387x580.png 387w, https:\/\/etab.ac-reunion.fr\/clg-guy-moquet\/wp-content\/uploads\/sites\/63\/2026\/04\/2026-DRAIO.png 1024w\" sizes=\"auto, (max-width: 683px) 100vw, 683px\" \/><\/figure>\n","protected":false},"excerpt":{"rendered":"<p>Afin de mieux r\u00e9pondre aux familles aux questions relatives \u00e0 l&rsquo;affectation de leurs enfants, une plate forme t\u00e9l\u00e9phonique va \u00eatre mise en place cette ann\u00e9e \u00e0 la d\u00e9l\u00e9gation r\u00e9gionale acad\u00e9mique \u00e0 l&rsquo;information et \u00e0 l&rsquo;orientation (DRAIO).<\/p>\n<p> <a class=\"continue-reading-link\" href=\"https:\/\/etab.ac-reunion.fr\/clg-guy-moquet\/2026\/04\/30\/2026-plate-forme-telephonique-pour-lorientation\/\"><span>Lire la suite<\/span><i class=\"crycon-right-dir\"><\/i><\/a> <\/p>\n","protected":false},"author":16626,"featured_media":6685,"comment_status":"closed","ping_status":"open","sticky":false,"template":"","format":"standard","meta":{"footnotes":""},"categories":[43],"tags":[],"class_list":["post-6684","post","type-post","status-publish","format-standard","has-post-thumbnail","hentry","category-orientation"],"_links":{"self":[{"href":"https:\/\/etab.ac-reunion.fr\/clg-guy-moquet\/wp-json\/wp\/v2\/posts\/6684","targetHints":{"allow":["GET"]}}],"collection":[{"href":"https:\/\/etab.ac-reunion.fr\/clg-guy-moquet\/wp-json\/wp\/v2\/posts"}],"about":[{"href":"https:\/\/etab.ac-reunion.fr\/clg-guy-moquet\/wp-json\/wp\/v2\/types\/post"}],"author":[{"embeddable":true,"href":"https:\/\/etab.ac-reunion.fr\/clg-guy-moquet\/wp-json\/wp\/v2\/users\/16626"}],"replies":[{"embeddable":true,"href":"https:\/\/etab.ac-reunion.fr\/clg-guy-moquet\/wp-json\/wp\/v2\/comments?post=6684"}],"version-history":[{"count":1,"href":"https:\/\/etab.ac-reunion.fr\/clg-guy-moquet\/wp-json\/wp\/v2\/posts\/6684\/revisions"}],"predecessor-version":[{"id":6686,"href":"https:\/\/etab.ac-reunion.fr\/clg-guy-moquet\/wp-json\/wp\/v2\/posts\/6684\/revisions\/6686"}],"wp:featuredmedia":[{"embeddable":true,"href":"https:\/\/etab.ac-reunion.fr\/clg-guy-moquet\/wp-json\/wp\/v2\/media\/6685"}],"wp:attachment":[{"href":"https:\/\/etab.ac-reunion.fr\/clg-guy-moquet\/wp-json\/wp\/v2\/media?parent=6684"}],"wp:term":[{"taxonomy":"category","embeddable":true,"href":"https:\/\/etab.ac-reunion.fr\/clg-guy-moquet\/wp-json\/wp\/v2\/categories?post=6684"},{"taxonomy":"post_tag","embeddable":true,"href":"https:\/\/etab.ac-reunion.fr\/clg-guy-moquet\/wp-json\/wp\/v2\/tags?post=6684"}],"curies":[{"name":"wp","href":"https:\/\/api.w.org\/{rel}","templated":true}]}}