{"id":1857,"date":"2023-01-26T16:09:55","date_gmt":"2023-01-26T12:09:55","guid":{"rendered":"https:\/\/etab.ac-reunion.fr\/clg-harry-gruchet-la-chaloupe\/?p=1857"},"modified":"2023-01-26T16:09:55","modified_gmt":"2023-01-26T12:09:55","slug":"talents-days","status":"publish","type":"post","link":"https:\/\/etab.ac-reunion.fr\/clg-harry-gruchet-la-chaloupe\/talents-days\/","title":{"rendered":"Talents Days"},"content":{"rendered":"\n<p>Cette derni\u00e8re journ\u00e9e de cours a \u00e9t\u00e9 marqu\u00e9e par l\u2019\u00e9v\u00e8nement \u00ab&nbsp;Talent Days&nbsp;\u00bb \u00e0 l\u2019initiative de Mme Emilie Barbier, assistante d\u2019\u00e9ducation. Cet \u00e9v\u00e8nement a permis \u00e0 l\u2019ensemble de la communaut\u00e9 \u00e9ducative de d\u00e9couvrir les talents cach\u00e9s des \u00e9l\u00e8ves en chant, danse, pratique artistique et en p\u00e2tisserie.<\/p>\n\n\n\n<p>Bravo \u00e0 tous les \u00e9l\u00e8ves participants qui ont \u00e9t\u00e9 remarquables. Nous esp\u00e9rons vous voir encore plus nombreux pour la saison prochaine.<\/p>\n\n\n\n<p>Un grand merci \u00e0 tous nos partenaires qui ont contribu\u00e9 \u00e0 la grande r\u00e9ussite de cet \u00e9v\u00e8nement : La Mairie de Saint-Leu, Le Conservatoire Botanique National de Mascarin, L\u2019association Double Dutch 974 Acad\u00e9mie, Bourbon Parapente, Acroroc de Saint-Pierre, Kayak Transparent de Trou d\u2019Eau, Bureau Valley, Snack chez Ludo, La Maison Lim Shuk, Bubble waffle and co de Saint-Leu.<\/p>\n\n\n\n<p>Un grand merci \u00e0 nos \u00e9l\u00e8ves Maily Mithridate, Nacer Dijoux, Gabriel Tamon, Benjamin L\u00e9on, Guillaume Dijoux, Allan Jean Baptiste Dit Parny et \u00e0 nos coll\u00e8gues qui se sont affair\u00e9s toute la matin\u00e9e pour le bon d\u00e9roulement de ce \u00ab&nbsp;Talent Days&nbsp;\u00bb.<\/p>\n\n\n\n<p>Nos remerciements tout particuliers \u00e0 notre \u00e9l\u00e8ve David Rapha\u00ebl et \u00e0 son fr\u00e8re pour l\u2019animation musicale et \u00e0 M. Masseaux Judy employ\u00e9 de la mairie de Saint-Leu venu en renfort aupr\u00e8s de notre \u00e9quipe.<\/p>\n\n\n","protected":false},"excerpt":{"rendered":"<p>Cette derni\u00e8re journ\u00e9e de cours a \u00e9t\u00e9 marqu\u00e9e par l\u2019\u00e9v\u00e8nement \u00ab&nbsp;Talent Days&nbsp;\u00bb \u00e0 l\u2019initiative de Mme Emilie Barbier, assistante d\u2019\u00e9ducation. Cet \u00e9v\u00e8nement a permis \u00e0 l\u2019ensemble de la communaut\u00e9 \u00e9ducative de d\u00e9couvrir les talents cach\u00e9s des \u00e9l\u00e8ves en chant, danse, pratique artistique et en p\u00e2tisserie. Bravo \u00e0 tous les \u00e9l\u00e8ves&#8230;<\/p>\n<p class=\"continue-reading-button\"> <a class=\"continue-reading-link\" href=\"https:\/\/etab.ac-reunion.fr\/clg-harry-gruchet-la-chaloupe\/talents-days\/\">Lire la suite<i class=\"crycon-right-dir\"><\/i><\/a><\/p>\n","protected":false},"author":30369,"featured_media":0,"comment_status":"closed","ping_status":"closed","sticky":false,"template":"","format":"standard","meta":{"footnotes":""},"categories":[26],"tags":[],"class_list":["post-1857","post","type-post","status-publish","format-standard","hentry","category-actualite"],"_links":{"self":[{"href":"https:\/\/etab.ac-reunion.fr\/clg-harry-gruchet-la-chaloupe\/wp-json\/wp\/v2\/posts\/1857","targetHints":{"allow":["GET"]}}],"collection":[{"href":"https:\/\/etab.ac-reunion.fr\/clg-harry-gruchet-la-chaloupe\/wp-json\/wp\/v2\/posts"}],"about":[{"href":"https:\/\/etab.ac-reunion.fr\/clg-harry-gruchet-la-chaloupe\/wp-json\/wp\/v2\/types\/post"}],"author":[{"embeddable":true,"href":"https:\/\/etab.ac-reunion.fr\/clg-harry-gruchet-la-chaloupe\/wp-json\/wp\/v2\/users\/30369"}],"replies":[{"embeddable":true,"href":"https:\/\/etab.ac-reunion.fr\/clg-harry-gruchet-la-chaloupe\/wp-json\/wp\/v2\/comments?post=1857"}],"version-history":[{"count":1,"href":"https:\/\/etab.ac-reunion.fr\/clg-harry-gruchet-la-chaloupe\/wp-json\/wp\/v2\/posts\/1857\/revisions"}],"predecessor-version":[{"id":1864,"href":"https:\/\/etab.ac-reunion.fr\/clg-harry-gruchet-la-chaloupe\/wp-json\/wp\/v2\/posts\/1857\/revisions\/1864"}],"wp:attachment":[{"href":"https:\/\/etab.ac-reunion.fr\/clg-harry-gruchet-la-chaloupe\/wp-json\/wp\/v2\/media?parent=1857"}],"wp:term":[{"taxonomy":"category","embeddable":true,"href":"https:\/\/etab.ac-reunion.fr\/clg-harry-gruchet-la-chaloupe\/wp-json\/wp\/v2\/categories?post=1857"},{"taxonomy":"post_tag","embeddable":true,"href":"https:\/\/etab.ac-reunion.fr\/clg-harry-gruchet-la-chaloupe\/wp-json\/wp\/v2\/tags?post=1857"}],"curies":[{"name":"wp","href":"https:\/\/api.w.org\/{rel}","templated":true}]}}