{"id":2047,"date":"2024-12-01T18:24:00","date_gmt":"2024-12-01T14:24:00","guid":{"rendered":"https:\/\/etab.ac-reunion.fr\/clg-harry-gruchet-la-chaloupe\/?p=2047"},"modified":"2025-08-26T09:18:44","modified_gmt":"2025-08-26T05:18:44","slug":"concours-academique-de-technologie","status":"publish","type":"post","link":"https:\/\/etab.ac-reunion.fr\/clg-harry-gruchet-la-chaloupe\/concours-academique-de-technologie\/","title":{"rendered":"Concours Acad\u00e9mique de Technologie 2024-2025"},"content":{"rendered":"\n<p>L\u2019acad\u00e9mie de la R\u00e9union et L\u2019inspection p\u00e9dagogique r\u00e9gionale des Sciences et Technologies Industrielles, organise \u00e0 destination des coll\u00e9giens et lyc\u00e9ens la 3eme \u00e9dition du \u00ab Concours Acad\u00e9mique de Technologie \u00bb.<\/p>\n\n\n\n<p class=\"has-text-align-center\">Le concours s\u2019adresse \u00e0 l\u2019ensemble des coll\u00e8ges et lyc\u00e9es de l\u2019\u00eele. <\/p>\n\n\n<div class=\"wp-block-image\">\n<figure class=\"aligncenter size-full is-resized\"><img loading=\"lazy\" decoding=\"async\" width=\"225\" height=\"319\" src=\"https:\/\/etab.ac-reunion.fr\/clg-harry-gruchet-la-chaloupe\/wp-content\/uploads\/sites\/133\/2023\/09\/CAT-2025-affiche.jpg\" alt=\"\" class=\"wp-image-2427\" style=\"width:568px;height:auto\" srcset=\"https:\/\/etab.ac-reunion.fr\/clg-harry-gruchet-la-chaloupe\/wp-content\/uploads\/sites\/133\/2023\/09\/CAT-2025-affiche.jpg 225w, https:\/\/etab.ac-reunion.fr\/clg-harry-gruchet-la-chaloupe\/wp-content\/uploads\/sites\/133\/2023\/09\/CAT-2025-affiche-212x300.jpg 212w, https:\/\/etab.ac-reunion.fr\/clg-harry-gruchet-la-chaloupe\/wp-content\/uploads\/sites\/133\/2023\/09\/CAT-2025-affiche-106x150.jpg 106w\" sizes=\"auto, (max-width: 225px) 100vw, 225px\" \/><\/figure>\n<\/div>\n\n\n<p class=\"has-text-align-center\">&#8212;&#8212;&#8212;-<\/p>\n\n\n\n<p class=\"has-text-align-center\">C&rsquo;est un <strong>concours par \u00e9quipe mixte de 3 coll\u00e9giens<\/strong> qui se d\u00e9roule en 3 \u00e9tapes : <\/p>\n\n\n\n<p><\/p>\n\n\n\n<ul class=\"wp-block-list\">\n<li>Etape 1 : <strong>une phase de s\u00e9lection<\/strong> des \u00e9l\u00e8ves qui repr\u00e9senteront les coll\u00e8ges. Les trois meilleures \u00e9quipes de chaque coll\u00e8ge seront s\u00e9lectionn\u00e9es.<\/li>\n\n\n\n<li>Etape 2 : <strong>une phase qualificative<\/strong> au lyc\u00e9e qui permettra de s\u00e9lectionner la meilleure \u00e9quipe qui sera qualifi\u00e9e pour l&rsquo;\u00e9tape suivante. 3 \u00e9l\u00e8ves de lyc\u00e9e int\u00e9greront les \u00e9quipes de coll\u00e8ge \u00e0 cette \u00e9tape.<\/li>\n\n\n\n<li>Etape 3 : <strong>une phase finale acad\u00e9mique<\/strong> ou les meilleures \u00e9quipes de chaque lyc\u00e9e se retrouveront pour travailler sur une probl\u00e9matique donn\u00e9e et diff\u00e9rents d\u00e9fis.<\/li>\n<\/ul>\n\n\n\n<p>L\u2019\u00e9valuation portera sur la solution apport\u00e9e. Les comp\u00e9tences d\u2019Algorithmique\/Programmation, de Design\/Mod\u00e9lisation, des R\u00e9seaux informatiques seront \u00e9valu\u00e9es. Les \u00e9quipes pr\u00e9senteront leur solution devant un jury.<\/p>\n\n\n\n<p class=\"has-text-align-left\">Les parents pourront assister \u00e0 la phase qualificative au lyc\u00e9e et \u00e0 la phase finale acad\u00e9mique.<\/p>\n\n\n\n<p class=\"has-text-align-center\"><strong>PHASE QUALIFICATIVE &#8211; Jeudi 12 d\u00e9cembre 2024<\/strong><\/p>\n\n\n\n<p>3 \u00e9quipes s&rsquo;affrontent le matin autour de 3 th\u00e8mes : La robotique, les r\u00e9seaux informatiques et le dessin 3D.<\/p>\n\n\n\n<p><\/p>\n\n\n\n<p class=\"has-text-align-center\"><strong>Equipe gagnante de la phase qualificative, qui participera \u00e0 la finale du concours.<\/strong><\/p>\n\n\n\n<figure class=\"wp-block-image size-large\"><img loading=\"lazy\" decoding=\"async\" width=\"1024\" height=\"576\" src=\"https:\/\/etab.ac-reunion.fr\/clg-harry-gruchet-la-chaloupe\/wp-content\/uploads\/sites\/133\/2024\/12\/IMG_20241212_110155-1024x576.jpg\" alt=\"\" class=\"wp-image-2464\" srcset=\"https:\/\/etab.ac-reunion.fr\/clg-harry-gruchet-la-chaloupe\/wp-content\/uploads\/sites\/133\/2024\/12\/IMG_20241212_110155-1024x576.jpg 1024w, https:\/\/etab.ac-reunion.fr\/clg-harry-gruchet-la-chaloupe\/wp-content\/uploads\/sites\/133\/2024\/12\/IMG_20241212_110155-300x169.jpg 300w, https:\/\/etab.ac-reunion.fr\/clg-harry-gruchet-la-chaloupe\/wp-content\/uploads\/sites\/133\/2024\/12\/IMG_20241212_110155-768x432.jpg 768w, https:\/\/etab.ac-reunion.fr\/clg-harry-gruchet-la-chaloupe\/wp-content\/uploads\/sites\/133\/2024\/12\/IMG_20241212_110155-1536x864.jpg 1536w, https:\/\/etab.ac-reunion.fr\/clg-harry-gruchet-la-chaloupe\/wp-content\/uploads\/sites\/133\/2024\/12\/IMG_20241212_110155-2048x1152.jpg 2048w, https:\/\/etab.ac-reunion.fr\/clg-harry-gruchet-la-chaloupe\/wp-content\/uploads\/sites\/133\/2024\/12\/IMG_20241212_110155-150x84.jpg 150w\" sizes=\"auto, (max-width: 1024px) 100vw, 1024px\" \/><\/figure>\n\n\n\n<p>&#8211;<\/p>\n\n\n\n<p>Une petite s\u00e9ance sur la r\u00e9sistance des mat\u00e9riaux l&rsquo;apr\u00e8s midi en cours de STI2D<\/p>\n\n\n\n<figure class=\"wp-block-image size-large\"><img loading=\"lazy\" decoding=\"async\" width=\"1024\" height=\"576\" src=\"https:\/\/etab.ac-reunion.fr\/clg-harry-gruchet-la-chaloupe\/wp-content\/uploads\/sites\/133\/2024\/12\/IMG_20241212_142858-2-1024x576.jpg\" alt=\"\" class=\"wp-image-2473\" srcset=\"https:\/\/etab.ac-reunion.fr\/clg-harry-gruchet-la-chaloupe\/wp-content\/uploads\/sites\/133\/2024\/12\/IMG_20241212_142858-2-1024x576.jpg 1024w, https:\/\/etab.ac-reunion.fr\/clg-harry-gruchet-la-chaloupe\/wp-content\/uploads\/sites\/133\/2024\/12\/IMG_20241212_142858-2-300x169.jpg 300w, https:\/\/etab.ac-reunion.fr\/clg-harry-gruchet-la-chaloupe\/wp-content\/uploads\/sites\/133\/2024\/12\/IMG_20241212_142858-2-768x432.jpg 768w, https:\/\/etab.ac-reunion.fr\/clg-harry-gruchet-la-chaloupe\/wp-content\/uploads\/sites\/133\/2024\/12\/IMG_20241212_142858-2-1536x864.jpg 1536w, https:\/\/etab.ac-reunion.fr\/clg-harry-gruchet-la-chaloupe\/wp-content\/uploads\/sites\/133\/2024\/12\/IMG_20241212_142858-2-2048x1152.jpg 2048w, https:\/\/etab.ac-reunion.fr\/clg-harry-gruchet-la-chaloupe\/wp-content\/uploads\/sites\/133\/2024\/12\/IMG_20241212_142858-2-150x84.jpg 150w\" sizes=\"auto, (max-width: 1024px) 100vw, 1024px\" \/><\/figure>\n\n\n\n<p><\/p>\n","protected":false},"excerpt":{"rendered":"<p>L\u2019acad\u00e9mie de la R\u00e9union et L\u2019inspection p\u00e9dagogique r\u00e9gionale des Sciences et Technologies Industrielles, organise \u00e0 destination des coll\u00e9giens et lyc\u00e9ens la 3eme \u00e9dition du \u00ab Concours Acad\u00e9mique de Technologie \u00bb. Le concours s\u2019adresse \u00e0 l\u2019ensemble des coll\u00e8ges et lyc\u00e9es de l\u2019\u00eele. &#8212;&#8212;&#8212;- C&rsquo;est un concours par \u00e9quipe mixte de 3&#8230;<\/p>\n<p class=\"continue-reading-button\"> <a class=\"continue-reading-link\" href=\"https:\/\/etab.ac-reunion.fr\/clg-harry-gruchet-la-chaloupe\/concours-academique-de-technologie\/\">Lire la suite<i class=\"crycon-right-dir\"><\/i><\/a><\/p>\n","protected":false},"author":21033,"featured_media":2432,"comment_status":"closed","ping_status":"closed","sticky":false,"template":"","format":"standard","meta":{"footnotes":""},"categories":[26,48],"tags":[66],"class_list":["post-2047","post","type-post","status-publish","format-standard","has-post-thumbnail","hentry","category-actualite","category-technologie","tag-technologie"],"_links":{"self":[{"href":"https:\/\/etab.ac-reunion.fr\/clg-harry-gruchet-la-chaloupe\/wp-json\/wp\/v2\/posts\/2047","targetHints":{"allow":["GET"]}}],"collection":[{"href":"https:\/\/etab.ac-reunion.fr\/clg-harry-gruchet-la-chaloupe\/wp-json\/wp\/v2\/posts"}],"about":[{"href":"https:\/\/etab.ac-reunion.fr\/clg-harry-gruchet-la-chaloupe\/wp-json\/wp\/v2\/types\/post"}],"author":[{"embeddable":true,"href":"https:\/\/etab.ac-reunion.fr\/clg-harry-gruchet-la-chaloupe\/wp-json\/wp\/v2\/users\/21033"}],"replies":[{"embeddable":true,"href":"https:\/\/etab.ac-reunion.fr\/clg-harry-gruchet-la-chaloupe\/wp-json\/wp\/v2\/comments?post=2047"}],"version-history":[{"count":33,"href":"https:\/\/etab.ac-reunion.fr\/clg-harry-gruchet-la-chaloupe\/wp-json\/wp\/v2\/posts\/2047\/revisions"}],"predecessor-version":[{"id":2477,"href":"https:\/\/etab.ac-reunion.fr\/clg-harry-gruchet-la-chaloupe\/wp-json\/wp\/v2\/posts\/2047\/revisions\/2477"}],"wp:featuredmedia":[{"embeddable":true,"href":"https:\/\/etab.ac-reunion.fr\/clg-harry-gruchet-la-chaloupe\/wp-json\/wp\/v2\/media\/2432"}],"wp:attachment":[{"href":"https:\/\/etab.ac-reunion.fr\/clg-harry-gruchet-la-chaloupe\/wp-json\/wp\/v2\/media?parent=2047"}],"wp:term":[{"taxonomy":"category","embeddable":true,"href":"https:\/\/etab.ac-reunion.fr\/clg-harry-gruchet-la-chaloupe\/wp-json\/wp\/v2\/categories?post=2047"},{"taxonomy":"post_tag","embeddable":true,"href":"https:\/\/etab.ac-reunion.fr\/clg-harry-gruchet-la-chaloupe\/wp-json\/wp\/v2\/tags?post=2047"}],"curies":[{"name":"wp","href":"https:\/\/api.w.org\/{rel}","templated":true}]}}