{"id":2015,"date":"2018-02-22T17:45:25","date_gmt":"2018-02-22T13:45:25","guid":{"rendered":"http:\/\/college-hhoarau.ac-reunion.fr\/?p=2015"},"modified":"2018-03-29T11:18:30","modified_gmt":"2018-03-29T07:18:30","slug":"un-eleve-du-college-vainqueur-academique-des-24-heures-de-linnovation","status":"publish","type":"post","link":"https:\/\/etab.ac-reunion.fr\/clg-hegesippe-hoarau\/2018\/02\/22\/un-eleve-du-college-vainqueur-academique-des-24-heures-de-linnovation\/","title":{"rendered":"24 heures de l&rsquo;innovation 2018"},"content":{"rendered":"<div id=\"su_slider_69f7533aa8b61\" class=\"su-slider su-slider-centered su-slider-pages-no su-slider-responsive-yes\" style=\"width:100%\" data-autoplay=\"3000\" data-speed=\"1500\" data-mousewheel=\"true\"><div class=\"su-slider-slides\"><div class=\"su-slider-slide\"><a><img decoding=\"async\" src=\"https:\/\/etab.ac-reunion.fr\/clg-hegesippe-hoarau\/wp-content\/uploads\/sites\/157\/2018\/02\/IMG_2614.jpg\" alt=\"IMG_2614\" \/><\/a><\/div><div class=\"su-slider-slide\"><a><img decoding=\"async\" src=\"https:\/\/etab.ac-reunion.fr\/clg-hegesippe-hoarau\/wp-content\/uploads\/sites\/157\/2018\/02\/IMG_2613-Copie.jpg\" alt=\"IMG_2613 &#8211; Copie\" \/><\/a><\/div><div class=\"su-slider-slide\"><a><img decoding=\"async\" src=\"https:\/\/etab.ac-reunion.fr\/clg-hegesippe-hoarau\/wp-content\/uploads\/sites\/157\/2018\/02\/IMG_2624.jpg\" alt=\"IMG_2624\" \/><\/a><\/div><div class=\"su-slider-slide\"><a><img decoding=\"async\" src=\"https:\/\/etab.ac-reunion.fr\/clg-hegesippe-hoarau\/wp-content\/uploads\/sites\/157\/2018\/02\/IMG_2600.jpg\" alt=\"IMG_2600\" \/><\/a><\/div><div class=\"su-slider-slide\"><a><img decoding=\"async\" src=\"https:\/\/etab.ac-reunion.fr\/clg-hegesippe-hoarau\/wp-content\/uploads\/sites\/157\/2018\/02\/IMG_2603-Copier.jpg\" alt=\"IMG_2603 (Copier)\" \/><\/a><\/div><div class=\"su-slider-slide\"><a><img decoding=\"async\" src=\"https:\/\/etab.ac-reunion.fr\/clg-hegesippe-hoarau\/wp-content\/uploads\/sites\/157\/2018\/02\/IMG_2605-Copier.jpg\" alt=\"IMG_2605 (Copier)\" \/><\/a><\/div><div class=\"su-slider-slide\"><a><img decoding=\"async\" src=\"https:\/\/etab.ac-reunion.fr\/clg-hegesippe-hoarau\/wp-content\/uploads\/sites\/157\/2018\/02\/IMG_2604-Copier.jpg\" alt=\"IMG_2604 (Copier)\" \/><\/a><\/div><div class=\"su-slider-slide\"><a><img decoding=\"async\" src=\"https:\/\/etab.ac-reunion.fr\/clg-hegesippe-hoarau\/wp-content\/uploads\/sites\/157\/2018\/02\/IMG_2602-Copier.jpg\" alt=\"IMG_2602 (Copier)\" \/><\/a><\/div><div class=\"su-slider-slide\"><a><img decoding=\"async\" src=\"https:\/\/etab.ac-reunion.fr\/clg-hegesippe-hoarau\/wp-content\/uploads\/sites\/157\/2018\/02\/IMG_2601-Copier.jpg\" alt=\"IMG_2601 (Copier)\" \/><\/a><\/div><div class=\"su-slider-slide\"><a><img decoding=\"async\" src=\"https:\/\/etab.ac-reunion.fr\/clg-hegesippe-hoarau\/wp-content\/uploads\/sites\/157\/2018\/02\/Sujet-gagnant.jpg\" alt=\"Sujet gagnant\" \/><\/a><\/div><\/div><div class=\"su-slider-nav\"><div class=\"su-slider-direction\"><span class=\"su-slider-prev\"><\/span><span class=\"su-slider-next\"><\/span><\/div><div class=\"su-slider-pagination\"><\/div><\/div><\/div>\n<p>&nbsp;<\/p>\n<p>BRAVO<\/p>\n<p>Tout d&rsquo;abord un grand bravo \u00e0 nos 5 coll\u00e9giens (VAITILINGOM Iliana, GONTHIER Florian, FONTAINE Laurie, TECHER Loan, SOUPLET Antoine) qui ont particip\u00e9 \u00e0 l&rsquo;aventure et qui cette ann\u00e9e encore ont trouv\u00e9 toute leur place au sein de leur \u00e9quipe. Ce n&rsquo;est pas si \u00e9vident, en effet, pour des \u00e9l\u00e8ves de 3eme de concourir avec des lyc\u00e9ens de 1ere et des \u00e9tudiants !<\/p>\n<p>Une pens\u00e9e pour HUET Arthur qui n&rsquo;a pas pu participer au dernier moment pour des raisons de sant\u00e9.<\/p>\n<p>Evenement pilot\u00e9 au coll\u00e8ge par :<\/p>\n<p>M FERRERE Jean-Yves<\/p>\n<p>M HOAREAU L\u00e9o<\/p>\n<p>LE CONCOURS :<\/p>\n<p>Le concours se d\u00e9roule en 2 phases : une premi\u00e8re phase au sein de chaque lyc\u00e9e participant et une seconde phase, le samedi ou chaque \u00e9quipe gagnante de chaque \u00e9tablissement pr\u00e9sente leur projet devant un jury acad\u00e9mique, cette ann\u00e9e \u00e0 la cit\u00e9 du volcan.<\/p>\n<p>Plus de 520 candidats ont particip\u00e9 \u00e0 cet \u00e9v\u00e9nement parrain\u00e9 par EDF R\u00e9union. 14 lyc\u00e9es de toute l&rsquo;\u00eele ont particip\u00e9 \u00e0 l&rsquo;aventure qui \u00e0 d\u00e9but\u00e9 le jeudi 15 \u00e0 10 heures pour prendre fin le vendredi \u00e0 10 heures. A l&rsquo;issue de ces 24 heures, chaque \u00e9quipe, compos\u00e9e d&rsquo;un coll\u00e9gien, de lyc\u00e9ens de premi\u00e8re SI, et d&rsquo;un \u00e9tudiant soit de BTS, ou la chambre de commerce, remet au jury une vid\u00e9o de 3 minutes qui expose le concept qu&rsquo;il ont imagin\u00e9. Apr\u00e8s avoir visionn\u00e9 la vid\u00e9o, un \u00e9change de quelques minutes entre le jury et l&rsquo;\u00e9quipe permet d&rsquo;apporter des pr\u00e9cisions.<\/p>\n<p>DES RECOMPENSES :<\/p>\n<p>Des lots int\u00e9ressants : t\u00e9l\u00e9phone, perche selfie, haut parleur bluetooth, drones&#8230;<\/p>\n<p>UNE VISITE PRESTIGIEUSE :<\/p>\n<p>Le recteur de l&rsquo;acad\u00e9mie, M\u00a0<span style=\"font-size: 12pt\">V\u00ealayoudom Marimoutou a rendu visite aux \u00e9quipes au lyc\u00e9e Jean Joly \u00e0 10h30 le vendredi 16.<\/span><\/p>\n<p>UN EVENEMENT RELATE PAR LA PRESSE :<\/p>\n<p><a href=\"https:\/\/www.clicanoo.re\/Societe\/Article\/2018\/02\/18\/Lenvironnement-phare-de-linnovation_515584#\">https:\/\/www.clicanoo.re\/Societe\/Article\/2018\/02\/18\/Lenvironnement-phare-de-linnovation_515584#<\/a><\/p>\n<p>Rendez vous est pris pour l&rsquo;ann\u00e9e prochaine.<\/p>\n<p>&nbsp;<\/p>\n<!-- AddThis Advanced Settings generic via filter on the_content --><!-- AddThis Share Buttons generic via filter on the_content -->","protected":false},"excerpt":{"rendered":"<p>Ce samedi 17 f\u00e9vrier \u00e0 eu lieu la finale acad\u00e9mique des 24 heures de l&rsquo;innovation \u00e0 la cit\u00e9 du volcan \u00e0 la Plaine des Cafres. Le lyc\u00e9e Jean Joly remporte la premi\u00e8re place parmi les 14 autre \u00e9tablissments avec dans son \u00e9quipe un \u00e9l\u00e8ve du coll\u00e8ge, Antoine SOUPLET.<!-- AddThis Advanced Settings generic via filter on get_the_excerpt --><!-- AddThis Share Buttons generic via filter on get_the_excerpt --><\/p>\n<p class=\"continue-reading-button\"> <a class=\"continue-reading-link\" href=\"https:\/\/etab.ac-reunion.fr\/clg-hegesippe-hoarau\/2018\/02\/22\/un-eleve-du-college-vainqueur-academique-des-24-heures-de-linnovation\/\">Lire plus<i class=\"crycon-right-dir\"><\/i><\/a><\/p>\n","protected":false},"author":17856,"featured_media":2027,"comment_status":"open","ping_status":"open","sticky":false,"template":"","format":"standard","meta":{"footnotes":""},"categories":[27,35],"tags":[],"class_list":["post-2015","post","type-post","status-publish","format-standard","has-post-thumbnail","hentry","category-evenements","category-technologie"],"_links":{"self":[{"href":"https:\/\/etab.ac-reunion.fr\/clg-hegesippe-hoarau\/wp-json\/wp\/v2\/posts\/2015","targetHints":{"allow":["GET"]}}],"collection":[{"href":"https:\/\/etab.ac-reunion.fr\/clg-hegesippe-hoarau\/wp-json\/wp\/v2\/posts"}],"about":[{"href":"https:\/\/etab.ac-reunion.fr\/clg-hegesippe-hoarau\/wp-json\/wp\/v2\/types\/post"}],"author":[{"embeddable":true,"href":"https:\/\/etab.ac-reunion.fr\/clg-hegesippe-hoarau\/wp-json\/wp\/v2\/users\/17856"}],"replies":[{"embeddable":true,"href":"https:\/\/etab.ac-reunion.fr\/clg-hegesippe-hoarau\/wp-json\/wp\/v2\/comments?post=2015"}],"version-history":[{"count":13,"href":"https:\/\/etab.ac-reunion.fr\/clg-hegesippe-hoarau\/wp-json\/wp\/v2\/posts\/2015\/revisions"}],"predecessor-version":[{"id":2835,"href":"https:\/\/etab.ac-reunion.fr\/clg-hegesippe-hoarau\/wp-json\/wp\/v2\/posts\/2015\/revisions\/2835"}],"wp:featuredmedia":[{"embeddable":true,"href":"https:\/\/etab.ac-reunion.fr\/clg-hegesippe-hoarau\/wp-json\/wp\/v2\/media\/2027"}],"wp:attachment":[{"href":"https:\/\/etab.ac-reunion.fr\/clg-hegesippe-hoarau\/wp-json\/wp\/v2\/media?parent=2015"}],"wp:term":[{"taxonomy":"category","embeddable":true,"href":"https:\/\/etab.ac-reunion.fr\/clg-hegesippe-hoarau\/wp-json\/wp\/v2\/categories?post=2015"},{"taxonomy":"post_tag","embeddable":true,"href":"https:\/\/etab.ac-reunion.fr\/clg-hegesippe-hoarau\/wp-json\/wp\/v2\/tags?post=2015"}],"curies":[{"name":"wp","href":"https:\/\/api.w.org\/{rel}","templated":true}]}}