{"id":2072,"date":"2018-02-25T16:11:41","date_gmt":"2018-02-25T12:11:41","guid":{"rendered":"http:\/\/college-hhoarau.ac-reunion.fr\/?p=2072"},"modified":"2018-02-25T18:45:08","modified_gmt":"2018-02-25T14:45:08","slug":"south-africa-2009","status":"publish","type":"post","link":"https:\/\/etab.ac-reunion.fr\/clg-hegesippe-hoarau\/2018\/02\/25\/south-africa-2009\/","title":{"rendered":"South Africa 2009"},"content":{"rendered":"<p><img loading=\"lazy\" decoding=\"async\" class=\"aligncenter wp-image-2082 size-full\" src=\"https:\/\/etab.ac-reunion.fr\/clg-hegesippe-hoarauwp-content\/uploads\/sites\/157\/2018\/02\/mandla-mandela.jpeg\" alt=\"\" width=\"800\" height=\"450\" srcset=\"https:\/\/etab.ac-reunion.fr\/clg-hegesippe-hoarau\/wp-content\/uploads\/sites\/157\/2018\/02\/mandla-mandela.jpeg 800w, https:\/\/etab.ac-reunion.fr\/clg-hegesippe-hoarau\/wp-content\/uploads\/sites\/157\/2018\/02\/mandla-mandela-300x169.jpeg 300w, https:\/\/etab.ac-reunion.fr\/clg-hegesippe-hoarau\/wp-content\/uploads\/sites\/157\/2018\/02\/mandla-mandela-768x432.jpeg 768w, https:\/\/etab.ac-reunion.fr\/clg-hegesippe-hoarau\/wp-content\/uploads\/sites\/157\/2018\/02\/mandla-mandela-150x84.jpeg 150w\" sizes=\"auto, (max-width: 800px) 100vw, 800px\" \/><\/p>\n<p>Depuis 2001 le coll\u00e8ge HEGESIPPE HOARAU organise r\u00e9guli\u00e8rement des s\u00e9jours linguistiques au CAP en Afrique du Sud en partenariat avec l&rsquo;\u00e9tablissement de REDDAM SCHOOL. Tous les voyages ont donn\u00e9 lieu \u00e0 des travaux d&rsquo;\u00e9l\u00e8ves mais jusqu&rsquo;\u00e0 r\u00e9cemment ceux ci \u00e9taient rendus sous format papier et \u00e9taient conserv\u00e9s par les \u00e9l\u00e8ves en guise de souvenirs.<\/p>\n<p>N\u00e9anmoins, en 2009 la ville de St Louis a re\u00e7u la visite d&rsquo;une d\u00e9l\u00e9gation officielle de Sud Africains. Parmi les dignitaires figurait le petit fils de Nelson Mandela (prix Nobel de la paix et premier pr\u00e9sident noir sud africain).\u00a0 L&rsquo;occasion \u00e9tait trop belle pour \u00eatre rat\u00e9e et le coll\u00e8ge a organis\u00e9 une rencontre au sein de l&rsquo;\u00e9tablissement entre nos \u00e9l\u00e8ves et Mandla Mandela, petit fils de Nelson Mandela.<\/p>\n<p>Les \u00e9l\u00e8ves en 3\u00e8me section europ\u00e9enne anglais ont alors fait leur premier pas de reporter et ont interview\u00e9 le petit fils du grand homme. Comme vous le verrez par la longueur de ses r\u00e9ponses, il s&rsquo;est volontiers pli\u00e9 au jeu&#8230;. Au grand dam de nos \u00e9l\u00e8ves dont la mission \u00e9taient de r\u00e9diger un article en anglais \u00e0 partir des enregistrements collect\u00e9s! A l&rsquo;\u00e9poque, nous n&rsquo;\u00e9tions \u00e9quip\u00e9s que de vieux dictaphones avec un son de pi\u00e8tre qualit\u00e9. Aujourd&rsquo;hui les reportages des \u00e9l\u00e8ves sont perdus pour nous mais nous avons pu conserver la trace de leurs interviews historiques que nous partageons ici avec vous.<\/p>\n<audio class=\"wp-audio-shortcode\" id=\"audio-2072-1\" preload=\"none\" style=\"width: 100%;\" controls=\"controls\"><source type=\"audio\/mpeg\" src=\"https:\/\/etab.ac-reunion.fr\/clg-hegesippe-hoarauwp-content\/uploads\/sites\/157\/2018\/02\/Mandela-Interview-1.mp3?_=1\" \/><a href=\"https:\/\/etab.ac-reunion.fr\/clg-hegesippe-hoarauwp-content\/uploads\/sites\/157\/2018\/02\/Mandela-Interview-1.mp3\">https:\/\/etab.ac-reunion.fr\/clg-hegesippe-hoarauwp-content\/uploads\/sites\/157\/2018\/02\/Mandela-Interview-1.mp3<\/a><\/audio>\n<audio class=\"wp-audio-shortcode\" id=\"audio-2072-2\" preload=\"none\" style=\"width: 100%;\" controls=\"controls\"><source type=\"audio\/mpeg\" src=\"https:\/\/etab.ac-reunion.fr\/clg-hegesippe-hoarauwp-content\/uploads\/sites\/157\/2018\/02\/Mandela-Interview-2.mp3?_=2\" \/><a href=\"https:\/\/etab.ac-reunion.fr\/clg-hegesippe-hoarauwp-content\/uploads\/sites\/157\/2018\/02\/Mandela-Interview-2.mp3\">https:\/\/etab.ac-reunion.fr\/clg-hegesippe-hoarauwp-content\/uploads\/sites\/157\/2018\/02\/Mandela-Interview-2.mp3<\/a><\/audio>\n<audio class=\"wp-audio-shortcode\" id=\"audio-2072-3\" preload=\"none\" style=\"width: 100%;\" controls=\"controls\"><source type=\"audio\/mpeg\" src=\"https:\/\/etab.ac-reunion.fr\/clg-hegesippe-hoarauwp-content\/uploads\/sites\/157\/2018\/02\/Mandela-Interview-3.mp3?_=3\" \/><a href=\"https:\/\/etab.ac-reunion.fr\/clg-hegesippe-hoarauwp-content\/uploads\/sites\/157\/2018\/02\/Mandela-Interview-3.mp3\">https:\/\/etab.ac-reunion.fr\/clg-hegesippe-hoarauwp-content\/uploads\/sites\/157\/2018\/02\/Mandela-Interview-3.mp3<\/a><\/audio>\n<audio class=\"wp-audio-shortcode\" id=\"audio-2072-4\" preload=\"none\" style=\"width: 100%;\" controls=\"controls\"><source type=\"audio\/mpeg\" src=\"https:\/\/etab.ac-reunion.fr\/clg-hegesippe-hoarauwp-content\/uploads\/sites\/157\/2018\/02\/Mandela-Interview-4.mp3?_=4\" \/><a href=\"https:\/\/etab.ac-reunion.fr\/clg-hegesippe-hoarauwp-content\/uploads\/sites\/157\/2018\/02\/Mandela-Interview-4.mp3\">https:\/\/etab.ac-reunion.fr\/clg-hegesippe-hoarauwp-content\/uploads\/sites\/157\/2018\/02\/Mandela-Interview-4.mp3<\/a><\/audio>\n<audio class=\"wp-audio-shortcode\" id=\"audio-2072-5\" preload=\"none\" style=\"width: 100%;\" controls=\"controls\"><source type=\"audio\/mpeg\" src=\"https:\/\/etab.ac-reunion.fr\/clg-hegesippe-hoarauwp-content\/uploads\/sites\/157\/2018\/02\/Mandela-Interview-5.mp3?_=5\" \/><a href=\"https:\/\/etab.ac-reunion.fr\/clg-hegesippe-hoarauwp-content\/uploads\/sites\/157\/2018\/02\/Mandela-Interview-5.mp3\">https:\/\/etab.ac-reunion.fr\/clg-hegesippe-hoarauwp-content\/uploads\/sites\/157\/2018\/02\/Mandela-Interview-5.mp3<\/a><\/audio>\n<audio class=\"wp-audio-shortcode\" id=\"audio-2072-6\" preload=\"none\" style=\"width: 100%;\" controls=\"controls\"><source type=\"audio\/mpeg\" src=\"https:\/\/etab.ac-reunion.fr\/clg-hegesippe-hoarauwp-content\/uploads\/sites\/157\/2018\/02\/Mandela-Interview-6.mp3?_=6\" \/><a href=\"https:\/\/etab.ac-reunion.fr\/clg-hegesippe-hoarauwp-content\/uploads\/sites\/157\/2018\/02\/Mandela-Interview-6.mp3\">https:\/\/etab.ac-reunion.fr\/clg-hegesippe-hoarauwp-content\/uploads\/sites\/157\/2018\/02\/Mandela-Interview-6.mp3<\/a><\/audio>\n<audio class=\"wp-audio-shortcode\" id=\"audio-2072-7\" preload=\"none\" style=\"width: 100%;\" controls=\"controls\"><source type=\"audio\/mpeg\" src=\"https:\/\/etab.ac-reunion.fr\/clg-hegesippe-hoarauwp-content\/uploads\/sites\/157\/2018\/02\/Mandela-Interview-7.mp3?_=7\" \/><a href=\"https:\/\/etab.ac-reunion.fr\/clg-hegesippe-hoarauwp-content\/uploads\/sites\/157\/2018\/02\/Mandela-Interview-7.mp3\">https:\/\/etab.ac-reunion.fr\/clg-hegesippe-hoarauwp-content\/uploads\/sites\/157\/2018\/02\/Mandela-Interview-7.mp3<\/a><\/audio>\n<audio class=\"wp-audio-shortcode\" id=\"audio-2072-8\" preload=\"none\" style=\"width: 100%;\" controls=\"controls\"><source type=\"audio\/mpeg\" src=\"https:\/\/etab.ac-reunion.fr\/clg-hegesippe-hoarauwp-content\/uploads\/sites\/157\/2018\/02\/mandla-mandela.mp3?_=8\" \/><a href=\"https:\/\/etab.ac-reunion.fr\/clg-hegesippe-hoarauwp-content\/uploads\/sites\/157\/2018\/02\/mandla-mandela.mp3\">https:\/\/etab.ac-reunion.fr\/clg-hegesippe-hoarauwp-content\/uploads\/sites\/157\/2018\/02\/mandla-mandela.mp3<\/a><\/audio>\n<!-- AddThis Advanced Settings generic via filter on the_content --><!-- AddThis Share Buttons generic via filter on the_content -->","protected":false},"excerpt":{"rendered":"<p>Depuis 2001 le coll\u00e8ge HEGESIPPE HOARAU organise r\u00e9guli\u00e8rement des s\u00e9jours linguistiques au CAP en Afrique du Sud en partenariat avec l&rsquo;\u00e9tablissement de REDDAM SCHOOL. Tous les voyages ont donn\u00e9 lieu \u00e0 des travaux d&rsquo;\u00e9l\u00e8ves mais jusqu&rsquo;\u00e0 r\u00e9cemment ceux ci \u00e9taient rendus sous format papier et \u00e9taient conserv\u00e9s par les \u00e9l\u00e8ves\u2026<!-- AddThis Advanced Settings generic via filter on get_the_excerpt --><!-- AddThis Share Buttons generic via filter on get_the_excerpt --><\/p>\n<p class=\"continue-reading-button\"> <a class=\"continue-reading-link\" href=\"https:\/\/etab.ac-reunion.fr\/clg-hegesippe-hoarau\/2018\/02\/25\/south-africa-2009\/\">Lire plus<i class=\"crycon-right-dir\"><\/i><\/a><\/p>\n","protected":false},"author":17876,"featured_media":2082,"comment_status":"open","ping_status":"open","sticky":false,"template":"","format":"standard","meta":{"footnotes":""},"categories":[48],"tags":[],"class_list":["post-2072","post","type-post","status-publish","format-standard","has-post-thumbnail","hentry","category-evenementiel"],"_links":{"self":[{"href":"https:\/\/etab.ac-reunion.fr\/clg-hegesippe-hoarau\/wp-json\/wp\/v2\/posts\/2072","targetHints":{"allow":["GET"]}}],"collection":[{"href":"https:\/\/etab.ac-reunion.fr\/clg-hegesippe-hoarau\/wp-json\/wp\/v2\/posts"}],"about":[{"href":"https:\/\/etab.ac-reunion.fr\/clg-hegesippe-hoarau\/wp-json\/wp\/v2\/types\/post"}],"author":[{"embeddable":true,"href":"https:\/\/etab.ac-reunion.fr\/clg-hegesippe-hoarau\/wp-json\/wp\/v2\/users\/17876"}],"replies":[{"embeddable":true,"href":"https:\/\/etab.ac-reunion.fr\/clg-hegesippe-hoarau\/wp-json\/wp\/v2\/comments?post=2072"}],"version-history":[{"count":5,"href":"https:\/\/etab.ac-reunion.fr\/clg-hegesippe-hoarau\/wp-json\/wp\/v2\/posts\/2072\/revisions"}],"predecessor-version":[{"id":2092,"href":"https:\/\/etab.ac-reunion.fr\/clg-hegesippe-hoarau\/wp-json\/wp\/v2\/posts\/2072\/revisions\/2092"}],"wp:featuredmedia":[{"embeddable":true,"href":"https:\/\/etab.ac-reunion.fr\/clg-hegesippe-hoarau\/wp-json\/wp\/v2\/media\/2082"}],"wp:attachment":[{"href":"https:\/\/etab.ac-reunion.fr\/clg-hegesippe-hoarau\/wp-json\/wp\/v2\/media?parent=2072"}],"wp:term":[{"taxonomy":"category","embeddable":true,"href":"https:\/\/etab.ac-reunion.fr\/clg-hegesippe-hoarau\/wp-json\/wp\/v2\/categories?post=2072"},{"taxonomy":"post_tag","embeddable":true,"href":"https:\/\/etab.ac-reunion.fr\/clg-hegesippe-hoarau\/wp-json\/wp\/v2\/tags?post=2072"}],"curies":[{"name":"wp","href":"https:\/\/api.w.org\/{rel}","templated":true}]}}