{"id":2996,"date":"2018-11-28T20:38:35","date_gmt":"2018-11-28T16:38:35","guid":{"rendered":"http:\/\/college-hhoarau.ac-reunion.fr\/?p=2996"},"modified":"2018-11-29T18:12:01","modified_gmt":"2018-11-29T14:12:01","slug":"reouverture-le-vendredi-30-11-2018","status":"publish","type":"post","link":"https:\/\/etab.ac-reunion.fr\/clg-hegesippe-hoarau\/2018\/11\/28\/reouverture-le-vendredi-30-11-2018\/","title":{"rendered":"R\u00e9ouverture du coll\u00e8ge le vendredi 30\/11\/2018"},"content":{"rendered":"<div>Le contexte sur la commune de Saint Louis au cours de la journ\u00e9e du jeudi 29 novembre 2018 appara\u00eet aujourd&rsquo;hui plus calme et \u00e0 cette heure les informations en ma possession annoncent aussi l&rsquo;ouverture des \u00e9coles primaires et maternelles de la commune.<\/div>\n<div>Nous avons \u00e9t\u00e9 approvisionn\u00e9s et nous pourrons mettre en place la demi-pension demain VENDREDI 30 NOVEMBRE 2018 <em><strong>et ainsi se projeter sur un fonctionnement aux horaires classiques et suivant EDT.<\/strong><\/em><\/div>\n<div>Vendredi 30 novembre : EDT normal et demi-pension assur\u00e9e.<\/div>\n<div>Les 2 autres \u00e9tablissements de la Rivi\u00e8re (coll\u00e8ge le Ruisseau et Lyc\u00e9e Jean Joly) fonctionneront normalement. Nous attendons les informations de la CIVIS et d&rsquo;ALterneo pour les transports mais il est n\u00e9cessaire de communiquer t\u00f4t pour que vous puissiez prendre vos dispositions.<\/div>\n<p><span style=\"font-family: 'PrimaSans BT,Verdana,sans-serif'\">Fran\u00e7ois RIVIERE<br \/>\nPrincipal<br \/>\nColl\u00e8ge H\u00e9g\u00e9sippe Hoarau<br \/>\n97421 LA RIVIERE SAINT LOUIS<\/span><\/p>\n<p>&nbsp;<\/p>\n<!-- AddThis Advanced Settings generic via filter on the_content --><!-- AddThis Share Buttons generic via filter on the_content -->","protected":false},"excerpt":{"rendered":"<p>Le contexte sur la commune de Saint Louis au cours de la journ\u00e9e du jeudi 29 novembre 2018 appara\u00eet aujourd&rsquo;hui plus calme et \u00e0 cette heure les informations en ma possession annoncent aussi l&rsquo;ouverture des \u00e9coles primaires et maternelles de la commune. Nous avons \u00e9t\u00e9 approvisionn\u00e9s et nous pourrons mettre\u2026<!-- AddThis Advanced Settings generic via filter on get_the_excerpt --><!-- AddThis Share Buttons generic via filter on get_the_excerpt --><\/p>\n<p class=\"continue-reading-button\"> <a class=\"continue-reading-link\" href=\"https:\/\/etab.ac-reunion.fr\/clg-hegesippe-hoarau\/2018\/11\/28\/reouverture-le-vendredi-30-11-2018\/\">Lire plus<i class=\"crycon-right-dir\"><\/i><\/a><\/p>\n","protected":false},"author":17426,"featured_media":2997,"comment_status":"open","ping_status":"open","sticky":false,"template":"","format":"standard","meta":{"footnotes":""},"categories":[27],"tags":[],"class_list":["post-2996","post","type-post","status-publish","format-standard","has-post-thumbnail","hentry","category-evenements"],"_links":{"self":[{"href":"https:\/\/etab.ac-reunion.fr\/clg-hegesippe-hoarau\/wp-json\/wp\/v2\/posts\/2996","targetHints":{"allow":["GET"]}}],"collection":[{"href":"https:\/\/etab.ac-reunion.fr\/clg-hegesippe-hoarau\/wp-json\/wp\/v2\/posts"}],"about":[{"href":"https:\/\/etab.ac-reunion.fr\/clg-hegesippe-hoarau\/wp-json\/wp\/v2\/types\/post"}],"author":[{"embeddable":true,"href":"https:\/\/etab.ac-reunion.fr\/clg-hegesippe-hoarau\/wp-json\/wp\/v2\/users\/17426"}],"replies":[{"embeddable":true,"href":"https:\/\/etab.ac-reunion.fr\/clg-hegesippe-hoarau\/wp-json\/wp\/v2\/comments?post=2996"}],"version-history":[{"count":4,"href":"https:\/\/etab.ac-reunion.fr\/clg-hegesippe-hoarau\/wp-json\/wp\/v2\/posts\/2996\/revisions"}],"predecessor-version":[{"id":3001,"href":"https:\/\/etab.ac-reunion.fr\/clg-hegesippe-hoarau\/wp-json\/wp\/v2\/posts\/2996\/revisions\/3001"}],"wp:featuredmedia":[{"embeddable":true,"href":"https:\/\/etab.ac-reunion.fr\/clg-hegesippe-hoarau\/wp-json\/wp\/v2\/media\/2997"}],"wp:attachment":[{"href":"https:\/\/etab.ac-reunion.fr\/clg-hegesippe-hoarau\/wp-json\/wp\/v2\/media?parent=2996"}],"wp:term":[{"taxonomy":"category","embeddable":true,"href":"https:\/\/etab.ac-reunion.fr\/clg-hegesippe-hoarau\/wp-json\/wp\/v2\/categories?post=2996"},{"taxonomy":"post_tag","embeddable":true,"href":"https:\/\/etab.ac-reunion.fr\/clg-hegesippe-hoarau\/wp-json\/wp\/v2\/tags?post=2996"}],"curies":[{"name":"wp","href":"https:\/\/api.w.org\/{rel}","templated":true}]}}