{"id":3485,"date":"2020-08-14T18:52:06","date_gmt":"2020-08-14T14:52:06","guid":{"rendered":"http:\/\/college-hhoarau.ac-reunion.fr\/?p=3485"},"modified":"2020-08-14T19:00:20","modified_gmt":"2020-08-14T15:00:20","slug":"communication-de-la-direction-rentree-2020","status":"publish","type":"post","link":"https:\/\/etab.ac-reunion.fr\/clg-hegesippe-hoarau\/2020\/08\/14\/communication-de-la-direction-rentree-2020\/","title":{"rendered":"Communication de la Direction"},"content":{"rendered":"<p>Mesdames , Messieurs \u00a0les parents d\u2019\u00e9l\u00e8ves du coll\u00e8ge Hegesippe Hoarau,<\/p>\n<p>Lundi 17 et mardi 18 ao\u00fbt M.Vitry, principal du coll\u00e8ge et son \u00e9quipe auront le plaisir de vous accueillir pour cette nouvelle rentr\u00e9e 2020.<\/p>\n<p>Comme vous le savez sans doute cette rentr\u00e9e se fera sous le signe de la protection sanitaire.<\/p>\n<p>Ainsi conform\u00e9ment au protocole \u00e9tabli par le Minist\u00e8re de l\u2019Education Nationale, le port du masque est obligatoire pour tous au sein de l\u2019\u00e9tablissement partout et tout le temps.<\/p>\n<p>Il appartient aux parents de fournir des masques \u00ab\u00a0grand public\u00a0\u00bb \u00e0 leur enfant (un masque par jour et si possible 2 car il est pr\u00e9conis\u00e9 de les changer toutes les 4h).<\/p>\n<p>Nous vous rappelons \u00e9galement que vous devez vous engager \u00e0 ne pas mettre votre enfant au coll\u00e8ge en cas de fi\u00e8vre ou d\u2019apparition de sympt\u00f4mes \u00e9voquant la Covid-19.<\/p>\n<p>A partir de mercredi 19 ao\u00fbt, la 1ere entr\u00e9e du matin entre 7h30 et 7h55 se d\u00e9roulera au portail A pour les \u00e9l\u00e8ves dont l\u2019emploi du temps commence aux b\u00e2timents A et B et au portail principal pour ceux commen\u00e7ant aux b\u00e2timents C,E,F.<\/p>\n<p>Les \u00e9l\u00e8ves devront se laver les mains en entrant avec au choix de l\u2019eau et du savon ou du gel hydroalcoolique.<\/p>\n<p>Merci de respecter toutes ces consignes dans l\u2019int\u00e9r\u00eat de tous.<\/p>\n<p>&nbsp;<\/p>\n<p>LA DIRECTION<\/p>\n<!-- AddThis Advanced Settings generic via filter on the_content --><!-- AddThis Share Buttons generic via filter on the_content -->","protected":false},"excerpt":{"rendered":"<p>Mesdames , Messieurs \u00a0les parents d\u2019\u00e9l\u00e8ves du coll\u00e8ge Hegesippe Hoarau, Lundi 17 et mardi 18 ao\u00fbt M.Vitry, principal du coll\u00e8ge et son \u00e9quipe auront le plaisir de vous accueillir pour cette nouvelle rentr\u00e9e 2020. Comme vous le savez sans doute cette rentr\u00e9e se fera sous le signe de la protection\u2026<!-- AddThis Advanced Settings generic via filter on get_the_excerpt --><!-- AddThis Share Buttons generic via filter on get_the_excerpt --><\/p>\n<p class=\"continue-reading-button\"> <a class=\"continue-reading-link\" href=\"https:\/\/etab.ac-reunion.fr\/clg-hegesippe-hoarau\/2020\/08\/14\/communication-de-la-direction-rentree-2020\/\">Lire plus<i class=\"crycon-right-dir\"><\/i><\/a><\/p>\n","protected":false},"author":17426,"featured_media":3488,"comment_status":"closed","ping_status":"closed","sticky":false,"template":"","format":"standard","meta":{"footnotes":""},"categories":[27],"tags":[],"class_list":["post-3485","post","type-post","status-publish","format-standard","has-post-thumbnail","hentry","category-evenements"],"_links":{"self":[{"href":"https:\/\/etab.ac-reunion.fr\/clg-hegesippe-hoarau\/wp-json\/wp\/v2\/posts\/3485","targetHints":{"allow":["GET"]}}],"collection":[{"href":"https:\/\/etab.ac-reunion.fr\/clg-hegesippe-hoarau\/wp-json\/wp\/v2\/posts"}],"about":[{"href":"https:\/\/etab.ac-reunion.fr\/clg-hegesippe-hoarau\/wp-json\/wp\/v2\/types\/post"}],"author":[{"embeddable":true,"href":"https:\/\/etab.ac-reunion.fr\/clg-hegesippe-hoarau\/wp-json\/wp\/v2\/users\/17426"}],"replies":[{"embeddable":true,"href":"https:\/\/etab.ac-reunion.fr\/clg-hegesippe-hoarau\/wp-json\/wp\/v2\/comments?post=3485"}],"version-history":[{"count":2,"href":"https:\/\/etab.ac-reunion.fr\/clg-hegesippe-hoarau\/wp-json\/wp\/v2\/posts\/3485\/revisions"}],"predecessor-version":[{"id":3487,"href":"https:\/\/etab.ac-reunion.fr\/clg-hegesippe-hoarau\/wp-json\/wp\/v2\/posts\/3485\/revisions\/3487"}],"wp:featuredmedia":[{"embeddable":true,"href":"https:\/\/etab.ac-reunion.fr\/clg-hegesippe-hoarau\/wp-json\/wp\/v2\/media\/3488"}],"wp:attachment":[{"href":"https:\/\/etab.ac-reunion.fr\/clg-hegesippe-hoarau\/wp-json\/wp\/v2\/media?parent=3485"}],"wp:term":[{"taxonomy":"category","embeddable":true,"href":"https:\/\/etab.ac-reunion.fr\/clg-hegesippe-hoarau\/wp-json\/wp\/v2\/categories?post=3485"},{"taxonomy":"post_tag","embeddable":true,"href":"https:\/\/etab.ac-reunion.fr\/clg-hegesippe-hoarau\/wp-json\/wp\/v2\/tags?post=3485"}],"curies":[{"name":"wp","href":"https:\/\/api.w.org\/{rel}","templated":true}]}}