{"id":4116,"date":"2022-12-08T14:25:46","date_gmt":"2022-12-08T10:25:46","guid":{"rendered":"https:\/\/etab.ac-reunion.fr\/clg-hegesippe-hoarau\/?p=4116"},"modified":"2022-12-08T14:26:18","modified_gmt":"2022-12-08T10:26:18","slug":"festival-du-film-court-de-st-pierre-au-cdi","status":"publish","type":"post","link":"https:\/\/etab.ac-reunion.fr\/clg-hegesippe-hoarau\/2022\/12\/08\/festival-du-film-court-de-st-pierre-au-cdi\/","title":{"rendered":"Festival du film court au CDI"},"content":{"rendered":"<p>A l\u2019occasion de la 7<sup>\u00e8me<\/sup> \u00e9dition du festival du court m\u00e9trage de St Pierre, le coll\u00e8ge H. Hoarau a fait aussi son festival\u00a0!<\/p>\n<p>Le projet initial \u00e9tait d\u2019emmener des \u00e9l\u00e8ves aux projections se d\u00e9roulant du 22 au 27 novembre 2022 \u00e0 St Pierre ou Petite Ile. Cela n\u2019\u00e9tant pas possible pour toutes les classes int\u00e9ress\u00e9es, une autre option a \u00e9t\u00e9 propos\u00e9e au documentaliste par A. Dauphin, organisateur du festival : <strong>la \u00ab\u00a0d\u00e9centralisation\u00a0\u00bb du Festival du court dans l\u2019\u00e9tablissement.<\/strong><\/p>\n<p>A savoir\u00a0: recevoir et diffuser au coll\u00e8ge une s\u00e9lection de courts m\u00e9trages en comp\u00e9tition avec l\u2019intervention comme m\u00e9diateur d\u2019un sp\u00e9cialiste\/cr\u00e9ateur.<\/p>\n<p>Ainsi, du 22 au 26, une s\u00e9rie de 3 court-m\u00e9trages a \u00e9t\u00e9 pr\u00e9sent\u00e9e \u00e0 diff\u00e9rents groupes et classes\u00a0au CDI2\u00a0:<\/p>\n<p>&#8211; <strong><em>Un monde sans rap<\/em><\/strong> de Anis Rhali \u2013 Fiction \u2013 2020 \u2013 0h18<\/p>\n<p>&#8211; <strong><em>Ibiza <\/em><\/strong>de H\u00e9l\u00e8ne et Marie Rosselet-Ruiz\u2013 Fiction \u2013 2020 \u2013 0h20<\/p>\n<p>&#8211; <strong><em>Comme un fleuve<\/em><\/strong> de Sandra Desmazi\u00e8res \u2013 Animation \u2013 2021 \u2013 0h15<\/p>\n<p>Ce sont pr\u00e8s de 190 \u00e9l\u00e8ves qui ont ainsi assist\u00e9 \u00e0 une projection\u00a0: ceux inscrits au \u00ab\u00a0cin\u00e9-club\u00a0\u00bb \u00e0 la pause m\u00e9ridienne ainsi que 5 classes le vendredi\u00a0: les 5F (M. Giraud), les 6M (M. Guichard), avec les 6F, les 6G puis les 4G (Mme Bozilovic), enfin les 6E (Mme Vella).<\/p>\n<p>De plus, le vendredi 25 novembre matin, les \u00e9l\u00e8ves ont b\u00e9n\u00e9fici\u00e9 <strong>d\u2019une rencontre avec<\/strong> <strong>Arnaud Ximenes<\/strong> r\u00e9alisateur de courts m\u00e9trages intervenant pour le festival.<\/p>\n<p>Les participants ont pu enfin -\u00e0 l\u2019instar du prix du public du festival- participer \u00e0 un vote en donnant une appr\u00e9ciation argument\u00e9e sur les films. <strong><em>Ibiza<\/em><\/strong> a obtenu les meilleures notes.<\/p>\n<p>Les projections ont suscit\u00e9 l\u2019enthousiasme des \u00e9l\u00e8ves et pour certains l\u2019envie de d\u00e9couvrir avec leurs parents d\u2019autres courts m\u00e9trages au festival pendant le week-end.<\/p>\n<p><strong>Merci au festival du film court de St Pierre<\/strong> de cette belle proposition.<\/p>\n<p>Pour plus d&rsquo;information\u00a0: www.festivaldufilmcourt.re<\/p>\n<div class=\"su-image-carousel  su-image-carousel-has-spacing su-image-carousel-has-outline su-image-carousel-adaptive su-image-carousel-slides-style-default su-image-carousel-controls-style-dark su-image-carousel-align-none\" style=\"\" data-flickity-options='{\"groupCells\":true,\"cellSelector\":\".su-image-carousel-item\",\"adaptiveHeight\":true,\"cellAlign\":\"left\",\"prevNextButtons\":true,\"pageDots\":true,\"autoPlay\":10000,\"imagesLoaded\":true,\"contain\":false,\"selectedAttraction\":0.025,\"friction\":0.28}' id=\"su_image_carousel_69f75fc054b62\"><div class=\"su-image-carousel-item\"><div class=\"su-image-carousel-item-content\"><img loading=\"lazy\" decoding=\"async\" width=\"731\" height=\"1024\" src=\"https:\/\/etab.ac-reunion.fr\/clg-hegesippe-hoarau\/wp-content\/uploads\/sites\/157\/2022\/12\/www.festivaldufilmcourt.re-50x70-1-731x1024-1.jpg\" class=\"\" alt=\"\" srcset=\"https:\/\/etab.ac-reunion.fr\/clg-hegesippe-hoarau\/wp-content\/uploads\/sites\/157\/2022\/12\/www.festivaldufilmcourt.re-50x70-1-731x1024-1.jpg 731w, https:\/\/etab.ac-reunion.fr\/clg-hegesippe-hoarau\/wp-content\/uploads\/sites\/157\/2022\/12\/www.festivaldufilmcourt.re-50x70-1-731x1024-1-214x300.jpg 214w, https:\/\/etab.ac-reunion.fr\/clg-hegesippe-hoarau\/wp-content\/uploads\/sites\/157\/2022\/12\/www.festivaldufilmcourt.re-50x70-1-731x1024-1-107x150.jpg 107w\" sizes=\"auto, (max-width: 731px) 100vw, 731px\" \/><span><\/span><\/div><\/div><div class=\"su-image-carousel-item\"><div class=\"su-image-carousel-item-content\"><img loading=\"lazy\" decoding=\"async\" width=\"900\" height=\"675\" src=\"https:\/\/etab.ac-reunion.fr\/clg-hegesippe-hoarau\/wp-content\/uploads\/sites\/157\/2022\/12\/PXL_20221125_074508658-1024x768.jpg\" class=\"\" alt=\"\" srcset=\"https:\/\/etab.ac-reunion.fr\/clg-hegesippe-hoarau\/wp-content\/uploads\/sites\/157\/2022\/12\/PXL_20221125_074508658-1024x768.jpg 1024w, https:\/\/etab.ac-reunion.fr\/clg-hegesippe-hoarau\/wp-content\/uploads\/sites\/157\/2022\/12\/PXL_20221125_074508658-300x225.jpg 300w, https:\/\/etab.ac-reunion.fr\/clg-hegesippe-hoarau\/wp-content\/uploads\/sites\/157\/2022\/12\/PXL_20221125_074508658-768x576.jpg 768w, https:\/\/etab.ac-reunion.fr\/clg-hegesippe-hoarau\/wp-content\/uploads\/sites\/157\/2022\/12\/PXL_20221125_074508658-1536x1152.jpg 1536w, https:\/\/etab.ac-reunion.fr\/clg-hegesippe-hoarau\/wp-content\/uploads\/sites\/157\/2022\/12\/PXL_20221125_074508658-2048x1536.jpg 2048w, https:\/\/etab.ac-reunion.fr\/clg-hegesippe-hoarau\/wp-content\/uploads\/sites\/157\/2022\/12\/PXL_20221125_074508658-150x113.jpg 150w\" sizes=\"auto, (max-width: 900px) 100vw, 900px\" \/><span><\/span><\/div><\/div><div class=\"su-image-carousel-item\"><div class=\"su-image-carousel-item-content\"><img loading=\"lazy\" decoding=\"async\" width=\"900\" height=\"676\" src=\"https:\/\/etab.ac-reunion.fr\/clg-hegesippe-hoarau\/wp-content\/uploads\/sites\/157\/2022\/12\/IMG_20221125_092916-1024x769.jpg\" class=\"\" alt=\"\" srcset=\"https:\/\/etab.ac-reunion.fr\/clg-hegesippe-hoarau\/wp-content\/uploads\/sites\/157\/2022\/12\/IMG_20221125_092916-1024x769.jpg 1024w, https:\/\/etab.ac-reunion.fr\/clg-hegesippe-hoarau\/wp-content\/uploads\/sites\/157\/2022\/12\/IMG_20221125_092916-300x225.jpg 300w, https:\/\/etab.ac-reunion.fr\/clg-hegesippe-hoarau\/wp-content\/uploads\/sites\/157\/2022\/12\/IMG_20221125_092916-768x577.jpg 768w, https:\/\/etab.ac-reunion.fr\/clg-hegesippe-hoarau\/wp-content\/uploads\/sites\/157\/2022\/12\/IMG_20221125_092916-1536x1153.jpg 1536w, https:\/\/etab.ac-reunion.fr\/clg-hegesippe-hoarau\/wp-content\/uploads\/sites\/157\/2022\/12\/IMG_20221125_092916-2048x1538.jpg 2048w, https:\/\/etab.ac-reunion.fr\/clg-hegesippe-hoarau\/wp-content\/uploads\/sites\/157\/2022\/12\/IMG_20221125_092916-150x113.jpg 150w\" sizes=\"auto, (max-width: 900px) 100vw, 900px\" \/><span><\/span><\/div><\/div><\/div><script id=\"su_image_carousel_69f75fc054b62_script\">if(window.SUImageCarousel){setTimeout(function() {window.SUImageCarousel.initGallery(document.getElementById(\"su_image_carousel_69f75fc054b62\"))}, 0);}var su_image_carousel_69f75fc054b62_script=document.getElementById(\"su_image_carousel_69f75fc054b62_script\");if(su_image_carousel_69f75fc054b62_script){su_image_carousel_69f75fc054b62_script.parentNode.removeChild(su_image_carousel_69f75fc054b62_script);}<\/script>\n<p>&nbsp;<\/p>\n<!-- AddThis Advanced Settings generic via filter on the_content --><!-- AddThis Share Buttons generic via filter on the_content -->","protected":false},"excerpt":{"rendered":"<p>A l\u2019occasion de la 7\u00e8me \u00e9dition du festival du court m\u00e9trage de St Pierre, le coll\u00e8ge H. Hoarau a fait aussi son festival\u00a0! Le projet initial \u00e9tait d\u2019emmener des \u00e9l\u00e8ves aux projections se d\u00e9roulant du 22 au 27 novembre 2022 \u00e0 St Pierre ou Petite Ile. Cela n\u2019\u00e9tant pas possible\u2026<!-- AddThis Advanced Settings generic via filter on get_the_excerpt --><!-- AddThis Share Buttons generic via filter on get_the_excerpt --><\/p>\n<p class=\"continue-reading-button\"> <a class=\"continue-reading-link\" href=\"https:\/\/etab.ac-reunion.fr\/clg-hegesippe-hoarau\/2022\/12\/08\/festival-du-film-court-de-st-pierre-au-cdi\/\">Lire plus<i class=\"crycon-right-dir\"><\/i><\/a><\/p>\n","protected":false},"author":17426,"featured_media":4119,"comment_status":"closed","ping_status":"closed","sticky":false,"template":"","format":"standard","meta":{"footnotes":""},"categories":[69,27],"tags":[],"class_list":["post-4116","post","type-post","status-publish","format-standard","has-post-thumbnail","hentry","category-cdi","category-evenements"],"_links":{"self":[{"href":"https:\/\/etab.ac-reunion.fr\/clg-hegesippe-hoarau\/wp-json\/wp\/v2\/posts\/4116","targetHints":{"allow":["GET"]}}],"collection":[{"href":"https:\/\/etab.ac-reunion.fr\/clg-hegesippe-hoarau\/wp-json\/wp\/v2\/posts"}],"about":[{"href":"https:\/\/etab.ac-reunion.fr\/clg-hegesippe-hoarau\/wp-json\/wp\/v2\/types\/post"}],"author":[{"embeddable":true,"href":"https:\/\/etab.ac-reunion.fr\/clg-hegesippe-hoarau\/wp-json\/wp\/v2\/users\/17426"}],"replies":[{"embeddable":true,"href":"https:\/\/etab.ac-reunion.fr\/clg-hegesippe-hoarau\/wp-json\/wp\/v2\/comments?post=4116"}],"version-history":[{"count":2,"href":"https:\/\/etab.ac-reunion.fr\/clg-hegesippe-hoarau\/wp-json\/wp\/v2\/posts\/4116\/revisions"}],"predecessor-version":[{"id":4121,"href":"https:\/\/etab.ac-reunion.fr\/clg-hegesippe-hoarau\/wp-json\/wp\/v2\/posts\/4116\/revisions\/4121"}],"wp:featuredmedia":[{"embeddable":true,"href":"https:\/\/etab.ac-reunion.fr\/clg-hegesippe-hoarau\/wp-json\/wp\/v2\/media\/4119"}],"wp:attachment":[{"href":"https:\/\/etab.ac-reunion.fr\/clg-hegesippe-hoarau\/wp-json\/wp\/v2\/media?parent=4116"}],"wp:term":[{"taxonomy":"category","embeddable":true,"href":"https:\/\/etab.ac-reunion.fr\/clg-hegesippe-hoarau\/wp-json\/wp\/v2\/categories?post=4116"},{"taxonomy":"post_tag","embeddable":true,"href":"https:\/\/etab.ac-reunion.fr\/clg-hegesippe-hoarau\/wp-json\/wp\/v2\/tags?post=4116"}],"curies":[{"name":"wp","href":"https:\/\/api.w.org\/{rel}","templated":true}]}}