{"id":4206,"date":"2023-04-13T10:59:31","date_gmt":"2023-04-13T06:59:31","guid":{"rendered":"https:\/\/etab.ac-reunion.fr\/clg-hegesippe-hoarau\/?p=4206"},"modified":"2023-04-13T11:01:11","modified_gmt":"2023-04-13T07:01:11","slug":"exposition-egalite-filles-garcon","status":"publish","type":"post","link":"https:\/\/etab.ac-reunion.fr\/clg-hegesippe-hoarau\/2023\/04\/13\/exposition-egalite-filles-garcon\/","title":{"rendered":"Egalit\u00e9 Filles-Gar\u00e7ons"},"content":{"rendered":"<p><strong>Exposition au CDI du 30 mars au 7 avril 2023 des travaux des \u00e9l\u00e8ves de l\u2019atelier \u00ab \u00c9galit\u00e9 filles-gar\u00e7ons \u00bb<\/strong><\/p>\n<p>Cette exposition est l\u2019aboutissement du travail effectu\u00e9 en atelier par <strong>Kris Wassmer<\/strong> plasticienne et fondatrice de l\u2019atelier \u00ab\u00a0<strong>M\u2019Art Gou Ya<\/strong>\u00a0\u00bb avec des \u00e9l\u00e8ves de quatri\u00e8me, volontaires ainsi que les ambassadeurs \u00ab\u00a0harc\u00e8lement\u00a0\u00bb de tous niveaux \u00e0 l\u2019initiative de Mme Hoarau (CPE).<\/p>\n<p>L\u2019intervenante a encadr\u00e9 les \u00e9l\u00e8ves pendant plusieurs s\u00e9ances (14 heures en tout)\u00a0avant les vacances de mars. Dans ce cadre, ils ont pu mener \u00e0 bien une production individuelle sur l\u2019\u00e9galit\u00e9 \u00ab\u00a0filles-gar\u00e7on\u00a0\u00bb mais aussi contre les violences faites aux femmes et le harc\u00e8lement.<\/p>\n<p>Les productions (une quinzaine) ont \u00e9t\u00e9 r\u00e9alis\u00e9es en utilisant diff\u00e9rentes techniques (peinture, feutre, encre) et supports (feuille, planche, toile ou taule). Elles ont \u00e9t\u00e9 pr\u00e9sent\u00e9es au CDI fin mars, \u00e0 la rentr\u00e9e des vacances et jusqu\u2019au 7 avril. Parall\u00e8lement, le CDI a pu mettre en avant son fonds documentaire. De nombreux ouvrages r\u00e9cemment acquis et abordant les th\u00e8mes \u00e9voqu\u00e9s ont \u00e9t\u00e9 ainsi mis \u00e0 la disposition des \u00e9l\u00e8ves visitant l\u2019exposition.<\/p>\n<p>Au-del\u00e0 des \u00e9l\u00e8ves volontaires se rendant au CDI, tous les \u00e9l\u00e8ves du niveau 4<sup>\u00e8me<\/sup> ont pu en profiter. En effet, les 9 classes de 4<sup>\u00e8me<\/sup> ont suivi syst\u00e9matiquement une visite de l\u2019exposition, guid\u00e9e par Mme Hoarau (CPE) et des \u00e9l\u00e8ves de l\u2019atelier mais aussi, selon les jours en pr\u00e9sence de l\u2019intervenante Kris.<\/p>\n<p>Syst\u00e9matiquement, \u00e0 l\u2019occasion de cette visite un questionnaire sur l\u2019ensemble du projet a \u00e9t\u00e9 remis \u00e0 chaque \u00e9l\u00e8ve de 4<sup>\u00e8me<\/sup>.<\/p>\n<p>Cette exposition vient en effet \u00e0 la suite des journ\u00e9es organis\u00e9es \u00e0 St Louis en direction des 4\u00e8mes pour la <strong>sensibilisation \u00e0 l\u2019\u00e9galit\u00e9 hommes-femmes dans le monde du travail et en particulier dans l\u2019orientation du vendredi 3 mars<\/strong>.<\/p>\n<p>Elle s\u2019inscrit dans le projet de la \u00ab\u00a0Semaine nationale \u00c9galit\u00e9 filles Gar\u00e7ons\u00a0\u00bb \u00a0\u00a0port\u00e9 cette ann\u00e9e au coll\u00e8ge par Mme M. Hoarau (CPE), r\u00e9f\u00e9rente \u00e9galit\u00e9. Diff\u00e9rentes actions ponctuelles et interdisciplinaires ont donc d\u00e9j\u00e0 \u00e9t\u00e9 men\u00e9es en lien avec ce projet, par exemple lors des journ\u00e9es de la femme ou contre le harc\u00e8lement ou lors des projections du programme \u00ab\u00a0cin\u00e9toil\u2019\u00e9galit\u00e9\u00a0\u00bb coordonn\u00e9 par le documentaliste.<\/p>\n<p>C\u2019est aussi dans ce cadre qu\u2019est pr\u00e9vue une derni\u00e8re exposition au CDI en juin\u00a0:<\/p>\n<p>\u00ab\u00a0Manmzel Kapab\u00a0\u00bb du 12 au 23 Juin 2023\u00a0en lien avec le lyc\u00e9e P. Langevin de St Joseph<\/p>\n<p>A suivre donc\u00a0au CDI !<\/p>\n<div class=\"su-image-carousel  su-image-carousel-has-spacing su-image-carousel-has-outline su-image-carousel-adaptive su-image-carousel-slides-style-default su-image-carousel-controls-style-dark su-image-carousel-align-none\" style=\"\" data-flickity-options='{\"groupCells\":true,\"cellSelector\":\".su-image-carousel-item\",\"adaptiveHeight\":true,\"cellAlign\":\"left\",\"prevNextButtons\":true,\"pageDots\":true,\"autoPlay\":10000,\"imagesLoaded\":true,\"contain\":false,\"selectedAttraction\":0.025,\"friction\":0.28}' id=\"su_image_carousel_69f75fc17871c\"><div class=\"su-image-carousel-item\"><div class=\"su-image-carousel-item-content\"><img loading=\"lazy\" decoding=\"async\" width=\"900\" height=\"676\" src=\"https:\/\/etab.ac-reunion.fr\/clg-hegesippe-hoarau\/wp-content\/uploads\/sites\/157\/2023\/04\/IMG_20230407_113025-1024x769.jpg\" class=\"\" alt=\"\" srcset=\"https:\/\/etab.ac-reunion.fr\/clg-hegesippe-hoarau\/wp-content\/uploads\/sites\/157\/2023\/04\/IMG_20230407_113025-1024x769.jpg 1024w, https:\/\/etab.ac-reunion.fr\/clg-hegesippe-hoarau\/wp-content\/uploads\/sites\/157\/2023\/04\/IMG_20230407_113025-300x225.jpg 300w, https:\/\/etab.ac-reunion.fr\/clg-hegesippe-hoarau\/wp-content\/uploads\/sites\/157\/2023\/04\/IMG_20230407_113025-768x577.jpg 768w, https:\/\/etab.ac-reunion.fr\/clg-hegesippe-hoarau\/wp-content\/uploads\/sites\/157\/2023\/04\/IMG_20230407_113025-1536x1153.jpg 1536w, https:\/\/etab.ac-reunion.fr\/clg-hegesippe-hoarau\/wp-content\/uploads\/sites\/157\/2023\/04\/IMG_20230407_113025-2048x1538.jpg 2048w, https:\/\/etab.ac-reunion.fr\/clg-hegesippe-hoarau\/wp-content\/uploads\/sites\/157\/2023\/04\/IMG_20230407_113025-150x113.jpg 150w\" sizes=\"auto, (max-width: 900px) 100vw, 900px\" \/><span><\/span><\/div><\/div><div class=\"su-image-carousel-item\"><div class=\"su-image-carousel-item-content\"><img loading=\"lazy\" decoding=\"async\" width=\"900\" height=\"675\" src=\"https:\/\/etab.ac-reunion.fr\/clg-hegesippe-hoarau\/wp-content\/uploads\/sites\/157\/2023\/04\/20230403_102149-1024x768.jpg\" class=\"\" alt=\"\" srcset=\"https:\/\/etab.ac-reunion.fr\/clg-hegesippe-hoarau\/wp-content\/uploads\/sites\/157\/2023\/04\/20230403_102149-1024x768.jpg 1024w, https:\/\/etab.ac-reunion.fr\/clg-hegesippe-hoarau\/wp-content\/uploads\/sites\/157\/2023\/04\/20230403_102149-300x225.jpg 300w, https:\/\/etab.ac-reunion.fr\/clg-hegesippe-hoarau\/wp-content\/uploads\/sites\/157\/2023\/04\/20230403_102149-768x576.jpg 768w, https:\/\/etab.ac-reunion.fr\/clg-hegesippe-hoarau\/wp-content\/uploads\/sites\/157\/2023\/04\/20230403_102149-1536x1152.jpg 1536w, https:\/\/etab.ac-reunion.fr\/clg-hegesippe-hoarau\/wp-content\/uploads\/sites\/157\/2023\/04\/20230403_102149-2048x1536.jpg 2048w, https:\/\/etab.ac-reunion.fr\/clg-hegesippe-hoarau\/wp-content\/uploads\/sites\/157\/2023\/04\/20230403_102149-150x113.jpg 150w\" sizes=\"auto, (max-width: 900px) 100vw, 900px\" \/><span><\/span><\/div><\/div><div class=\"su-image-carousel-item\"><div class=\"su-image-carousel-item-content\"><img loading=\"lazy\" decoding=\"async\" width=\"769\" height=\"1024\" src=\"https:\/\/etab.ac-reunion.fr\/clg-hegesippe-hoarau\/wp-content\/uploads\/sites\/157\/2023\/04\/IMG_20230407_112928-769x1024.jpg\" class=\"\" alt=\"\" srcset=\"https:\/\/etab.ac-reunion.fr\/clg-hegesippe-hoarau\/wp-content\/uploads\/sites\/157\/2023\/04\/IMG_20230407_112928-769x1024.jpg 769w, https:\/\/etab.ac-reunion.fr\/clg-hegesippe-hoarau\/wp-content\/uploads\/sites\/157\/2023\/04\/IMG_20230407_112928-225x300.jpg 225w, https:\/\/etab.ac-reunion.fr\/clg-hegesippe-hoarau\/wp-content\/uploads\/sites\/157\/2023\/04\/IMG_20230407_112928-768x1023.jpg 768w, https:\/\/etab.ac-reunion.fr\/clg-hegesippe-hoarau\/wp-content\/uploads\/sites\/157\/2023\/04\/IMG_20230407_112928-1153x1536.jpg 1153w, https:\/\/etab.ac-reunion.fr\/clg-hegesippe-hoarau\/wp-content\/uploads\/sites\/157\/2023\/04\/IMG_20230407_112928-1538x2048.jpg 1538w, https:\/\/etab.ac-reunion.fr\/clg-hegesippe-hoarau\/wp-content\/uploads\/sites\/157\/2023\/04\/IMG_20230407_112928-113x150.jpg 113w, https:\/\/etab.ac-reunion.fr\/clg-hegesippe-hoarau\/wp-content\/uploads\/sites\/157\/2023\/04\/IMG_20230407_112928-scaled.jpg 1922w\" sizes=\"auto, (max-width: 769px) 100vw, 769px\" \/><span><\/span><\/div><\/div><div class=\"su-image-carousel-item\"><div class=\"su-image-carousel-item-content\"><img loading=\"lazy\" decoding=\"async\" width=\"769\" height=\"1024\" src=\"https:\/\/etab.ac-reunion.fr\/clg-hegesippe-hoarau\/wp-content\/uploads\/sites\/157\/2023\/04\/IMG_20230407_112912-769x1024.jpg\" class=\"\" alt=\"\" srcset=\"https:\/\/etab.ac-reunion.fr\/clg-hegesippe-hoarau\/wp-content\/uploads\/sites\/157\/2023\/04\/IMG_20230407_112912-769x1024.jpg 769w, https:\/\/etab.ac-reunion.fr\/clg-hegesippe-hoarau\/wp-content\/uploads\/sites\/157\/2023\/04\/IMG_20230407_112912-225x300.jpg 225w, https:\/\/etab.ac-reunion.fr\/clg-hegesippe-hoarau\/wp-content\/uploads\/sites\/157\/2023\/04\/IMG_20230407_112912-768x1023.jpg 768w, https:\/\/etab.ac-reunion.fr\/clg-hegesippe-hoarau\/wp-content\/uploads\/sites\/157\/2023\/04\/IMG_20230407_112912-1153x1536.jpg 1153w, https:\/\/etab.ac-reunion.fr\/clg-hegesippe-hoarau\/wp-content\/uploads\/sites\/157\/2023\/04\/IMG_20230407_112912-1538x2048.jpg 1538w, https:\/\/etab.ac-reunion.fr\/clg-hegesippe-hoarau\/wp-content\/uploads\/sites\/157\/2023\/04\/IMG_20230407_112912-113x150.jpg 113w, https:\/\/etab.ac-reunion.fr\/clg-hegesippe-hoarau\/wp-content\/uploads\/sites\/157\/2023\/04\/IMG_20230407_112912-scaled.jpg 1922w\" sizes=\"auto, (max-width: 769px) 100vw, 769px\" \/><span><\/span><\/div><\/div><div class=\"su-image-carousel-item\"><div class=\"su-image-carousel-item-content\"><img loading=\"lazy\" decoding=\"async\" width=\"769\" height=\"1024\" src=\"https:\/\/etab.ac-reunion.fr\/clg-hegesippe-hoarau\/wp-content\/uploads\/sites\/157\/2023\/04\/IMG_20230407_112857-769x1024.jpg\" class=\"\" alt=\"\" srcset=\"https:\/\/etab.ac-reunion.fr\/clg-hegesippe-hoarau\/wp-content\/uploads\/sites\/157\/2023\/04\/IMG_20230407_112857-769x1024.jpg 769w, https:\/\/etab.ac-reunion.fr\/clg-hegesippe-hoarau\/wp-content\/uploads\/sites\/157\/2023\/04\/IMG_20230407_112857-225x300.jpg 225w, https:\/\/etab.ac-reunion.fr\/clg-hegesippe-hoarau\/wp-content\/uploads\/sites\/157\/2023\/04\/IMG_20230407_112857-768x1023.jpg 768w, https:\/\/etab.ac-reunion.fr\/clg-hegesippe-hoarau\/wp-content\/uploads\/sites\/157\/2023\/04\/IMG_20230407_112857-1153x1536.jpg 1153w, https:\/\/etab.ac-reunion.fr\/clg-hegesippe-hoarau\/wp-content\/uploads\/sites\/157\/2023\/04\/IMG_20230407_112857-1538x2048.jpg 1538w, https:\/\/etab.ac-reunion.fr\/clg-hegesippe-hoarau\/wp-content\/uploads\/sites\/157\/2023\/04\/IMG_20230407_112857-113x150.jpg 113w, https:\/\/etab.ac-reunion.fr\/clg-hegesippe-hoarau\/wp-content\/uploads\/sites\/157\/2023\/04\/IMG_20230407_112857-scaled.jpg 1922w\" sizes=\"auto, (max-width: 769px) 100vw, 769px\" \/><span><\/span><\/div><\/div><\/div><script id=\"su_image_carousel_69f75fc17871c_script\">if(window.SUImageCarousel){setTimeout(function() {window.SUImageCarousel.initGallery(document.getElementById(\"su_image_carousel_69f75fc17871c\"))}, 0);}var su_image_carousel_69f75fc17871c_script=document.getElementById(\"su_image_carousel_69f75fc17871c_script\");if(su_image_carousel_69f75fc17871c_script){su_image_carousel_69f75fc17871c_script.parentNode.removeChild(su_image_carousel_69f75fc17871c_script);}<\/script>\n<p>&nbsp;<\/p>\n<!-- AddThis Advanced Settings generic via filter on the_content --><!-- AddThis Share Buttons generic via filter on the_content -->","protected":false},"excerpt":{"rendered":"<p>Exposition au CDI du 30 mars au 7 avril 2023 des travaux des \u00e9l\u00e8ves de l\u2019atelier \u00ab \u00c9galit\u00e9 filles-gar\u00e7ons \u00bb Cette exposition est l\u2019aboutissement du travail effectu\u00e9 en atelier par Kris Wassmer plasticienne et fondatrice de l\u2019atelier \u00ab\u00a0M\u2019Art Gou Ya\u00a0\u00bb avec des \u00e9l\u00e8ves de quatri\u00e8me, volontaires ainsi que les ambassadeurs\u2026<!-- AddThis Advanced Settings generic via filter on get_the_excerpt --><!-- AddThis Share Buttons generic via filter on get_the_excerpt --><\/p>\n<p class=\"continue-reading-button\"> <a class=\"continue-reading-link\" href=\"https:\/\/etab.ac-reunion.fr\/clg-hegesippe-hoarau\/2023\/04\/13\/exposition-egalite-filles-garcon\/\">Lire plus<i class=\"crycon-right-dir\"><\/i><\/a><\/p>\n","protected":false},"author":17426,"featured_media":4208,"comment_status":"closed","ping_status":"closed","sticky":false,"template":"","format":"standard","meta":{"footnotes":""},"categories":[69,27],"tags":[],"class_list":["post-4206","post","type-post","status-publish","format-standard","has-post-thumbnail","hentry","category-cdi","category-evenements"],"_links":{"self":[{"href":"https:\/\/etab.ac-reunion.fr\/clg-hegesippe-hoarau\/wp-json\/wp\/v2\/posts\/4206","targetHints":{"allow":["GET"]}}],"collection":[{"href":"https:\/\/etab.ac-reunion.fr\/clg-hegesippe-hoarau\/wp-json\/wp\/v2\/posts"}],"about":[{"href":"https:\/\/etab.ac-reunion.fr\/clg-hegesippe-hoarau\/wp-json\/wp\/v2\/types\/post"}],"author":[{"embeddable":true,"href":"https:\/\/etab.ac-reunion.fr\/clg-hegesippe-hoarau\/wp-json\/wp\/v2\/users\/17426"}],"replies":[{"embeddable":true,"href":"https:\/\/etab.ac-reunion.fr\/clg-hegesippe-hoarau\/wp-json\/wp\/v2\/comments?post=4206"}],"version-history":[{"count":3,"href":"https:\/\/etab.ac-reunion.fr\/clg-hegesippe-hoarau\/wp-json\/wp\/v2\/posts\/4206\/revisions"}],"predecessor-version":[{"id":4214,"href":"https:\/\/etab.ac-reunion.fr\/clg-hegesippe-hoarau\/wp-json\/wp\/v2\/posts\/4206\/revisions\/4214"}],"wp:featuredmedia":[{"embeddable":true,"href":"https:\/\/etab.ac-reunion.fr\/clg-hegesippe-hoarau\/wp-json\/wp\/v2\/media\/4208"}],"wp:attachment":[{"href":"https:\/\/etab.ac-reunion.fr\/clg-hegesippe-hoarau\/wp-json\/wp\/v2\/media?parent=4206"}],"wp:term":[{"taxonomy":"category","embeddable":true,"href":"https:\/\/etab.ac-reunion.fr\/clg-hegesippe-hoarau\/wp-json\/wp\/v2\/categories?post=4206"},{"taxonomy":"post_tag","embeddable":true,"href":"https:\/\/etab.ac-reunion.fr\/clg-hegesippe-hoarau\/wp-json\/wp\/v2\/tags?post=4206"}],"curies":[{"name":"wp","href":"https:\/\/api.w.org\/{rel}","templated":true}]}}