{"id":4219,"date":"2023-04-27T10:16:51","date_gmt":"2023-04-27T06:16:51","guid":{"rendered":"https:\/\/etab.ac-reunion.fr\/clg-hegesippe-hoarau\/?p=4219"},"modified":"2023-04-27T10:16:51","modified_gmt":"2023-04-27T06:16:51","slug":"remise-de-prix-au-cdi","status":"publish","type":"post","link":"https:\/\/etab.ac-reunion.fr\/clg-hegesippe-hoarau\/2023\/04\/27\/remise-de-prix-au-cdi\/","title":{"rendered":"Remise de prix au CDI"},"content":{"rendered":"<p style=\"text-align: center\" align=\"justify\"><span style=\"font-size: large\"><b>Exposition au CDI et remise des prix du concours 2023 de dessin sur le coll\u00e8ge<br \/>\n<\/b><\/span><\/p>\n<p align=\"justify\"><div class=\"su-image-carousel  su-image-carousel-has-spacing su-image-carousel-crop su-image-carousel-crop-16-9 su-image-carousel-has-outline su-image-carousel-adaptive su-image-carousel-slides-style-default su-image-carousel-controls-style-dark su-image-carousel-align-none\" style=\"\" data-flickity-options='{\"groupCells\":true,\"cellSelector\":\".su-image-carousel-item\",\"adaptiveHeight\":false,\"cellAlign\":\"left\",\"prevNextButtons\":true,\"pageDots\":true,\"autoPlay\":10000,\"imagesLoaded\":true,\"contain\":true,\"selectedAttraction\":0.025,\"friction\":0.28}' id=\"su_image_carousel_69f75fcf43e43\"><div class=\"su-image-carousel-item\"><div class=\"su-image-carousel-item-content\"><img loading=\"lazy\" decoding=\"async\" width=\"900\" height=\"676\" src=\"https:\/\/etab.ac-reunion.fr\/clg-hegesippe-hoarau\/wp-content\/uploads\/sites\/157\/2023\/04\/1er-prix-Fontaine-baptiste-5E-1024x769.jpg\" class=\"\" alt=\"\" srcset=\"https:\/\/etab.ac-reunion.fr\/clg-hegesippe-hoarau\/wp-content\/uploads\/sites\/157\/2023\/04\/1er-prix-Fontaine-baptiste-5E-1024x769.jpg 1024w, https:\/\/etab.ac-reunion.fr\/clg-hegesippe-hoarau\/wp-content\/uploads\/sites\/157\/2023\/04\/1er-prix-Fontaine-baptiste-5E-300x225.jpg 300w, https:\/\/etab.ac-reunion.fr\/clg-hegesippe-hoarau\/wp-content\/uploads\/sites\/157\/2023\/04\/1er-prix-Fontaine-baptiste-5E-768x577.jpg 768w, https:\/\/etab.ac-reunion.fr\/clg-hegesippe-hoarau\/wp-content\/uploads\/sites\/157\/2023\/04\/1er-prix-Fontaine-baptiste-5E-1536x1153.jpg 1536w, https:\/\/etab.ac-reunion.fr\/clg-hegesippe-hoarau\/wp-content\/uploads\/sites\/157\/2023\/04\/1er-prix-Fontaine-baptiste-5E-2048x1538.jpg 2048w, https:\/\/etab.ac-reunion.fr\/clg-hegesippe-hoarau\/wp-content\/uploads\/sites\/157\/2023\/04\/1er-prix-Fontaine-baptiste-5E-150x113.jpg 150w\" sizes=\"auto, (max-width: 900px) 100vw, 900px\" \/><span><\/span><\/div><\/div><div class=\"su-image-carousel-item\"><div class=\"su-image-carousel-item-content\"><img loading=\"lazy\" decoding=\"async\" width=\"900\" height=\"676\" src=\"https:\/\/etab.ac-reunion.fr\/clg-hegesippe-hoarau\/wp-content\/uploads\/sites\/157\/2023\/04\/Panneau-1-1024x769.jpg\" class=\"\" alt=\"\" srcset=\"https:\/\/etab.ac-reunion.fr\/clg-hegesippe-hoarau\/wp-content\/uploads\/sites\/157\/2023\/04\/Panneau-1-1024x769.jpg 1024w, https:\/\/etab.ac-reunion.fr\/clg-hegesippe-hoarau\/wp-content\/uploads\/sites\/157\/2023\/04\/Panneau-1-300x225.jpg 300w, https:\/\/etab.ac-reunion.fr\/clg-hegesippe-hoarau\/wp-content\/uploads\/sites\/157\/2023\/04\/Panneau-1-768x577.jpg 768w, https:\/\/etab.ac-reunion.fr\/clg-hegesippe-hoarau\/wp-content\/uploads\/sites\/157\/2023\/04\/Panneau-1-1536x1153.jpg 1536w, https:\/\/etab.ac-reunion.fr\/clg-hegesippe-hoarau\/wp-content\/uploads\/sites\/157\/2023\/04\/Panneau-1-2048x1538.jpg 2048w, https:\/\/etab.ac-reunion.fr\/clg-hegesippe-hoarau\/wp-content\/uploads\/sites\/157\/2023\/04\/Panneau-1-150x113.jpg 150w\" sizes=\"auto, (max-width: 900px) 100vw, 900px\" \/><span><\/span><\/div><\/div><div class=\"su-image-carousel-item\"><div class=\"su-image-carousel-item-content\"><img loading=\"lazy\" decoding=\"async\" width=\"900\" height=\"676\" src=\"https:\/\/etab.ac-reunion.fr\/clg-hegesippe-hoarau\/wp-content\/uploads\/sites\/157\/2023\/04\/Prix-AP-lemoosy-Naomie-6G-1024x769.jpg\" class=\"\" alt=\"\" srcset=\"https:\/\/etab.ac-reunion.fr\/clg-hegesippe-hoarau\/wp-content\/uploads\/sites\/157\/2023\/04\/Prix-AP-lemoosy-Naomie-6G-1024x769.jpg 1024w, https:\/\/etab.ac-reunion.fr\/clg-hegesippe-hoarau\/wp-content\/uploads\/sites\/157\/2023\/04\/Prix-AP-lemoosy-Naomie-6G-300x225.jpg 300w, https:\/\/etab.ac-reunion.fr\/clg-hegesippe-hoarau\/wp-content\/uploads\/sites\/157\/2023\/04\/Prix-AP-lemoosy-Naomie-6G-768x577.jpg 768w, https:\/\/etab.ac-reunion.fr\/clg-hegesippe-hoarau\/wp-content\/uploads\/sites\/157\/2023\/04\/Prix-AP-lemoosy-Naomie-6G-1536x1153.jpg 1536w, https:\/\/etab.ac-reunion.fr\/clg-hegesippe-hoarau\/wp-content\/uploads\/sites\/157\/2023\/04\/Prix-AP-lemoosy-Naomie-6G-2048x1538.jpg 2048w, https:\/\/etab.ac-reunion.fr\/clg-hegesippe-hoarau\/wp-content\/uploads\/sites\/157\/2023\/04\/Prix-AP-lemoosy-Naomie-6G-150x113.jpg 150w\" sizes=\"auto, (max-width: 900px) 100vw, 900px\" \/><span><\/span><\/div><\/div><div class=\"su-image-carousel-item\"><div class=\"su-image-carousel-item-content\"><img loading=\"lazy\" decoding=\"async\" width=\"900\" height=\"676\" src=\"https:\/\/etab.ac-reunion.fr\/clg-hegesippe-hoarau\/wp-content\/uploads\/sites\/157\/2023\/04\/Prix-du-CDI-Chamand-M.-3B-1024x769.jpg\" class=\"\" alt=\"\" srcset=\"https:\/\/etab.ac-reunion.fr\/clg-hegesippe-hoarau\/wp-content\/uploads\/sites\/157\/2023\/04\/Prix-du-CDI-Chamand-M.-3B-1024x769.jpg 1024w, https:\/\/etab.ac-reunion.fr\/clg-hegesippe-hoarau\/wp-content\/uploads\/sites\/157\/2023\/04\/Prix-du-CDI-Chamand-M.-3B-300x225.jpg 300w, https:\/\/etab.ac-reunion.fr\/clg-hegesippe-hoarau\/wp-content\/uploads\/sites\/157\/2023\/04\/Prix-du-CDI-Chamand-M.-3B-768x577.jpg 768w, https:\/\/etab.ac-reunion.fr\/clg-hegesippe-hoarau\/wp-content\/uploads\/sites\/157\/2023\/04\/Prix-du-CDI-Chamand-M.-3B-1536x1153.jpg 1536w, https:\/\/etab.ac-reunion.fr\/clg-hegesippe-hoarau\/wp-content\/uploads\/sites\/157\/2023\/04\/Prix-du-CDI-Chamand-M.-3B-2048x1538.jpg 2048w, https:\/\/etab.ac-reunion.fr\/clg-hegesippe-hoarau\/wp-content\/uploads\/sites\/157\/2023\/04\/Prix-du-CDI-Chamand-M.-3B-150x113.jpg 150w\" sizes=\"auto, (max-width: 900px) 100vw, 900px\" \/><span><\/span><\/div><\/div><div class=\"su-image-carousel-item\"><div class=\"su-image-carousel-item-content\"><img loading=\"lazy\" decoding=\"async\" width=\"900\" height=\"676\" src=\"https:\/\/etab.ac-reunion.fr\/clg-hegesippe-hoarau\/wp-content\/uploads\/sites\/157\/2023\/04\/Prix-du-public-Katelbach-Vaiana-6A-1024x769.jpg\" class=\"\" alt=\"\" srcset=\"https:\/\/etab.ac-reunion.fr\/clg-hegesippe-hoarau\/wp-content\/uploads\/sites\/157\/2023\/04\/Prix-du-public-Katelbach-Vaiana-6A-1024x769.jpg 1024w, https:\/\/etab.ac-reunion.fr\/clg-hegesippe-hoarau\/wp-content\/uploads\/sites\/157\/2023\/04\/Prix-du-public-Katelbach-Vaiana-6A-300x225.jpg 300w, https:\/\/etab.ac-reunion.fr\/clg-hegesippe-hoarau\/wp-content\/uploads\/sites\/157\/2023\/04\/Prix-du-public-Katelbach-Vaiana-6A-768x577.jpg 768w, https:\/\/etab.ac-reunion.fr\/clg-hegesippe-hoarau\/wp-content\/uploads\/sites\/157\/2023\/04\/Prix-du-public-Katelbach-Vaiana-6A-1536x1153.jpg 1536w, https:\/\/etab.ac-reunion.fr\/clg-hegesippe-hoarau\/wp-content\/uploads\/sites\/157\/2023\/04\/Prix-du-public-Katelbach-Vaiana-6A-2048x1538.jpg 2048w, https:\/\/etab.ac-reunion.fr\/clg-hegesippe-hoarau\/wp-content\/uploads\/sites\/157\/2023\/04\/Prix-du-public-Katelbach-Vaiana-6A-150x113.jpg 150w\" sizes=\"auto, (max-width: 900px) 100vw, 900px\" \/><span><\/span><\/div><\/div><\/div><script id=\"su_image_carousel_69f75fcf43e43_script\">if(window.SUImageCarousel){setTimeout(function() {window.SUImageCarousel.initGallery(document.getElementById(\"su_image_carousel_69f75fcf43e43\"))}, 0);}var su_image_carousel_69f75fcf43e43_script=document.getElementById(\"su_image_carousel_69f75fcf43e43_script\");if(su_image_carousel_69f75fcf43e43_script){su_image_carousel_69f75fcf43e43_script.parentNode.removeChild(su_image_carousel_69f75fcf43e43_script);}<\/script>\n<p align=\"justify\">De la rentr\u00e9e de janvier jusqu\u2019au 7 avril, le coll\u00e8ge a propos\u00e9 un concours de dessin sur le th\u00e8me du coll\u00e8ge, en vue de trouver l\u2019illustration du prochain carnet de liaison\u00a0:<\/p>\n<p align=\"justify\"><span style=\"color: #000000\"><b>\u00ab\u00a0Repr\u00e9sentez la partie de l\u2019\u00e9tablissement que vous pr\u00e9f\u00e9rez avec au moins un \u00e9l\u00e9ment architectural et un \u00e9l\u00e9ment v\u00e9g\u00e9tal pr\u00e9sent dans le coll\u00e8ge\u00a0\u00bb<\/b><\/span><\/p>\n<p align=\"justify\">Le CDI a relay\u00e9 l\u2019info et effectu\u00e9 le suivi en centralisant inscriptions et productions. Il a propos\u00e9 enfin une exposition de la s\u00e9lection des dessins retenus (une vingtaine) du 7 au 14 avril 2023.<\/p>\n<p align=\"justify\">Ainsi, <b>le vendredi 14 avril midi,<\/b> les auteurs des dessins entour\u00e9s de nombreux camarades de classe se sont r\u00e9unis au CDI pour la remise des prix. Comme pour les pr\u00e9c\u00e9dents concours, plusieurs jurys ont \u00e9t\u00e9 constitu\u00e9s\u00a0: \u00e9quipe de Direction, CPE et informaticien, enseignants d\u2019arts plastiques et \u00e9quipe de documentation enfin les \u00e9l\u00e8ves pr\u00e9sents (et non-inscrits au concours) ont particip\u00e9 au vote du public.<\/p>\n<p align=\"justify\"><b>M. Vitry,<\/b> principal et <b>Mme Meriel<\/b>, principale adjointe ainsi que des personnels de l\u2019\u00e9tablissement membres des jurys pr\u00e9sents ont proclam\u00e9 les r\u00e9sultats.<\/p>\n<ul>\n<li>\n<p align=\"justify\"><b>Prix de l\u2019\u00e9quipe de Direction<\/b> : FONTAINE, Baptiste (5E)<\/p>\n<\/li>\n<\/ul>\n<ul>\n<li>\n<p align=\"justify\"><b>Prix de l\u2019\u00e9quipe vie scolaire\/Tice<\/b>\u00a0: PICARD SENGEL, Cl\u00e9a (6G)<\/p>\n<\/li>\n<\/ul>\n<ul>\n<li>\n<p align=\"justify\"><b>Prix des arts plastiques<\/b>\u00a0: LEMOOSY, Naomie (6G)<\/p>\n<\/li>\n<\/ul>\n<ul>\n<li>\n<p align=\"justify\"><b>Prix du CDI<\/b>\u00a0: CHAMAND, M\u00e9lanie (3B)<\/p>\n<\/li>\n<\/ul>\n<ul>\n<li>\n<p align=\"justify\"><b>Prix du public<\/b>\u00a0: KATELBACH, Va\u00efana (6A)<\/p>\n<\/li>\n<\/ul>\n<p align=\"justify\"><a name=\"_GoBack\"><\/a> Les gagnants ont re\u00e7u des mains des jurys des livres (BD ou ouvrage technique d\u2019apprentissage du dessin) et recevront une place de cin\u00e9ma (lot en commande) offerts par le FSE. Mais surtout, les deux premiers verront leur dessin illustrer les prochains carnets de liaison. Enfin, tous les participants ont \u00e9t\u00e9 f\u00e9licit\u00e9s car le vote a parfois \u00e9t\u00e9 serr\u00e9 et les non prim\u00e9s se sont vus remettre par le documentaliste un lot de consolation\u00a0: un marque page \u00e0 personnaliser.<\/p>\n<p align=\"justify\">Une nouvelle chance de l\u2019emporter sera certainement offerte en juin 2023 avec un dernier concours \u00e0 l\u2019\u00e9tude en lien avec l\u2019EPS. A suivre donc\u2026<\/p>\n<p align=\"justify\">\n<!-- AddThis Advanced Settings generic via filter on the_content --><!-- AddThis Share Buttons generic via filter on the_content -->","protected":false},"excerpt":{"rendered":"<p>Exposition au CDI et remise des prix du concours 2023 de dessin sur le coll\u00e8ge De la rentr\u00e9e de janvier jusqu\u2019au 7 avril, le coll\u00e8ge a propos\u00e9 un concours de dessin sur le th\u00e8me du coll\u00e8ge, en vue de trouver l\u2019illustration du prochain carnet de liaison\u00a0: \u00ab\u00a0Repr\u00e9sentez la partie de\u2026<!-- AddThis Advanced Settings generic via filter on get_the_excerpt --><!-- AddThis Share Buttons generic via filter on get_the_excerpt --><\/p>\n<p class=\"continue-reading-button\"> <a class=\"continue-reading-link\" href=\"https:\/\/etab.ac-reunion.fr\/clg-hegesippe-hoarau\/2023\/04\/27\/remise-de-prix-au-cdi\/\">Lire plus<i class=\"crycon-right-dir\"><\/i><\/a><\/p>\n","protected":false},"author":17426,"featured_media":0,"comment_status":"closed","ping_status":"closed","sticky":false,"template":"","format":"standard","meta":{"footnotes":""},"categories":[69],"tags":[],"class_list":["post-4219","post","type-post","status-publish","format-standard","hentry","category-cdi"],"_links":{"self":[{"href":"https:\/\/etab.ac-reunion.fr\/clg-hegesippe-hoarau\/wp-json\/wp\/v2\/posts\/4219","targetHints":{"allow":["GET"]}}],"collection":[{"href":"https:\/\/etab.ac-reunion.fr\/clg-hegesippe-hoarau\/wp-json\/wp\/v2\/posts"}],"about":[{"href":"https:\/\/etab.ac-reunion.fr\/clg-hegesippe-hoarau\/wp-json\/wp\/v2\/types\/post"}],"author":[{"embeddable":true,"href":"https:\/\/etab.ac-reunion.fr\/clg-hegesippe-hoarau\/wp-json\/wp\/v2\/users\/17426"}],"replies":[{"embeddable":true,"href":"https:\/\/etab.ac-reunion.fr\/clg-hegesippe-hoarau\/wp-json\/wp\/v2\/comments?post=4219"}],"version-history":[{"count":1,"href":"https:\/\/etab.ac-reunion.fr\/clg-hegesippe-hoarau\/wp-json\/wp\/v2\/posts\/4219\/revisions"}],"predecessor-version":[{"id":4225,"href":"https:\/\/etab.ac-reunion.fr\/clg-hegesippe-hoarau\/wp-json\/wp\/v2\/posts\/4219\/revisions\/4225"}],"wp:attachment":[{"href":"https:\/\/etab.ac-reunion.fr\/clg-hegesippe-hoarau\/wp-json\/wp\/v2\/media?parent=4219"}],"wp:term":[{"taxonomy":"category","embeddable":true,"href":"https:\/\/etab.ac-reunion.fr\/clg-hegesippe-hoarau\/wp-json\/wp\/v2\/categories?post=4219"},{"taxonomy":"post_tag","embeddable":true,"href":"https:\/\/etab.ac-reunion.fr\/clg-hegesippe-hoarau\/wp-json\/wp\/v2\/tags?post=4219"}],"curies":[{"name":"wp","href":"https:\/\/api.w.org\/{rel}","templated":true}]}}