{"id":4230,"date":"2023-05-12T10:24:00","date_gmt":"2023-05-12T06:24:00","guid":{"rendered":"https:\/\/etab.ac-reunion.fr\/clg-hegesippe-hoarau\/?p=4230"},"modified":"2023-05-12T10:24:00","modified_gmt":"2023-05-12T06:24:00","slug":"exposition-cyan","status":"publish","type":"post","link":"https:\/\/etab.ac-reunion.fr\/clg-hegesippe-hoarau\/2023\/05\/12\/exposition-cyan\/","title":{"rendered":"Exposition Cyan"},"content":{"rendered":"<p><span style=\"font-family: Arial, sans-serif\"><span style=\"font-size: large\"><span lang=\"fr-RE\"><b>Exposition Cyan au CDI du 2 au 12 mai 2023<br \/>\n<\/b><\/span><\/span><\/span><\/p>\n<p><span style=\"font-family: Arial, sans-serif\"><span lang=\"fr-RE\"><b>Le jeudi 4 mai \u00e0 13h<\/b><\/span><\/span><span style=\"font-family: Arial, sans-serif\"><span lang=\"fr-RE\">, a eu lieu au CDI le vernissage de l&rsquo;exposition des productions des \u00e9l\u00e8ves de 4C dans le cadre du projet \u00ab\u00a0Cyan\u00a0\u00bb. Il a r\u00e9uni de nombreux \u00e9l\u00e8ves et enseignants.<\/span><\/span><\/p>\n<p><span style=\"font-family: Arial, sans-serif\"><span lang=\"fr-RE\">Il s&rsquo;agit d&rsquo;un projet port\u00e9 par Mme Jerez et M. Giraud avec les 4C.<\/span><\/span><\/p>\n<p><span style=\"font-family: Arial, sans-serif\"><span lang=\"fr-RE\">La classe de 4C expose au CDI jusqu\u2019au 12 mai, les productions r\u00e9alis\u00e9es \u00e0 l\u2019occasion du travail avec l\u2019artiste Karine Maussi\u00e8re. Elle est intervenue au coll\u00e8ge en avril, pour mener un projet d&rsquo;impression de v\u00e9g\u00e9taux sur tissu au moyen du proc\u00e9d\u00e9 \u00ab\u00a0cyanotype\u00a0\u00bb. Cette technique photographique ancienne, dont la composition chimique a \u00e9t\u00e9 mise au point en 1842, r\u00e9agit apr\u00e8s une exposition aux rayons ultra-violets de la lumi\u00e8re d&rsquo;une dizaine de minutes. On obtient ainsi un tirage photographique bleu cyan<\/span><\/span><span style=\"color: #ff0000\"><span style=\"font-family: Arial, sans-serif\"><span lang=\"fr-RE\">.<\/span><\/span><\/span><\/p>\n<p><span style=\"font-family: Arial, sans-serif\"><span lang=\"fr-RE\">Les productions ont \u00e9t\u00e9 pr\u00e9sent\u00e9es au mus\u00e9e botanique<\/span><\/span> <span style=\"color: #000000\"><span style=\"font-family: Arial, sans-serif\"><span lang=\"fr-RE\">\u00e0 St Leu<\/span><\/span><\/span><span style=\"color: #000000\"><span style=\"font-family: Arial, sans-serif\"><span lang=\"fr-RE\"><b>, le v<\/b><\/span><\/span><\/span><span style=\"font-family: Arial, sans-serif\"><span lang=\"fr-RE\"><b>endredi 21 avril<\/b><\/span><\/span><span style=\"font-family: Arial, sans-serif\"><span lang=\"fr-RE\"> \u00e0 l\u2019occasion de la restitution rassemblant les 5 coll\u00e8ges de l&rsquo;\u00eele associ\u00e9s \u00e0 ce projet soutenu par la DAAC<\/span><\/span><\/p>\n<p><span style=\"font-family: Arial, sans-serif\"><span lang=\"fr-RE\">Parall\u00e8lement, ils ont \u00e9crit des textes po\u00e9tiques ou ha\u00efkus en lien avec les v\u00e9g\u00e9taux choisis dans le cadre du programme de fran\u00e7ais. Ces textes sont aussi expos\u00e9s et viennent enrichir po\u00e9tiquement leurs cr\u00e9ations. Ils les ont d\u00e9clam\u00e9 lors de la restitution au Mascarin-jardin botanique de La R\u00e9union et au CDI lors du vernissage.<\/span><\/span><\/p>\n<p><span style=\"font-family: Arial, sans-serif\"><span lang=\"fr-RE\">Cette exposition restera visible au CDI jusqu&rsquo;aux vacances de mai.<br \/>\n<div class=\"su-image-carousel  su-image-carousel-has-spacing su-image-carousel-crop su-image-carousel-crop-16-9 su-image-carousel-has-outline su-image-carousel-adaptive su-image-carousel-slides-style-default su-image-carousel-controls-style-dark su-image-carousel-align-none\" style=\"\" data-flickity-options='{\"groupCells\":true,\"cellSelector\":\".su-image-carousel-item\",\"adaptiveHeight\":false,\"cellAlign\":\"left\",\"prevNextButtons\":true,\"pageDots\":true,\"autoPlay\":10000,\"imagesLoaded\":true,\"contain\":true,\"selectedAttraction\":0.025,\"friction\":0.28}' id=\"su_image_carousel_69f761485556d\"><div class=\"su-image-carousel-item\"><div class=\"su-image-carousel-item-content\"><img loading=\"lazy\" decoding=\"async\" width=\"768\" height=\"1024\" src=\"https:\/\/etab.ac-reunion.fr\/clg-hegesippe-hoarau\/wp-content\/uploads\/sites\/157\/2023\/05\/20230504_131533-768x1024.jpg\" class=\"\" alt=\"\" srcset=\"https:\/\/etab.ac-reunion.fr\/clg-hegesippe-hoarau\/wp-content\/uploads\/sites\/157\/2023\/05\/20230504_131533-768x1024.jpg 768w, https:\/\/etab.ac-reunion.fr\/clg-hegesippe-hoarau\/wp-content\/uploads\/sites\/157\/2023\/05\/20230504_131533-225x300.jpg 225w, https:\/\/etab.ac-reunion.fr\/clg-hegesippe-hoarau\/wp-content\/uploads\/sites\/157\/2023\/05\/20230504_131533-1152x1536.jpg 1152w, https:\/\/etab.ac-reunion.fr\/clg-hegesippe-hoarau\/wp-content\/uploads\/sites\/157\/2023\/05\/20230504_131533-1536x2048.jpg 1536w, https:\/\/etab.ac-reunion.fr\/clg-hegesippe-hoarau\/wp-content\/uploads\/sites\/157\/2023\/05\/20230504_131533-113x150.jpg 113w, https:\/\/etab.ac-reunion.fr\/clg-hegesippe-hoarau\/wp-content\/uploads\/sites\/157\/2023\/05\/20230504_131533-scaled.jpg 1920w\" sizes=\"auto, (max-width: 768px) 100vw, 768px\" \/><span><\/span><\/div><\/div><div class=\"su-image-carousel-item\"><div class=\"su-image-carousel-item-content\"><img loading=\"lazy\" decoding=\"async\" width=\"768\" height=\"1024\" src=\"https:\/\/etab.ac-reunion.fr\/clg-hegesippe-hoarau\/wp-content\/uploads\/sites\/157\/2023\/05\/20230504_131646-768x1024.jpg\" class=\"\" alt=\"\" srcset=\"https:\/\/etab.ac-reunion.fr\/clg-hegesippe-hoarau\/wp-content\/uploads\/sites\/157\/2023\/05\/20230504_131646-768x1024.jpg 768w, https:\/\/etab.ac-reunion.fr\/clg-hegesippe-hoarau\/wp-content\/uploads\/sites\/157\/2023\/05\/20230504_131646-225x300.jpg 225w, https:\/\/etab.ac-reunion.fr\/clg-hegesippe-hoarau\/wp-content\/uploads\/sites\/157\/2023\/05\/20230504_131646-1152x1536.jpg 1152w, https:\/\/etab.ac-reunion.fr\/clg-hegesippe-hoarau\/wp-content\/uploads\/sites\/157\/2023\/05\/20230504_131646-1536x2048.jpg 1536w, https:\/\/etab.ac-reunion.fr\/clg-hegesippe-hoarau\/wp-content\/uploads\/sites\/157\/2023\/05\/20230504_131646-113x150.jpg 113w, https:\/\/etab.ac-reunion.fr\/clg-hegesippe-hoarau\/wp-content\/uploads\/sites\/157\/2023\/05\/20230504_131646-scaled.jpg 1920w\" sizes=\"auto, (max-width: 768px) 100vw, 768px\" \/><span><\/span><\/div><\/div><div class=\"su-image-carousel-item\"><div class=\"su-image-carousel-item-content\"><img loading=\"lazy\" decoding=\"async\" width=\"768\" height=\"1024\" src=\"https:\/\/etab.ac-reunion.fr\/clg-hegesippe-hoarau\/wp-content\/uploads\/sites\/157\/2023\/05\/20230504_131945-768x1024.jpg\" class=\"\" alt=\"\" srcset=\"https:\/\/etab.ac-reunion.fr\/clg-hegesippe-hoarau\/wp-content\/uploads\/sites\/157\/2023\/05\/20230504_131945-768x1024.jpg 768w, https:\/\/etab.ac-reunion.fr\/clg-hegesippe-hoarau\/wp-content\/uploads\/sites\/157\/2023\/05\/20230504_131945-225x300.jpg 225w, https:\/\/etab.ac-reunion.fr\/clg-hegesippe-hoarau\/wp-content\/uploads\/sites\/157\/2023\/05\/20230504_131945-1152x1536.jpg 1152w, https:\/\/etab.ac-reunion.fr\/clg-hegesippe-hoarau\/wp-content\/uploads\/sites\/157\/2023\/05\/20230504_131945-1536x2048.jpg 1536w, https:\/\/etab.ac-reunion.fr\/clg-hegesippe-hoarau\/wp-content\/uploads\/sites\/157\/2023\/05\/20230504_131945-113x150.jpg 113w, https:\/\/etab.ac-reunion.fr\/clg-hegesippe-hoarau\/wp-content\/uploads\/sites\/157\/2023\/05\/20230504_131945-scaled.jpg 1920w\" sizes=\"auto, (max-width: 768px) 100vw, 768px\" \/><span><\/span><\/div><\/div><div class=\"su-image-carousel-item\"><div class=\"su-image-carousel-item-content\"><img loading=\"lazy\" decoding=\"async\" width=\"900\" height=\"675\" src=\"https:\/\/etab.ac-reunion.fr\/clg-hegesippe-hoarau\/wp-content\/uploads\/sites\/157\/2023\/05\/Jardin-botanique-20230421_113454-1024x768.jpg\" class=\"\" alt=\"\" srcset=\"https:\/\/etab.ac-reunion.fr\/clg-hegesippe-hoarau\/wp-content\/uploads\/sites\/157\/2023\/05\/Jardin-botanique-20230421_113454-1024x768.jpg 1024w, https:\/\/etab.ac-reunion.fr\/clg-hegesippe-hoarau\/wp-content\/uploads\/sites\/157\/2023\/05\/Jardin-botanique-20230421_113454-300x225.jpg 300w, https:\/\/etab.ac-reunion.fr\/clg-hegesippe-hoarau\/wp-content\/uploads\/sites\/157\/2023\/05\/Jardin-botanique-20230421_113454-768x576.jpg 768w, https:\/\/etab.ac-reunion.fr\/clg-hegesippe-hoarau\/wp-content\/uploads\/sites\/157\/2023\/05\/Jardin-botanique-20230421_113454-1536x1152.jpg 1536w, https:\/\/etab.ac-reunion.fr\/clg-hegesippe-hoarau\/wp-content\/uploads\/sites\/157\/2023\/05\/Jardin-botanique-20230421_113454-2048x1536.jpg 2048w, https:\/\/etab.ac-reunion.fr\/clg-hegesippe-hoarau\/wp-content\/uploads\/sites\/157\/2023\/05\/Jardin-botanique-20230421_113454-150x113.jpg 150w\" sizes=\"auto, (max-width: 900px) 100vw, 900px\" \/><span><\/span><\/div><\/div><div class=\"su-image-carousel-item\"><div class=\"su-image-carousel-item-content\"><img loading=\"lazy\" decoding=\"async\" width=\"900\" height=\"675\" src=\"https:\/\/etab.ac-reunion.fr\/clg-hegesippe-hoarau\/wp-content\/uploads\/sites\/157\/2023\/05\/Jardin-botanique20230421_093218-1024x768.jpg\" class=\"\" alt=\"\" srcset=\"https:\/\/etab.ac-reunion.fr\/clg-hegesippe-hoarau\/wp-content\/uploads\/sites\/157\/2023\/05\/Jardin-botanique20230421_093218-1024x768.jpg 1024w, https:\/\/etab.ac-reunion.fr\/clg-hegesippe-hoarau\/wp-content\/uploads\/sites\/157\/2023\/05\/Jardin-botanique20230421_093218-300x225.jpg 300w, https:\/\/etab.ac-reunion.fr\/clg-hegesippe-hoarau\/wp-content\/uploads\/sites\/157\/2023\/05\/Jardin-botanique20230421_093218-768x576.jpg 768w, https:\/\/etab.ac-reunion.fr\/clg-hegesippe-hoarau\/wp-content\/uploads\/sites\/157\/2023\/05\/Jardin-botanique20230421_093218-1536x1152.jpg 1536w, https:\/\/etab.ac-reunion.fr\/clg-hegesippe-hoarau\/wp-content\/uploads\/sites\/157\/2023\/05\/Jardin-botanique20230421_093218-2048x1536.jpg 2048w, https:\/\/etab.ac-reunion.fr\/clg-hegesippe-hoarau\/wp-content\/uploads\/sites\/157\/2023\/05\/Jardin-botanique20230421_093218-150x113.jpg 150w\" sizes=\"auto, (max-width: 900px) 100vw, 900px\" \/><span><\/span><\/div><\/div><\/div><script id=\"su_image_carousel_69f761485556d_script\">if(window.SUImageCarousel){setTimeout(function() {window.SUImageCarousel.initGallery(document.getElementById(\"su_image_carousel_69f761485556d\"))}, 0);}var su_image_carousel_69f761485556d_script=document.getElementById(\"su_image_carousel_69f761485556d_script\");if(su_image_carousel_69f761485556d_script){su_image_carousel_69f761485556d_script.parentNode.removeChild(su_image_carousel_69f761485556d_script);}<\/script>\n<\/span><\/span><\/p>\n<!-- AddThis Advanced Settings generic via filter on the_content --><!-- AddThis Share Buttons generic via filter on the_content -->","protected":false},"excerpt":{"rendered":"<p>Exposition Cyan au CDI du 2 au 12 mai 2023 Le jeudi 4 mai \u00e0 13h, a eu lieu au CDI le vernissage de l&rsquo;exposition des productions des \u00e9l\u00e8ves de 4C dans le cadre du projet \u00ab\u00a0Cyan\u00a0\u00bb. Il a r\u00e9uni de nombreux \u00e9l\u00e8ves et enseignants. Il s&rsquo;agit d&rsquo;un projet port\u00e9\u2026<!-- AddThis Advanced Settings generic via filter on get_the_excerpt --><!-- AddThis Share Buttons generic via filter on get_the_excerpt --><\/p>\n<p class=\"continue-reading-button\"> <a class=\"continue-reading-link\" href=\"https:\/\/etab.ac-reunion.fr\/clg-hegesippe-hoarau\/2023\/05\/12\/exposition-cyan\/\">Lire plus<i class=\"crycon-right-dir\"><\/i><\/a><\/p>\n","protected":false},"author":17426,"featured_media":0,"comment_status":"closed","ping_status":"closed","sticky":false,"template":"","format":"standard","meta":{"footnotes":""},"categories":[37,69],"tags":[],"class_list":["post-4230","post","type-post","status-publish","format-standard","hentry","category-arts-plastiques","category-cdi"],"_links":{"self":[{"href":"https:\/\/etab.ac-reunion.fr\/clg-hegesippe-hoarau\/wp-json\/wp\/v2\/posts\/4230","targetHints":{"allow":["GET"]}}],"collection":[{"href":"https:\/\/etab.ac-reunion.fr\/clg-hegesippe-hoarau\/wp-json\/wp\/v2\/posts"}],"about":[{"href":"https:\/\/etab.ac-reunion.fr\/clg-hegesippe-hoarau\/wp-json\/wp\/v2\/types\/post"}],"author":[{"embeddable":true,"href":"https:\/\/etab.ac-reunion.fr\/clg-hegesippe-hoarau\/wp-json\/wp\/v2\/users\/17426"}],"replies":[{"embeddable":true,"href":"https:\/\/etab.ac-reunion.fr\/clg-hegesippe-hoarau\/wp-json\/wp\/v2\/comments?post=4230"}],"version-history":[{"count":1,"href":"https:\/\/etab.ac-reunion.fr\/clg-hegesippe-hoarau\/wp-json\/wp\/v2\/posts\/4230\/revisions"}],"predecessor-version":[{"id":4237,"href":"https:\/\/etab.ac-reunion.fr\/clg-hegesippe-hoarau\/wp-json\/wp\/v2\/posts\/4230\/revisions\/4237"}],"wp:attachment":[{"href":"https:\/\/etab.ac-reunion.fr\/clg-hegesippe-hoarau\/wp-json\/wp\/v2\/media?parent=4230"}],"wp:term":[{"taxonomy":"category","embeddable":true,"href":"https:\/\/etab.ac-reunion.fr\/clg-hegesippe-hoarau\/wp-json\/wp\/v2\/categories?post=4230"},{"taxonomy":"post_tag","embeddable":true,"href":"https:\/\/etab.ac-reunion.fr\/clg-hegesippe-hoarau\/wp-json\/wp\/v2\/tags?post=4230"}],"curies":[{"name":"wp","href":"https:\/\/api.w.org\/{rel}","templated":true}]}}