{"id":4302,"date":"2023-12-01T09:33:30","date_gmt":"2023-12-01T05:33:30","guid":{"rendered":"https:\/\/etab.ac-reunion.fr\/clg-hegesippe-hoarau\/?p=4302"},"modified":"2023-12-01T09:33:59","modified_gmt":"2023-12-01T05:33:59","slug":"sortir-armeflhor","status":"publish","type":"post","link":"https:\/\/etab.ac-reunion.fr\/clg-hegesippe-hoarau\/2023\/12\/01\/sortir-armeflhor\/","title":{"rendered":"Sortie Armeflhor"},"content":{"rendered":"<p><strong>Le coll\u00e8ge H. Hoarau aux rencontres \u00ab\u00a0Agrofert\u2019\u00eeles Junior\u00a0\u00bb 2023 \u00e0 St Pierre<br \/>\n<\/strong><\/p>\n<p><span style=\"font-family: Ubuntu\">Organis\u00e9es par la Direction de l\u2019Agriculture, de l\u2019Alimentation et de la for\u00eat de La R\u00e9union (DAAF974), accompagn\u00e9e par de nombreux partenaires, les rencontres \u00ab Agrofert\u2019\u00eeles junior \u00bb se sont d\u00e9roul\u00e9es sur <\/span>deux lieux \u00e0 deux dates diff\u00e9rentes. Les journ\u00e9es \u00ab\u00a0animal\u00a0\u00bb se sont tenues \u00e0 St Joseph (EPLEFPA) les 9 et 10 novembre\u00a0; les journ\u00e9es \u00ab\u00a0canne et v\u00e9g\u00e9tal\u00a0\u00bb \u00e0 St Pierre (Armeflhor) les 16 et 17 novembre.<\/p>\n<p><img loading=\"lazy\" decoding=\"async\" class=\"aligncenter size-large wp-image-4308\" src=\"https:\/\/etab.ac-reunion.fr\/clg-hegesippe-hoarau\/wp-content\/uploads\/sites\/157\/2023\/12\/Groupe-Sortie-17_11-1024x771.jpg\" alt=\"\" width=\"900\" height=\"678\" srcset=\"https:\/\/etab.ac-reunion.fr\/clg-hegesippe-hoarau\/wp-content\/uploads\/sites\/157\/2023\/12\/Groupe-Sortie-17_11-1024x771.jpg 1024w, https:\/\/etab.ac-reunion.fr\/clg-hegesippe-hoarau\/wp-content\/uploads\/sites\/157\/2023\/12\/Groupe-Sortie-17_11-300x226.jpg 300w, https:\/\/etab.ac-reunion.fr\/clg-hegesippe-hoarau\/wp-content\/uploads\/sites\/157\/2023\/12\/Groupe-Sortie-17_11-768x578.jpg 768w, https:\/\/etab.ac-reunion.fr\/clg-hegesippe-hoarau\/wp-content\/uploads\/sites\/157\/2023\/12\/Groupe-Sortie-17_11-1536x1157.jpg 1536w, https:\/\/etab.ac-reunion.fr\/clg-hegesippe-hoarau\/wp-content\/uploads\/sites\/157\/2023\/12\/Groupe-Sortie-17_11-2048x1542.jpg 2048w, https:\/\/etab.ac-reunion.fr\/clg-hegesippe-hoarau\/wp-content\/uploads\/sites\/157\/2023\/12\/Groupe-Sortie-17_11-150x113.jpg 150w\" sizes=\"auto, (max-width: 900px) 100vw, 900px\" \/>C\u2019est dans ce cadre qu\u2019un groupe de 30 \u00e9l\u00e8ves du coll\u00e8ge a pu se rendre sur le site de l\u2019Association R\u00e9unionnaise pour la Modernisation de l\u2019\u00c9conomie Fruiti\u00e8re L\u00e9gumi\u00e8re et Horticole (ARMEFLHOR) \u00e0 Bassin Martin (St Pierre) le vendredi 17 novembre le matin.<\/p>\n<p><img loading=\"lazy\" decoding=\"async\" class=\"aligncenter size-large wp-image-4303\" src=\"https:\/\/etab.ac-reunion.fr\/clg-hegesippe-hoarau\/wp-content\/uploads\/sites\/157\/2023\/12\/Atelier-agrumes-degustation-1024x768.jpg\" alt=\"\" width=\"900\" height=\"675\" srcset=\"https:\/\/etab.ac-reunion.fr\/clg-hegesippe-hoarau\/wp-content\/uploads\/sites\/157\/2023\/12\/Atelier-agrumes-degustation-1024x768.jpg 1024w, https:\/\/etab.ac-reunion.fr\/clg-hegesippe-hoarau\/wp-content\/uploads\/sites\/157\/2023\/12\/Atelier-agrumes-degustation-300x225.jpg 300w, https:\/\/etab.ac-reunion.fr\/clg-hegesippe-hoarau\/wp-content\/uploads\/sites\/157\/2023\/12\/Atelier-agrumes-degustation-768x576.jpg 768w, https:\/\/etab.ac-reunion.fr\/clg-hegesippe-hoarau\/wp-content\/uploads\/sites\/157\/2023\/12\/Atelier-agrumes-degustation-150x113.jpg 150w, https:\/\/etab.ac-reunion.fr\/clg-hegesippe-hoarau\/wp-content\/uploads\/sites\/157\/2023\/12\/Atelier-agrumes-degustation.jpg 1280w\" sizes=\"auto, (max-width: 900px) 100vw, 900px\" \/><img loading=\"lazy\" decoding=\"async\" class=\"aligncenter size-large wp-image-4304\" src=\"https:\/\/etab.ac-reunion.fr\/clg-hegesippe-hoarau\/wp-content\/uploads\/sites\/157\/2023\/12\/Atelier-Agrumes-1024x768.jpg\" alt=\"\" width=\"900\" height=\"675\" srcset=\"https:\/\/etab.ac-reunion.fr\/clg-hegesippe-hoarau\/wp-content\/uploads\/sites\/157\/2023\/12\/Atelier-Agrumes-1024x768.jpg 1024w, https:\/\/etab.ac-reunion.fr\/clg-hegesippe-hoarau\/wp-content\/uploads\/sites\/157\/2023\/12\/Atelier-Agrumes-300x225.jpg 300w, https:\/\/etab.ac-reunion.fr\/clg-hegesippe-hoarau\/wp-content\/uploads\/sites\/157\/2023\/12\/Atelier-Agrumes-768x576.jpg 768w, https:\/\/etab.ac-reunion.fr\/clg-hegesippe-hoarau\/wp-content\/uploads\/sites\/157\/2023\/12\/Atelier-Agrumes-150x113.jpg 150w, https:\/\/etab.ac-reunion.fr\/clg-hegesippe-hoarau\/wp-content\/uploads\/sites\/157\/2023\/12\/Atelier-Agrumes.jpg 1280w\" sizes=\"auto, (max-width: 900px) 100vw, 900px\" \/>\u00a0\u00a0\u00a0\u00a0\u00a0\u00a0\u00a0\u00a0\u00a0\u00a0\u00a0 Ces \u00e9l\u00e8ves de tous les niveaux de la 6<sup>\u00e8me<\/sup> \u00e0 la 3<sup>\u00e8me<\/sup> ont \u00e9t\u00e9 retenus parmi l\u2019ensemble des volontaires pour leur engagement au sein de l\u2019atelier \u00ab\u00a0potager\u00a0\u00bb du coll\u00e8ge ou en tant qu\u2019\u00e9co-d\u00e9l\u00e9gu\u00e9 de leur classe. Ils \u00e9taient donc accompagn\u00e9s par Mme Tran enseignante de SVT et R\u00e9f\u00e9rente EDD (\u00c9ducation au D\u00e9veloppement Durable), M. Cadet (animateur de l\u2019atelier potager) et M. Honvault, enseignant documentaliste porteur de ce projet de sortie.<\/p>\n<p><img loading=\"lazy\" decoding=\"async\" class=\"aligncenter size-large wp-image-4307\" src=\"https:\/\/etab.ac-reunion.fr\/clg-hegesippe-hoarau\/wp-content\/uploads\/sites\/157\/2023\/12\/Atelier-fraise-armelle-768x1024.jpg\" alt=\"\" width=\"768\" height=\"1024\" srcset=\"https:\/\/etab.ac-reunion.fr\/clg-hegesippe-hoarau\/wp-content\/uploads\/sites\/157\/2023\/12\/Atelier-fraise-armelle-768x1024.jpg 768w, https:\/\/etab.ac-reunion.fr\/clg-hegesippe-hoarau\/wp-content\/uploads\/sites\/157\/2023\/12\/Atelier-fraise-armelle-225x300.jpg 225w, https:\/\/etab.ac-reunion.fr\/clg-hegesippe-hoarau\/wp-content\/uploads\/sites\/157\/2023\/12\/Atelier-fraise-armelle-113x150.jpg 113w, https:\/\/etab.ac-reunion.fr\/clg-hegesippe-hoarau\/wp-content\/uploads\/sites\/157\/2023\/12\/Atelier-fraise-armelle.jpg 960w\" sizes=\"auto, (max-width: 768px) 100vw, 768px\" \/><br \/>\n<img loading=\"lazy\" decoding=\"async\" class=\"aligncenter size-large wp-image-4306\" src=\"https:\/\/etab.ac-reunion.fr\/clg-hegesippe-hoarau\/wp-content\/uploads\/sites\/157\/2023\/12\/Atelier-compostage-1024x768.jpg\" alt=\"\" width=\"900\" height=\"675\" srcset=\"https:\/\/etab.ac-reunion.fr\/clg-hegesippe-hoarau\/wp-content\/uploads\/sites\/157\/2023\/12\/Atelier-compostage-1024x768.jpg 1024w, https:\/\/etab.ac-reunion.fr\/clg-hegesippe-hoarau\/wp-content\/uploads\/sites\/157\/2023\/12\/Atelier-compostage-300x225.jpg 300w, https:\/\/etab.ac-reunion.fr\/clg-hegesippe-hoarau\/wp-content\/uploads\/sites\/157\/2023\/12\/Atelier-compostage-768x576.jpg 768w, https:\/\/etab.ac-reunion.fr\/clg-hegesippe-hoarau\/wp-content\/uploads\/sites\/157\/2023\/12\/Atelier-compostage-150x113.jpg 150w, https:\/\/etab.ac-reunion.fr\/clg-hegesippe-hoarau\/wp-content\/uploads\/sites\/157\/2023\/12\/Atelier-compostage.jpg 1280w\" sizes=\"auto, (max-width: 900px) 100vw, 900px\" \/>Sur place, 37 ateliers r\u00e9partis sur tout le site \u00e9taient propos\u00e9s aux nombreuses classes des diff\u00e9rents \u00e9tablissements du sud et l\u2019ouest de l\u2019acad\u00e9mie. Nos \u00e9l\u00e8ves ont \u00e9t\u00e9 r\u00e9partis dans deux groupes et comme tous les autres coll\u00e9giens et lyc\u00e9ens, ont pu suivre un programme de 5 ateliers anim\u00e9s par des professionnels sur chaque stand. Au programme :<\/p>\n<p>&#8211; Vari\u00e9t\u00e9s de canne (hybridation)<\/p>\n<p>&#8211; R\u00e9duction des herbicides en canne \u00e0 sucre<\/p>\n<p>&#8211; Nouvelles vari\u00e9t\u00e9s de fraises adapt\u00e9es \u00e0 La R\u00e9union<\/p>\n<p>&#8211; Traitement des effluents par co-compostage<\/p>\n<p>&#8211; Filet de protection contre les bioagresseurs des agrumes (bact\u00e9ries des insectes)<\/p>\n<p><img loading=\"lazy\" decoding=\"async\" class=\"aligncenter size-large wp-image-4305\" src=\"https:\/\/etab.ac-reunion.fr\/clg-hegesippe-hoarau\/wp-content\/uploads\/sites\/157\/2023\/12\/Atelier-compostage-Affiche-1024x768.jpg\" alt=\"\" width=\"900\" height=\"675\" srcset=\"https:\/\/etab.ac-reunion.fr\/clg-hegesippe-hoarau\/wp-content\/uploads\/sites\/157\/2023\/12\/Atelier-compostage-Affiche-1024x768.jpg 1024w, https:\/\/etab.ac-reunion.fr\/clg-hegesippe-hoarau\/wp-content\/uploads\/sites\/157\/2023\/12\/Atelier-compostage-Affiche-300x225.jpg 300w, https:\/\/etab.ac-reunion.fr\/clg-hegesippe-hoarau\/wp-content\/uploads\/sites\/157\/2023\/12\/Atelier-compostage-Affiche-768x576.jpg 768w, https:\/\/etab.ac-reunion.fr\/clg-hegesippe-hoarau\/wp-content\/uploads\/sites\/157\/2023\/12\/Atelier-compostage-Affiche-150x113.jpg 150w, https:\/\/etab.ac-reunion.fr\/clg-hegesippe-hoarau\/wp-content\/uploads\/sites\/157\/2023\/12\/Atelier-compostage-Affiche.jpg 1280w\" sizes=\"auto, (max-width: 900px) 100vw, 900px\" \/><\/p>\n<p>La pluie n\u2019a pas entam\u00e9 l\u2019enthousiasme des participants et de nos \u00e9l\u00e8ves. Gr\u00e2ce \u00e0 l\u2019\u00e9nergie des intervenants, \u00e0 une pause gouter pour se r\u00e9chauffer et aux d\u00e9gustations -en particulier d\u2019agrumes- nos \u00e9l\u00e8ves sont rest\u00e9s mobilis\u00e9s jusqu\u2019\u00e0 la fin.<\/p>\n<p>Le bus repris \u00e0 11h45 nous a permis d\u2019\u00eatre au coll\u00e8ge pour le d\u00e9jeuner.<\/p>\n<p>Merci \u00e0 toute l\u2019\u00e9quipe du la DAAF et de l\u2019ARMEFLHOR, ainsi qu\u2019aux intervenants sur les stands pour cette matin\u00e9e sur le monde v\u00e9g\u00e9tal tr\u00e8s enrichissante.<\/p>\n<p>Un prolongement de cette sortie est pr\u00e9vu au coll\u00e8ge avec des articles dans le journal du coll\u00e8ge et une exposition au CDI par des \u00e9co-d\u00e9l\u00e9gu\u00e9s. Nul doute que ces rencontres nourriront le travail de l\u2019atelier \u00ab\u00a0potager\u00a0\u00bb.<\/p>\n<!-- AddThis Advanced Settings generic via filter on the_content --><!-- AddThis Share Buttons generic via filter on the_content -->","protected":false},"excerpt":{"rendered":"<p>Le coll\u00e8ge H. Hoarau aux rencontres \u00ab\u00a0Agrofert\u2019\u00eeles Junior\u00a0\u00bb 2023 \u00e0 St Pierre Organis\u00e9es par la Direction de l\u2019Agriculture, de l\u2019Alimentation et de la for\u00eat de La R\u00e9union (DAAF974), accompagn\u00e9e par de nombreux partenaires, les rencontres \u00ab Agrofert\u2019\u00eeles junior \u00bb se sont d\u00e9roul\u00e9es sur deux lieux \u00e0 deux dates diff\u00e9rentes. Les\u2026<!-- AddThis Advanced Settings generic via filter on get_the_excerpt --><!-- AddThis Share Buttons generic via filter on get_the_excerpt --><\/p>\n<p class=\"continue-reading-button\"> <a class=\"continue-reading-link\" href=\"https:\/\/etab.ac-reunion.fr\/clg-hegesippe-hoarau\/2023\/12\/01\/sortir-armeflhor\/\">Lire plus<i class=\"crycon-right-dir\"><\/i><\/a><\/p>\n","protected":false},"author":17426,"featured_media":4308,"comment_status":"closed","ping_status":"closed","sticky":false,"template":"","format":"standard","meta":{"footnotes":""},"categories":[69,39,27],"tags":[],"class_list":["post-4302","post","type-post","status-publish","format-standard","has-post-thumbnail","hentry","category-cdi","category-developpement-durable","category-evenements"],"_links":{"self":[{"href":"https:\/\/etab.ac-reunion.fr\/clg-hegesippe-hoarau\/wp-json\/wp\/v2\/posts\/4302","targetHints":{"allow":["GET"]}}],"collection":[{"href":"https:\/\/etab.ac-reunion.fr\/clg-hegesippe-hoarau\/wp-json\/wp\/v2\/posts"}],"about":[{"href":"https:\/\/etab.ac-reunion.fr\/clg-hegesippe-hoarau\/wp-json\/wp\/v2\/types\/post"}],"author":[{"embeddable":true,"href":"https:\/\/etab.ac-reunion.fr\/clg-hegesippe-hoarau\/wp-json\/wp\/v2\/users\/17426"}],"replies":[{"embeddable":true,"href":"https:\/\/etab.ac-reunion.fr\/clg-hegesippe-hoarau\/wp-json\/wp\/v2\/comments?post=4302"}],"version-history":[{"count":2,"href":"https:\/\/etab.ac-reunion.fr\/clg-hegesippe-hoarau\/wp-json\/wp\/v2\/posts\/4302\/revisions"}],"predecessor-version":[{"id":4310,"href":"https:\/\/etab.ac-reunion.fr\/clg-hegesippe-hoarau\/wp-json\/wp\/v2\/posts\/4302\/revisions\/4310"}],"wp:featuredmedia":[{"embeddable":true,"href":"https:\/\/etab.ac-reunion.fr\/clg-hegesippe-hoarau\/wp-json\/wp\/v2\/media\/4308"}],"wp:attachment":[{"href":"https:\/\/etab.ac-reunion.fr\/clg-hegesippe-hoarau\/wp-json\/wp\/v2\/media?parent=4302"}],"wp:term":[{"taxonomy":"category","embeddable":true,"href":"https:\/\/etab.ac-reunion.fr\/clg-hegesippe-hoarau\/wp-json\/wp\/v2\/categories?post=4302"},{"taxonomy":"post_tag","embeddable":true,"href":"https:\/\/etab.ac-reunion.fr\/clg-hegesippe-hoarau\/wp-json\/wp\/v2\/tags?post=4302"}],"curies":[{"name":"wp","href":"https:\/\/api.w.org\/{rel}","templated":true}]}}