{"id":4332,"date":"2023-12-18T08:26:35","date_gmt":"2023-12-18T04:26:35","guid":{"rendered":"https:\/\/etab.ac-reunion.fr\/clg-hegesippe-hoarau\/?p=4332"},"modified":"2023-12-18T08:43:44","modified_gmt":"2023-12-18T04:43:44","slug":"semaine-de-la-laicite-2","status":"publish","type":"post","link":"https:\/\/etab.ac-reunion.fr\/clg-hegesippe-hoarau\/2023\/12\/18\/semaine-de-la-laicite-2\/","title":{"rendered":"Semaine de la la\u00efcit\u00e9"},"content":{"rendered":"<p><span style=\"font-family: Times New Roman, serif\"><span style=\"font-size: large\"><span lang=\"fr-RE\"><b>Semaine de la la\u00efcit\u00e9 du 4 au 9 d\u00e9cembre 2023 au coll\u00e8ge H. HOARAU\u00a0:<\/b><\/span><\/span><\/span><\/p>\n<p align=\"justify\"><span style=\"font-family: Times New Roman, serif\"><span lang=\"fr-RE\">L<\/span><\/span><span style=\"font-family: Times New Roman, serif\"><span lang=\"fr-RE\"><b>e 9 d\u00e9cembre est dit \u00ab\u00a0jour de la la\u00efcit\u00e9\u00a0\u00bb<\/b><\/span><\/span><span style=\"font-family: Times New Roman, serif\"><span lang=\"fr-RE\"> du fait de l\u2019anniversaire de la promulgation le 9 d\u00e9cembre 1905, de la loi de s\u00e9paration des \u00c9glises et de l\u2019\u00c9tat. Depuis 2015, cet anniversaire est au programme des activit\u00e9s \u00e9ducatives. <\/span><\/span><span style=\"font-family: Times New Roman, serif\"><span lang=\"fr-RE\"><b>Cette ann\u00e9e, le th\u00e8me retenu est \u00ab\u00a0la la\u00efcit\u00e9 \u00e0 c\u0153ur\u00a0\u00bb.<\/b><\/span><\/span><\/p>\n<p align=\"justify\"><img loading=\"lazy\" decoding=\"async\" class=\"aligncenter size-large wp-image-4334\" src=\"https:\/\/etab.ac-reunion.fr\/clg-hegesippe-hoarau\/wp-content\/uploads\/sites\/157\/2023\/12\/visuel-annonce-f-te-de-la-la-cit-2023-45282-1024x558.png\" alt=\"\" width=\"900\" height=\"490\" srcset=\"https:\/\/etab.ac-reunion.fr\/clg-hegesippe-hoarau\/wp-content\/uploads\/sites\/157\/2023\/12\/visuel-annonce-f-te-de-la-la-cit-2023-45282-1024x558.png 1024w, https:\/\/etab.ac-reunion.fr\/clg-hegesippe-hoarau\/wp-content\/uploads\/sites\/157\/2023\/12\/visuel-annonce-f-te-de-la-la-cit-2023-45282-300x163.png 300w, https:\/\/etab.ac-reunion.fr\/clg-hegesippe-hoarau\/wp-content\/uploads\/sites\/157\/2023\/12\/visuel-annonce-f-te-de-la-la-cit-2023-45282-768x418.png 768w, https:\/\/etab.ac-reunion.fr\/clg-hegesippe-hoarau\/wp-content\/uploads\/sites\/157\/2023\/12\/visuel-annonce-f-te-de-la-la-cit-2023-45282-150x82.png 150w, https:\/\/etab.ac-reunion.fr\/clg-hegesippe-hoarau\/wp-content\/uploads\/sites\/157\/2023\/12\/visuel-annonce-f-te-de-la-la-cit-2023-45282.png 1340w\" sizes=\"auto, (max-width: 900px) 100vw, 900px\" \/><\/p>\n<p align=\"justify\"><span style=\"font-family: Times New Roman, serif\"><span lang=\"fr-RE\">Le 9 d\u00e9cembre \u00e9tant un samedi, la la\u00efcit\u00e9 a \u00e9t\u00e9 mise au programme des 4\u00e8mes du coll\u00e8ge H. Hoarau, <\/span><\/span><span style=\"font-family: Times New Roman, serif\"><span lang=\"fr-RE\"><b>les jeudi 7 et vendredi 8 d\u00e9cembre matin au CDI-2.<\/b><\/span><\/span><span style=\"font-family: Times New Roman, serif\"><span lang=\"fr-RE\"> En effet, comme l\u2019an pass\u00e9, l\u2019\u00e9quipe de documentation a propos\u00e9 \u00e0 l\u2019association Agirabcd de travailler sur <\/span><\/span><span style=\"font-family: Times New Roman, serif\"><span lang=\"fr-RE\"><b>la charte de la la\u00efcit\u00e9 avec l\u2019ensemble des classes du niveau 4<\/b><\/span><\/span><sup><span style=\"font-family: Times New Roman, serif\"><span lang=\"fr-RE\"><b>\u00e8me<\/b><\/span><\/span><\/sup><span style=\"font-family: Times New Roman, serif\"><span lang=\"fr-RE\">.<\/p>\n<p>Voir la charte \u00e0 cette adresse :\u00a0<\/span><\/span><a href=\"https:\/\/etab.ac-reunion.fr\/clg-hegesippe-hoarau\/wp-content\/uploads\/sites\/157\/2023\/12\/chartelaicite-03-09-2015-accessible.pdf\">chartelaicite<\/a><\/p>\n<p align=\"justify\"><span style=\"font-family: Times New Roman, serif\"><span lang=\"fr-RE\">Ainsi, Mme Badon, membre de l\u2019association est intervenue une heure aupr\u00e8s de chacune des 4<\/span><\/span><sup><span style=\"font-family: Times New Roman, serif\"><span lang=\"fr-RE\">\u00e8me<\/span><\/span><\/sup><span style=\"font-family: Times New Roman, serif\"><span lang=\"fr-RE\"> du coll\u00e8ge en lien avec le CDI, de la 4A \u00e0 la 4M (soit huit s\u00e9ances). A partir d\u2019un diaporama, elle a pu aborder de mani\u00e8re interactive et crois\u00e9e les 15 articles de la charte et les comportements conformes aux valeurs de la R\u00e9publique attendus \u00e0 l\u2019\u00e9cole.<\/span><\/span><\/p>\n<p align=\"justify\"><div class=\"su-image-carousel  su-image-carousel-has-spacing su-image-carousel-has-outline su-image-carousel-adaptive su-image-carousel-slides-style-photo su-image-carousel-controls-style-dark su-image-carousel-align-none\" style=\"\" data-flickity-options='{\"groupCells\":true,\"cellSelector\":\".su-image-carousel-item\",\"adaptiveHeight\":true,\"cellAlign\":\"left\",\"prevNextButtons\":true,\"pageDots\":true,\"autoPlay\":10000,\"imagesLoaded\":true,\"contain\":false,\"selectedAttraction\":0.025,\"friction\":0.28}' id=\"su_image_carousel_69f75fc18e447\"><div class=\"su-image-carousel-item\"><div class=\"su-image-carousel-item-content\"><img loading=\"lazy\" decoding=\"async\" width=\"900\" height=\"676\" src=\"https:\/\/etab.ac-reunion.fr\/clg-hegesippe-hoarau\/wp-content\/uploads\/sites\/157\/2023\/12\/Avec-4M-de-dos-vendredi-1024x769.jpg\" class=\"\" alt=\"\" srcset=\"https:\/\/etab.ac-reunion.fr\/clg-hegesippe-hoarau\/wp-content\/uploads\/sites\/157\/2023\/12\/Avec-4M-de-dos-vendredi-1024x769.jpg 1024w, https:\/\/etab.ac-reunion.fr\/clg-hegesippe-hoarau\/wp-content\/uploads\/sites\/157\/2023\/12\/Avec-4M-de-dos-vendredi-300x225.jpg 300w, https:\/\/etab.ac-reunion.fr\/clg-hegesippe-hoarau\/wp-content\/uploads\/sites\/157\/2023\/12\/Avec-4M-de-dos-vendredi-768x577.jpg 768w, https:\/\/etab.ac-reunion.fr\/clg-hegesippe-hoarau\/wp-content\/uploads\/sites\/157\/2023\/12\/Avec-4M-de-dos-vendredi-1536x1153.jpg 1536w, https:\/\/etab.ac-reunion.fr\/clg-hegesippe-hoarau\/wp-content\/uploads\/sites\/157\/2023\/12\/Avec-4M-de-dos-vendredi-2048x1538.jpg 2048w, https:\/\/etab.ac-reunion.fr\/clg-hegesippe-hoarau\/wp-content\/uploads\/sites\/157\/2023\/12\/Avec-4M-de-dos-vendredi-150x113.jpg 150w\" sizes=\"auto, (max-width: 900px) 100vw, 900px\" \/><span><\/span><\/div><\/div><div class=\"su-image-carousel-item\"><div class=\"su-image-carousel-item-content\"><img loading=\"lazy\" decoding=\"async\" width=\"900\" height=\"676\" src=\"https:\/\/etab.ac-reunion.fr\/clg-hegesippe-hoarau\/wp-content\/uploads\/sites\/157\/2023\/12\/Classe-de-dos-jeudi-1024x769.jpg\" class=\"\" alt=\"\" srcset=\"https:\/\/etab.ac-reunion.fr\/clg-hegesippe-hoarau\/wp-content\/uploads\/sites\/157\/2023\/12\/Classe-de-dos-jeudi-1024x769.jpg 1024w, https:\/\/etab.ac-reunion.fr\/clg-hegesippe-hoarau\/wp-content\/uploads\/sites\/157\/2023\/12\/Classe-de-dos-jeudi-300x225.jpg 300w, https:\/\/etab.ac-reunion.fr\/clg-hegesippe-hoarau\/wp-content\/uploads\/sites\/157\/2023\/12\/Classe-de-dos-jeudi-768x577.jpg 768w, https:\/\/etab.ac-reunion.fr\/clg-hegesippe-hoarau\/wp-content\/uploads\/sites\/157\/2023\/12\/Classe-de-dos-jeudi-1536x1153.jpg 1536w, https:\/\/etab.ac-reunion.fr\/clg-hegesippe-hoarau\/wp-content\/uploads\/sites\/157\/2023\/12\/Classe-de-dos-jeudi-2048x1538.jpg 2048w, https:\/\/etab.ac-reunion.fr\/clg-hegesippe-hoarau\/wp-content\/uploads\/sites\/157\/2023\/12\/Classe-de-dos-jeudi-150x113.jpg 150w\" sizes=\"auto, (max-width: 900px) 100vw, 900px\" \/><span><\/span><\/div><\/div><div class=\"su-image-carousel-item\"><div class=\"su-image-carousel-item-content\"><img loading=\"lazy\" decoding=\"async\" width=\"900\" height=\"676\" src=\"https:\/\/etab.ac-reunion.fr\/clg-hegesippe-hoarau\/wp-content\/uploads\/sites\/157\/2023\/12\/Classe-de-dos_face-vendredi-1024x769.jpg\" class=\"\" alt=\"\" srcset=\"https:\/\/etab.ac-reunion.fr\/clg-hegesippe-hoarau\/wp-content\/uploads\/sites\/157\/2023\/12\/Classe-de-dos_face-vendredi-1024x769.jpg 1024w, https:\/\/etab.ac-reunion.fr\/clg-hegesippe-hoarau\/wp-content\/uploads\/sites\/157\/2023\/12\/Classe-de-dos_face-vendredi-300x225.jpg 300w, https:\/\/etab.ac-reunion.fr\/clg-hegesippe-hoarau\/wp-content\/uploads\/sites\/157\/2023\/12\/Classe-de-dos_face-vendredi-768x577.jpg 768w, https:\/\/etab.ac-reunion.fr\/clg-hegesippe-hoarau\/wp-content\/uploads\/sites\/157\/2023\/12\/Classe-de-dos_face-vendredi-1536x1153.jpg 1536w, https:\/\/etab.ac-reunion.fr\/clg-hegesippe-hoarau\/wp-content\/uploads\/sites\/157\/2023\/12\/Classe-de-dos_face-vendredi-2048x1538.jpg 2048w, https:\/\/etab.ac-reunion.fr\/clg-hegesippe-hoarau\/wp-content\/uploads\/sites\/157\/2023\/12\/Classe-de-dos_face-vendredi-150x113.jpg 150w\" sizes=\"auto, (max-width: 900px) 100vw, 900px\" \/><span><\/span><\/div><\/div><div class=\"su-image-carousel-item\"><div class=\"su-image-carousel-item-content\"><img loading=\"lazy\" decoding=\"async\" width=\"900\" height=\"676\" src=\"https:\/\/etab.ac-reunion.fr\/clg-hegesippe-hoarau\/wp-content\/uploads\/sites\/157\/2023\/12\/Mme-BADION-et-4eme-de-face-jeudi-1024x769.jpg\" class=\"\" alt=\"\" srcset=\"https:\/\/etab.ac-reunion.fr\/clg-hegesippe-hoarau\/wp-content\/uploads\/sites\/157\/2023\/12\/Mme-BADION-et-4eme-de-face-jeudi-1024x769.jpg 1024w, https:\/\/etab.ac-reunion.fr\/clg-hegesippe-hoarau\/wp-content\/uploads\/sites\/157\/2023\/12\/Mme-BADION-et-4eme-de-face-jeudi-300x225.jpg 300w, https:\/\/etab.ac-reunion.fr\/clg-hegesippe-hoarau\/wp-content\/uploads\/sites\/157\/2023\/12\/Mme-BADION-et-4eme-de-face-jeudi-768x577.jpg 768w, https:\/\/etab.ac-reunion.fr\/clg-hegesippe-hoarau\/wp-content\/uploads\/sites\/157\/2023\/12\/Mme-BADION-et-4eme-de-face-jeudi-1536x1153.jpg 1536w, https:\/\/etab.ac-reunion.fr\/clg-hegesippe-hoarau\/wp-content\/uploads\/sites\/157\/2023\/12\/Mme-BADION-et-4eme-de-face-jeudi-2048x1538.jpg 2048w, https:\/\/etab.ac-reunion.fr\/clg-hegesippe-hoarau\/wp-content\/uploads\/sites\/157\/2023\/12\/Mme-BADION-et-4eme-de-face-jeudi-150x113.jpg 150w\" sizes=\"auto, (max-width: 900px) 100vw, 900px\" \/><span><\/span><\/div><\/div><\/div><script id=\"su_image_carousel_69f75fc18e447_script\">if(window.SUImageCarousel){setTimeout(function() {window.SUImageCarousel.initGallery(document.getElementById(\"su_image_carousel_69f75fc18e447\"))}, 0);}var su_image_carousel_69f75fc18e447_script=document.getElementById(\"su_image_carousel_69f75fc18e447_script\");if(su_image_carousel_69f75fc18e447_script){su_image_carousel_69f75fc18e447_script.parentNode.removeChild(su_image_carousel_69f75fc18e447_script);}<\/script>\n<p align=\"justify\"><span style=\"font-family: Times New Roman, serif\"><span lang=\"fr-RE\"><b>Pour rappel\u00a0: L\u2019association AGIRabcd<\/b><\/span><\/span><span style=\"font-family: Times New Roman, serif\"><span lang=\"fr-RE\"> (Association G\u00e9n\u00e9rale des Intervenants Retrait\u00e9s Action de B\u00e9n\u00e9voles pour la Coop\u00e9ration et le D\u00e9veloppement) est homologu\u00e9e par l\u2019\u00c9ducation Nationale.<\/span><\/span><\/p>\n<p align=\"justify\"><span lang=\"fr-RE\">Nous remercions AGIRAbcd et tout particuli\u00e8rement Mme Badon pour son implication et sa disponibilit\u00e9 aupr\u00e8s de nos \u00e9l\u00e8ves.<\/span><\/p>\n<p align=\"justify\">\n<!-- AddThis Advanced Settings generic via filter on the_content --><!-- AddThis Share Buttons generic via filter on the_content -->","protected":false},"excerpt":{"rendered":"<p>Semaine de la la\u00efcit\u00e9 du 4 au 9 d\u00e9cembre 2023 au coll\u00e8ge H. HOARAU\u00a0: Le 9 d\u00e9cembre est dit \u00ab\u00a0jour de la la\u00efcit\u00e9\u00a0\u00bb du fait de l\u2019anniversaire de la promulgation le 9 d\u00e9cembre 1905, de la loi de s\u00e9paration des \u00c9glises et de l\u2019\u00c9tat. Depuis 2015, cet anniversaire est au\u2026<!-- AddThis Advanced Settings generic via filter on get_the_excerpt --><!-- AddThis Share Buttons generic via filter on get_the_excerpt --><\/p>\n<p class=\"continue-reading-button\"> <a class=\"continue-reading-link\" href=\"https:\/\/etab.ac-reunion.fr\/clg-hegesippe-hoarau\/2023\/12\/18\/semaine-de-la-laicite-2\/\">Lire plus<i class=\"crycon-right-dir\"><\/i><\/a><\/p>\n","protected":false},"author":17426,"featured_media":4334,"comment_status":"closed","ping_status":"closed","sticky":false,"template":"","format":"standard","meta":{"footnotes":""},"categories":[69,27],"tags":[],"class_list":["post-4332","post","type-post","status-publish","format-standard","has-post-thumbnail","hentry","category-cdi","category-evenements"],"_links":{"self":[{"href":"https:\/\/etab.ac-reunion.fr\/clg-hegesippe-hoarau\/wp-json\/wp\/v2\/posts\/4332","targetHints":{"allow":["GET"]}}],"collection":[{"href":"https:\/\/etab.ac-reunion.fr\/clg-hegesippe-hoarau\/wp-json\/wp\/v2\/posts"}],"about":[{"href":"https:\/\/etab.ac-reunion.fr\/clg-hegesippe-hoarau\/wp-json\/wp\/v2\/types\/post"}],"author":[{"embeddable":true,"href":"https:\/\/etab.ac-reunion.fr\/clg-hegesippe-hoarau\/wp-json\/wp\/v2\/users\/17426"}],"replies":[{"embeddable":true,"href":"https:\/\/etab.ac-reunion.fr\/clg-hegesippe-hoarau\/wp-json\/wp\/v2\/comments?post=4332"}],"version-history":[{"count":3,"href":"https:\/\/etab.ac-reunion.fr\/clg-hegesippe-hoarau\/wp-json\/wp\/v2\/posts\/4332\/revisions"}],"predecessor-version":[{"id":4341,"href":"https:\/\/etab.ac-reunion.fr\/clg-hegesippe-hoarau\/wp-json\/wp\/v2\/posts\/4332\/revisions\/4341"}],"wp:featuredmedia":[{"embeddable":true,"href":"https:\/\/etab.ac-reunion.fr\/clg-hegesippe-hoarau\/wp-json\/wp\/v2\/media\/4334"}],"wp:attachment":[{"href":"https:\/\/etab.ac-reunion.fr\/clg-hegesippe-hoarau\/wp-json\/wp\/v2\/media?parent=4332"}],"wp:term":[{"taxonomy":"category","embeddable":true,"href":"https:\/\/etab.ac-reunion.fr\/clg-hegesippe-hoarau\/wp-json\/wp\/v2\/categories?post=4332"},{"taxonomy":"post_tag","embeddable":true,"href":"https:\/\/etab.ac-reunion.fr\/clg-hegesippe-hoarau\/wp-json\/wp\/v2\/tags?post=4332"}],"curies":[{"name":"wp","href":"https:\/\/api.w.org\/{rel}","templated":true}]}}