{"id":4343,"date":"2024-02-01T10:39:43","date_gmt":"2024-02-01T06:39:43","guid":{"rendered":"https:\/\/etab.ac-reunion.fr\/clg-hegesippe-hoarau\/?p=4343"},"modified":"2024-02-01T10:39:43","modified_gmt":"2024-02-01T06:39:43","slug":"concours-de-dessin-de-noel-2023","status":"publish","type":"post","link":"https:\/\/etab.ac-reunion.fr\/clg-hegesippe-hoarau\/2024\/02\/01\/concours-de-dessin-de-noel-2023\/","title":{"rendered":"Concours de dessin de No\u00ebl 2023"},"content":{"rendered":"<p><span style=\"font-family: Times New Roman, serif\"><span lang=\"fr-RE\">Au mois de d\u00e9cembre 2023, comme fin 2022, le CDI a propos\u00e9 aux \u00e9l\u00e8ves du coll\u00e8ge aimant les arts plastiques de participer \u00e0 un concours de dessins. Toutes les techniques \u00e9taient autoris\u00e9es. Le th\u00e8me\u00a0: \u00ab\u00a0Noel \u00e0 la R\u00e9union\u00a0\u00bb. <\/span><\/span><\/p>\n<p><span style=\"font-family: Times New Roman, serif\"><span lang=\"fr-RE\">Pr\u00e8s d\u2019une cinquantaine d\u2019\u00e9l\u00e8ves de tous niveaux (mais essentiellement de 6<\/span><\/span><sup><span style=\"font-family: Times New Roman, serif\"><span lang=\"fr-RE\">\u00e8me<\/span><\/span><\/sup><span style=\"font-family: Times New Roman, serif\"><span lang=\"fr-RE\"> et 5<\/span><\/span><sup><span style=\"font-family: Times New Roman, serif\"><span lang=\"fr-RE\">\u00e8me<\/span><\/span><\/sup><span style=\"font-family: Times New Roman, serif\"><span lang=\"fr-RE\">) se sont inscrits et ont commenc\u00e9 des dessins. Si certains n\u2019ont pas termin\u00e9 ou ont pr\u00e9f\u00e9r\u00e9 renoncer \u00e0 participer, d\u2019autres ont d\u00fb choisir une production parmi plusieurs r\u00e9alis\u00e9es au CDI.<\/span><\/span><\/p>\n<p><span style=\"font-family: Times New Roman, serif\"><span lang=\"fr-RE\"><b>Au final, 24 productions d\u2019\u00e9l\u00e8ves ont \u00e9t\u00e9 expos\u00e9es au CDI la derni\u00e8re semaine de d\u00e9cembre et \u00e0 la reprise en janvier 2024. <\/b><\/span><\/span><\/p>\n<p><span style=\"font-family: Times New Roman, serif\"><span lang=\"fr-RE\">En effet, le jury n\u2019ayant pu se r\u00e9unir fin d\u00e9cembre, exposition et d\u00e9corations de f\u00eate sont rest\u00e9es au CDI jusqu\u2019au mardi 23 janvier 2024 midi date retenue pour la remise des prix. <\/span><\/span><\/p>\n<p><span style=\"font-family: Times New Roman, serif\"><span lang=\"fr-RE\">Comme lors des autres prix, plusieurs jurys ont \u00e9t\u00e9 constitu\u00e9s\u00a0: \u00e9quipe de Direction, CPE et informaticien, enseignants d\u2019arts plastiques et \u00e9quipe de documentation, afin que des sensibilit\u00e9s et des points de vue diff\u00e9rents puissent \u00eatre pris en compte.\u00a0<\/span><\/span><\/p>\n<ul>\n<li><a name=\"_GoBack\"><\/a> <span style=\"font-family: Times New Roman, serif\"><span lang=\"fr-RE\"><b>Prix de l\u2019\u00e9quipe de Direction<\/b><\/span><\/span><span style=\"font-family: Times New Roman, serif\"><span lang=\"fr-RE\"> : SHUM KING, Lo-Han (6B)<\/span><\/span><\/li>\n<\/ul>\n<ul>\n<li><span style=\"font-family: Times New Roman, serif\"><span lang=\"fr-RE\"><b>Prix de l\u2019\u00e9quipe vie scolaire\/Tice<\/b><\/span><\/span><span style=\"font-family: Times New Roman, serif\"><span lang=\"fr-RE\">: ETHEVE, Adeline (6A)<\/span><\/span><\/li>\n<\/ul>\n<ul>\n<li><span style=\"font-family: Times New Roman, serif\"><span lang=\"fr-RE\"><b>Prix des arts plastiques<\/b><\/span><\/span><span style=\"font-family: Times New Roman, serif\"><span lang=\"fr-RE\">: KRAUFEL, David (6B)<\/span><\/span><\/li>\n<\/ul>\n<ul>\n<li><span style=\"font-family: Times New Roman, serif\"><span lang=\"fr-RE\"><b>Prix du CDI<\/b><\/span><\/span><span style=\"font-family: Times New Roman, serif\"><span lang=\"fr-RE\">: DIJOUX, Kenza (4C)\u00a0<\/span><\/span><\/li>\n<\/ul>\n<p><span style=\"font-family: Times New Roman, serif\"><span lang=\"fr-RE\">Les gagnants ont re\u00e7u des mains des jurys des livres (mangas ou ouvrage technique d\u2019apprentissage du dessin). L\u2019\u00e9quipe de Direction n\u2019ayant pu se lib\u00e9rer le prix a \u00e9t\u00e9 remis par les autres jurys. Tous les participants ont \u00e9t\u00e9 f\u00e9licit\u00e9s. L\u2019\u00e9quipe de documentation leur a offert -ainsi qu\u2019aux \u00e9l\u00e8ves pr\u00e9sents au CDI pour cet \u00e9v\u00e9nement- un marque page \u00e0 personnaliser.<\/span><\/span><\/p>\n<p><span style=\"font-family: Times New Roman, serif\"><span lang=\"fr-RE\">Une nouvelle chance de l\u2019emporter sera offerte prochainement avec l\u2019\u00e9dition 2024 du concours d\u2019illustration du carnet de correspondance. A suivre donc\u2026<\/span><\/span><\/p>\n<div class=\"su-image-carousel  su-image-carousel-has-spacing su-image-carousel-has-outline su-image-carousel-adaptive su-image-carousel-slides-style-photo su-image-carousel-controls-style-dark su-image-carousel-align-none\" style=\"\" data-flickity-options='{\"groupCells\":true,\"cellSelector\":\".su-image-carousel-item\",\"adaptiveHeight\":true,\"cellAlign\":\"left\",\"prevNextButtons\":true,\"pageDots\":true,\"autoPlay\":10000,\"imagesLoaded\":true,\"contain\":false,\"selectedAttraction\":0.025,\"friction\":0.28}' id=\"su_image_carousel_69f75fe43a565\"><div class=\"su-image-carousel-item\"><div class=\"su-image-carousel-item-content\"><img loading=\"lazy\" decoding=\"async\" width=\"900\" height=\"676\" src=\"https:\/\/etab.ac-reunion.fr\/clg-hegesippe-hoarau\/wp-content\/uploads\/sites\/157\/2024\/02\/prix-Arts-plastiques-Noel-2023-1024x769.jpg\" class=\"\" alt=\"\" srcset=\"https:\/\/etab.ac-reunion.fr\/clg-hegesippe-hoarau\/wp-content\/uploads\/sites\/157\/2024\/02\/prix-Arts-plastiques-Noel-2023-1024x769.jpg 1024w, https:\/\/etab.ac-reunion.fr\/clg-hegesippe-hoarau\/wp-content\/uploads\/sites\/157\/2024\/02\/prix-Arts-plastiques-Noel-2023-300x225.jpg 300w, https:\/\/etab.ac-reunion.fr\/clg-hegesippe-hoarau\/wp-content\/uploads\/sites\/157\/2024\/02\/prix-Arts-plastiques-Noel-2023-768x577.jpg 768w, https:\/\/etab.ac-reunion.fr\/clg-hegesippe-hoarau\/wp-content\/uploads\/sites\/157\/2024\/02\/prix-Arts-plastiques-Noel-2023-1536x1153.jpg 1536w, https:\/\/etab.ac-reunion.fr\/clg-hegesippe-hoarau\/wp-content\/uploads\/sites\/157\/2024\/02\/prix-Arts-plastiques-Noel-2023-2048x1538.jpg 2048w, https:\/\/etab.ac-reunion.fr\/clg-hegesippe-hoarau\/wp-content\/uploads\/sites\/157\/2024\/02\/prix-Arts-plastiques-Noel-2023-150x113.jpg 150w\" sizes=\"auto, (max-width: 900px) 100vw, 900px\" \/><span><\/span><\/div><\/div><div class=\"su-image-carousel-item\"><div class=\"su-image-carousel-item-content\"><img loading=\"lazy\" decoding=\"async\" width=\"900\" height=\"676\" src=\"https:\/\/etab.ac-reunion.fr\/clg-hegesippe-hoarau\/wp-content\/uploads\/sites\/157\/2024\/02\/Prix-CDI-Noel-2023-1024x769.jpg\" class=\"\" alt=\"\" srcset=\"https:\/\/etab.ac-reunion.fr\/clg-hegesippe-hoarau\/wp-content\/uploads\/sites\/157\/2024\/02\/Prix-CDI-Noel-2023-1024x769.jpg 1024w, https:\/\/etab.ac-reunion.fr\/clg-hegesippe-hoarau\/wp-content\/uploads\/sites\/157\/2024\/02\/Prix-CDI-Noel-2023-300x225.jpg 300w, https:\/\/etab.ac-reunion.fr\/clg-hegesippe-hoarau\/wp-content\/uploads\/sites\/157\/2024\/02\/Prix-CDI-Noel-2023-768x577.jpg 768w, https:\/\/etab.ac-reunion.fr\/clg-hegesippe-hoarau\/wp-content\/uploads\/sites\/157\/2024\/02\/Prix-CDI-Noel-2023-1536x1153.jpg 1536w, https:\/\/etab.ac-reunion.fr\/clg-hegesippe-hoarau\/wp-content\/uploads\/sites\/157\/2024\/02\/Prix-CDI-Noel-2023-2048x1538.jpg 2048w, https:\/\/etab.ac-reunion.fr\/clg-hegesippe-hoarau\/wp-content\/uploads\/sites\/157\/2024\/02\/Prix-CDI-Noel-2023-150x113.jpg 150w\" sizes=\"auto, (max-width: 900px) 100vw, 900px\" \/><span><\/span><\/div><\/div><div class=\"su-image-carousel-item\"><div class=\"su-image-carousel-item-content\"><img loading=\"lazy\" decoding=\"async\" width=\"900\" height=\"676\" src=\"https:\/\/etab.ac-reunion.fr\/clg-hegesippe-hoarau\/wp-content\/uploads\/sites\/157\/2024\/02\/Prix-Direction-Noel-2023-1024x769.jpg\" class=\"\" alt=\"\" srcset=\"https:\/\/etab.ac-reunion.fr\/clg-hegesippe-hoarau\/wp-content\/uploads\/sites\/157\/2024\/02\/Prix-Direction-Noel-2023-1024x769.jpg 1024w, https:\/\/etab.ac-reunion.fr\/clg-hegesippe-hoarau\/wp-content\/uploads\/sites\/157\/2024\/02\/Prix-Direction-Noel-2023-300x225.jpg 300w, https:\/\/etab.ac-reunion.fr\/clg-hegesippe-hoarau\/wp-content\/uploads\/sites\/157\/2024\/02\/Prix-Direction-Noel-2023-768x577.jpg 768w, https:\/\/etab.ac-reunion.fr\/clg-hegesippe-hoarau\/wp-content\/uploads\/sites\/157\/2024\/02\/Prix-Direction-Noel-2023-1536x1153.jpg 1536w, https:\/\/etab.ac-reunion.fr\/clg-hegesippe-hoarau\/wp-content\/uploads\/sites\/157\/2024\/02\/Prix-Direction-Noel-2023-2048x1538.jpg 2048w, https:\/\/etab.ac-reunion.fr\/clg-hegesippe-hoarau\/wp-content\/uploads\/sites\/157\/2024\/02\/Prix-Direction-Noel-2023-150x113.jpg 150w\" sizes=\"auto, (max-width: 900px) 100vw, 900px\" \/><span><\/span><\/div><\/div><div class=\"su-image-carousel-item\"><div class=\"su-image-carousel-item-content\"><img loading=\"lazy\" decoding=\"async\" width=\"900\" height=\"676\" src=\"https:\/\/etab.ac-reunion.fr\/clg-hegesippe-hoarau\/wp-content\/uploads\/sites\/157\/2024\/02\/Prix-Vie-sco-Noel-2023-1024x769.jpg\" class=\"\" alt=\"\" srcset=\"https:\/\/etab.ac-reunion.fr\/clg-hegesippe-hoarau\/wp-content\/uploads\/sites\/157\/2024\/02\/Prix-Vie-sco-Noel-2023-1024x769.jpg 1024w, https:\/\/etab.ac-reunion.fr\/clg-hegesippe-hoarau\/wp-content\/uploads\/sites\/157\/2024\/02\/Prix-Vie-sco-Noel-2023-300x225.jpg 300w, https:\/\/etab.ac-reunion.fr\/clg-hegesippe-hoarau\/wp-content\/uploads\/sites\/157\/2024\/02\/Prix-Vie-sco-Noel-2023-768x577.jpg 768w, https:\/\/etab.ac-reunion.fr\/clg-hegesippe-hoarau\/wp-content\/uploads\/sites\/157\/2024\/02\/Prix-Vie-sco-Noel-2023-1536x1153.jpg 1536w, https:\/\/etab.ac-reunion.fr\/clg-hegesippe-hoarau\/wp-content\/uploads\/sites\/157\/2024\/02\/Prix-Vie-sco-Noel-2023-2048x1538.jpg 2048w, https:\/\/etab.ac-reunion.fr\/clg-hegesippe-hoarau\/wp-content\/uploads\/sites\/157\/2024\/02\/Prix-Vie-sco-Noel-2023-150x113.jpg 150w\" sizes=\"auto, (max-width: 900px) 100vw, 900px\" \/><span><\/span><\/div><\/div><\/div><script id=\"su_image_carousel_69f75fe43a565_script\">if(window.SUImageCarousel){setTimeout(function() {window.SUImageCarousel.initGallery(document.getElementById(\"su_image_carousel_69f75fe43a565\"))}, 0);}var su_image_carousel_69f75fe43a565_script=document.getElementById(\"su_image_carousel_69f75fe43a565_script\");if(su_image_carousel_69f75fe43a565_script){su_image_carousel_69f75fe43a565_script.parentNode.removeChild(su_image_carousel_69f75fe43a565_script);}<\/script>\n<!-- AddThis Advanced Settings generic via filter on the_content --><!-- AddThis Share Buttons generic via filter on the_content -->","protected":false},"excerpt":{"rendered":"<p>Au mois de d\u00e9cembre 2023, comme fin 2022, le CDI a propos\u00e9 aux \u00e9l\u00e8ves du coll\u00e8ge aimant les arts plastiques de participer \u00e0 un concours de dessins. Toutes les techniques \u00e9taient autoris\u00e9es. Le th\u00e8me\u00a0: \u00ab\u00a0Noel \u00e0 la R\u00e9union\u00a0\u00bb. Pr\u00e8s d\u2019une cinquantaine d\u2019\u00e9l\u00e8ves de tous niveaux (mais essentiellement de 6\u00e8me et\u2026<!-- AddThis Advanced Settings generic via filter on get_the_excerpt --><!-- AddThis Share Buttons generic via filter on get_the_excerpt --><\/p>\n<p class=\"continue-reading-button\"> <a class=\"continue-reading-link\" href=\"https:\/\/etab.ac-reunion.fr\/clg-hegesippe-hoarau\/2024\/02\/01\/concours-de-dessin-de-noel-2023\/\">Lire plus<i class=\"crycon-right-dir\"><\/i><\/a><\/p>\n","protected":false},"author":17426,"featured_media":0,"comment_status":"closed","ping_status":"closed","sticky":false,"template":"","format":"standard","meta":{"footnotes":""},"categories":[37,69],"tags":[],"class_list":["post-4343","post","type-post","status-publish","format-standard","hentry","category-arts-plastiques","category-cdi"],"_links":{"self":[{"href":"https:\/\/etab.ac-reunion.fr\/clg-hegesippe-hoarau\/wp-json\/wp\/v2\/posts\/4343","targetHints":{"allow":["GET"]}}],"collection":[{"href":"https:\/\/etab.ac-reunion.fr\/clg-hegesippe-hoarau\/wp-json\/wp\/v2\/posts"}],"about":[{"href":"https:\/\/etab.ac-reunion.fr\/clg-hegesippe-hoarau\/wp-json\/wp\/v2\/types\/post"}],"author":[{"embeddable":true,"href":"https:\/\/etab.ac-reunion.fr\/clg-hegesippe-hoarau\/wp-json\/wp\/v2\/users\/17426"}],"replies":[{"embeddable":true,"href":"https:\/\/etab.ac-reunion.fr\/clg-hegesippe-hoarau\/wp-json\/wp\/v2\/comments?post=4343"}],"version-history":[{"count":1,"href":"https:\/\/etab.ac-reunion.fr\/clg-hegesippe-hoarau\/wp-json\/wp\/v2\/posts\/4343\/revisions"}],"predecessor-version":[{"id":4348,"href":"https:\/\/etab.ac-reunion.fr\/clg-hegesippe-hoarau\/wp-json\/wp\/v2\/posts\/4343\/revisions\/4348"}],"wp:attachment":[{"href":"https:\/\/etab.ac-reunion.fr\/clg-hegesippe-hoarau\/wp-json\/wp\/v2\/media?parent=4343"}],"wp:term":[{"taxonomy":"category","embeddable":true,"href":"https:\/\/etab.ac-reunion.fr\/clg-hegesippe-hoarau\/wp-json\/wp\/v2\/categories?post=4343"},{"taxonomy":"post_tag","embeddable":true,"href":"https:\/\/etab.ac-reunion.fr\/clg-hegesippe-hoarau\/wp-json\/wp\/v2\/tags?post=4343"}],"curies":[{"name":"wp","href":"https:\/\/api.w.org\/{rel}","templated":true}]}}