{"id":4462,"date":"2024-08-16T08:21:32","date_gmt":"2024-08-16T04:21:32","guid":{"rendered":"https:\/\/etab.ac-reunion.fr\/clg-hegesippe-hoarau\/?p=4462"},"modified":"2024-08-16T08:21:32","modified_gmt":"2024-08-16T04:21:32","slug":"concours-deloquence","status":"publish","type":"post","link":"https:\/\/etab.ac-reunion.fr\/clg-hegesippe-hoarau\/2024\/08\/16\/concours-deloquence\/","title":{"rendered":"Concours d&rsquo;\u00e9loquence"},"content":{"rendered":"<p>Le mardi 25 juin, 45 \u00e9l\u00e8ves du coll\u00e8ge encadr\u00e9s de 4 accompagnateurs (Mmes Maurin, Dubard et M. Ronger et Honvault) se sont rendus en bus \u00e0 St Denis pour assister \u00e0 la finale du concours d\u2019\u00e9loquence acad\u00e9mique au th\u00e9\u00e2tre de Champ fleuri.<\/p>\n<p><img loading=\"lazy\" decoding=\"async\" class=\"aligncenter size-large wp-image-4463\" src=\"https:\/\/etab.ac-reunion.fr\/clg-hegesippe-hoarau\/wp-content\/uploads\/sites\/157\/2024\/08\/20240625_123923-1024x768.jpg\" alt=\"\" width=\"900\" height=\"675\" srcset=\"https:\/\/etab.ac-reunion.fr\/clg-hegesippe-hoarau\/wp-content\/uploads\/sites\/157\/2024\/08\/20240625_123923-1024x768.jpg 1024w, https:\/\/etab.ac-reunion.fr\/clg-hegesippe-hoarau\/wp-content\/uploads\/sites\/157\/2024\/08\/20240625_123923-300x225.jpg 300w, https:\/\/etab.ac-reunion.fr\/clg-hegesippe-hoarau\/wp-content\/uploads\/sites\/157\/2024\/08\/20240625_123923-768x576.jpg 768w, https:\/\/etab.ac-reunion.fr\/clg-hegesippe-hoarau\/wp-content\/uploads\/sites\/157\/2024\/08\/20240625_123923-1536x1152.jpg 1536w, https:\/\/etab.ac-reunion.fr\/clg-hegesippe-hoarau\/wp-content\/uploads\/sites\/157\/2024\/08\/20240625_123923-2048x1536.jpg 2048w, https:\/\/etab.ac-reunion.fr\/clg-hegesippe-hoarau\/wp-content\/uploads\/sites\/157\/2024\/08\/20240625_123923-150x113.jpg 150w\" sizes=\"auto, (max-width: 900px) 100vw, 900px\" \/><\/p>\n<p>Dans le cadre des ateliers au CDI \u00e0 la pause m\u00e9ridienne, le jeudi, est propos\u00e9 depuis cette ann\u00e9e scolaire un \u00ab\u00a0club \u00e9loquence\u00a0\u00bb. Il est ouvert prioritairement aux 4<sup>\u00e8mes<\/sup> mais accueille aussi des 5\u00e8mes. En effet, il permet de pr\u00e9parer le concours d\u2019\u00e9loquence acad\u00e9mique r\u00e9serv\u00e9 au niveau 4<sup>\u00e8me<\/sup> propos\u00e9 \u00e0 La R\u00e9union par l\u2019association Jad (Jeunes Aujourd\u2019hui pour demain).<\/p>\n<p>Le th\u00e8me de cette ann\u00e9e \u00e9tait la jeunesse. 14 candidats de 8 \u00e9tablissements \u00e9taient pr\u00e9sents. Il a \u00e9t\u00e9 remport\u00e9 par une candidate de J. Suacot (Petite Ile).<\/p>\n<p>L\u2019an pass\u00e9, une \u00e9l\u00e8ve du coll\u00e8ge, Maelyss Jeannot, avait atteint les finales. Cette ann\u00e9e aucun \u00e9l\u00e8ve du coll\u00e8ge n\u2019a atteint ce stade. Pour autant, il avait \u00e9t\u00e9 pr\u00e9vu de suivre le concours jusqu\u2019au bout. C\u2019est pourquoi les 15 \u00e9l\u00e8ves inscrits au club \u00e9loquence voulaient \u00eatre pr\u00e9sents au th\u00e9\u00e2tre de Champ Fleuri \u00e0 St Denis \u00e0 10h ce mardi 25 juin 2024. Ils \u00e9taient accompagn\u00e9s du gagnant de l\u2019an pass\u00e9 (pour 3 Bassins) Romain Nagre scolaris\u00e9 en 3<sup>\u00e8me<\/sup> au coll\u00e8ge. Les \u00e9l\u00e8ves des autres clubs et ateliers du CDI compl\u00e9taient le groupe (club cin\u00e9ma, atelier journal et club jeux de soci\u00e9t\u00e9).<\/p>\n<p><img loading=\"lazy\" decoding=\"async\" class=\"aligncenter size-large wp-image-4464\" src=\"https:\/\/etab.ac-reunion.fr\/clg-hegesippe-hoarau\/wp-content\/uploads\/sites\/157\/2024\/08\/20240625_124005-1024x768.jpg\" alt=\"\" width=\"900\" height=\"675\" srcset=\"https:\/\/etab.ac-reunion.fr\/clg-hegesippe-hoarau\/wp-content\/uploads\/sites\/157\/2024\/08\/20240625_124005-1024x768.jpg 1024w, https:\/\/etab.ac-reunion.fr\/clg-hegesippe-hoarau\/wp-content\/uploads\/sites\/157\/2024\/08\/20240625_124005-300x225.jpg 300w, https:\/\/etab.ac-reunion.fr\/clg-hegesippe-hoarau\/wp-content\/uploads\/sites\/157\/2024\/08\/20240625_124005-768x576.jpg 768w, https:\/\/etab.ac-reunion.fr\/clg-hegesippe-hoarau\/wp-content\/uploads\/sites\/157\/2024\/08\/20240625_124005-1536x1152.jpg 1536w, https:\/\/etab.ac-reunion.fr\/clg-hegesippe-hoarau\/wp-content\/uploads\/sites\/157\/2024\/08\/20240625_124005-2048x1536.jpg 2048w, https:\/\/etab.ac-reunion.fr\/clg-hegesippe-hoarau\/wp-content\/uploads\/sites\/157\/2024\/08\/20240625_124005-150x113.jpg 150w\" sizes=\"auto, (max-width: 900px) 100vw, 900px\" \/><\/p>\n<p>A la fin du spectacle, nous avons pu pique-niquer \u00e0 l\u2019ombre sur des bancs dans le parc devant le th\u00e9\u00e2tre Champ Fleuri.<\/p>\n<p>Nous avons ensuite repris le bus pour le jardin de l\u2019\u00c9tat pour d\u2019autres visites culturelles.<\/p>\n<p>Deux groupes ont \u00e9t\u00e9 constitu\u00e9s pour deux visites en alternance. D\u2019une part les collections permanentes du Museum d\u2019Histoire Naturelle et d\u2019autre part l\u2019exposition sur les r\u00e9unionnais dans les jeux olympiques et paralympiques depuis 1976 (Montr\u00e9al).<\/p>\n<p><img loading=\"lazy\" decoding=\"async\" class=\"aligncenter size-large wp-image-4465\" src=\"https:\/\/etab.ac-reunion.fr\/clg-hegesippe-hoarau\/wp-content\/uploads\/sites\/157\/2024\/08\/20240625_124638-1024x768.jpg\" alt=\"\" width=\"900\" height=\"675\" srcset=\"https:\/\/etab.ac-reunion.fr\/clg-hegesippe-hoarau\/wp-content\/uploads\/sites\/157\/2024\/08\/20240625_124638-1024x768.jpg 1024w, https:\/\/etab.ac-reunion.fr\/clg-hegesippe-hoarau\/wp-content\/uploads\/sites\/157\/2024\/08\/20240625_124638-300x225.jpg 300w, https:\/\/etab.ac-reunion.fr\/clg-hegesippe-hoarau\/wp-content\/uploads\/sites\/157\/2024\/08\/20240625_124638-768x576.jpg 768w, https:\/\/etab.ac-reunion.fr\/clg-hegesippe-hoarau\/wp-content\/uploads\/sites\/157\/2024\/08\/20240625_124638-1536x1152.jpg 1536w, https:\/\/etab.ac-reunion.fr\/clg-hegesippe-hoarau\/wp-content\/uploads\/sites\/157\/2024\/08\/20240625_124638-2048x1536.jpg 2048w, https:\/\/etab.ac-reunion.fr\/clg-hegesippe-hoarau\/wp-content\/uploads\/sites\/157\/2024\/08\/20240625_124638-150x113.jpg 150w\" sizes=\"auto, (max-width: 900px) 100vw, 900px\" \/><\/p>\n<p>Un prolongement de cette sortie a pu se faire ensuite le jeudi avec le \u00ab\u00a0d\u00e9briefing\u00a0\u00bb du concours avec les \u00e9l\u00e8ves en particulier de 5<sup>\u00e8me<\/sup> et donc futurs candidat.<\/p>\n<p>Merci aux \u00e9quipes du th\u00e9\u00e2tre et \u00a0du Museum pour leur accueil.<\/p>\n<!-- AddThis Advanced Settings generic via filter on the_content --><!-- AddThis Share Buttons generic via filter on the_content -->","protected":false},"excerpt":{"rendered":"<p>Le mardi 25 juin, 45 \u00e9l\u00e8ves du coll\u00e8ge encadr\u00e9s de 4 accompagnateurs (Mmes Maurin, Dubard et M. Ronger et Honvault) se sont rendus en bus \u00e0 St Denis pour assister \u00e0 la finale du concours d\u2019\u00e9loquence acad\u00e9mique au th\u00e9\u00e2tre de Champ fleuri. Dans le cadre des ateliers au CDI \u00e0\u2026<!-- AddThis Advanced Settings generic via filter on get_the_excerpt --><!-- AddThis Share Buttons generic via filter on get_the_excerpt --><\/p>\n<p class=\"continue-reading-button\"> <a class=\"continue-reading-link\" href=\"https:\/\/etab.ac-reunion.fr\/clg-hegesippe-hoarau\/2024\/08\/16\/concours-deloquence\/\">Lire plus<i class=\"crycon-right-dir\"><\/i><\/a><\/p>\n","protected":false},"author":17426,"featured_media":4466,"comment_status":"closed","ping_status":"closed","sticky":false,"template":"","format":"standard","meta":{"footnotes":""},"categories":[69,27],"tags":[],"class_list":["post-4462","post","type-post","status-publish","format-standard","has-post-thumbnail","hentry","category-cdi","category-evenements"],"_links":{"self":[{"href":"https:\/\/etab.ac-reunion.fr\/clg-hegesippe-hoarau\/wp-json\/wp\/v2\/posts\/4462","targetHints":{"allow":["GET"]}}],"collection":[{"href":"https:\/\/etab.ac-reunion.fr\/clg-hegesippe-hoarau\/wp-json\/wp\/v2\/posts"}],"about":[{"href":"https:\/\/etab.ac-reunion.fr\/clg-hegesippe-hoarau\/wp-json\/wp\/v2\/types\/post"}],"author":[{"embeddable":true,"href":"https:\/\/etab.ac-reunion.fr\/clg-hegesippe-hoarau\/wp-json\/wp\/v2\/users\/17426"}],"replies":[{"embeddable":true,"href":"https:\/\/etab.ac-reunion.fr\/clg-hegesippe-hoarau\/wp-json\/wp\/v2\/comments?post=4462"}],"version-history":[{"count":1,"href":"https:\/\/etab.ac-reunion.fr\/clg-hegesippe-hoarau\/wp-json\/wp\/v2\/posts\/4462\/revisions"}],"predecessor-version":[{"id":4467,"href":"https:\/\/etab.ac-reunion.fr\/clg-hegesippe-hoarau\/wp-json\/wp\/v2\/posts\/4462\/revisions\/4467"}],"wp:featuredmedia":[{"embeddable":true,"href":"https:\/\/etab.ac-reunion.fr\/clg-hegesippe-hoarau\/wp-json\/wp\/v2\/media\/4466"}],"wp:attachment":[{"href":"https:\/\/etab.ac-reunion.fr\/clg-hegesippe-hoarau\/wp-json\/wp\/v2\/media?parent=4462"}],"wp:term":[{"taxonomy":"category","embeddable":true,"href":"https:\/\/etab.ac-reunion.fr\/clg-hegesippe-hoarau\/wp-json\/wp\/v2\/categories?post=4462"},{"taxonomy":"post_tag","embeddable":true,"href":"https:\/\/etab.ac-reunion.fr\/clg-hegesippe-hoarau\/wp-json\/wp\/v2\/tags?post=4462"}],"curies":[{"name":"wp","href":"https:\/\/api.w.org\/{rel}","templated":true}]}}