{"id":4477,"date":"2024-08-16T08:31:24","date_gmt":"2024-08-16T04:31:24","guid":{"rendered":"https:\/\/etab.ac-reunion.fr\/clg-hegesippe-hoarau\/?p=4477"},"modified":"2024-08-16T08:31:24","modified_gmt":"2024-08-16T04:31:24","slug":"exposition-art-au-cdi","status":"publish","type":"post","link":"https:\/\/etab.ac-reunion.fr\/clg-hegesippe-hoarau\/2024\/08\/16\/exposition-art-au-cdi\/","title":{"rendered":"Exposition Art au CDI"},"content":{"rendered":"<p><strong>Exposition des travaux de l\u2019option \u00ab\u00a0Art\u00a0\u00bb du coll\u00e8ge au CDI du 17 au 28 juin 2024\u00a0:<\/strong><\/p>\n<p>En attendant la galerie d\u2019art qui devrait voir le jour l\u2019an prochain au coll\u00e8ge, le CDI est honor\u00e9 de mettre \u00e0 disposition son espace pour accueillir les productions de l\u2019option \u00ab\u00a0art\u00a0\u00bb du coll\u00e8ge. Ainsi, <strong>le jeudi 20 juin \u00e0 12h45<\/strong> a eu lieu au CDI le vernissage de l&rsquo;exposition des productions de l\u2019ann\u00e9e scolaire des \u00e9l\u00e8ves de cette option. Il a r\u00e9uni de nombreux \u00e9l\u00e8ves de tous niveaux et quelques enseignants.<\/p>\n<p><img loading=\"lazy\" decoding=\"async\" class=\"aligncenter size-large wp-image-4478\" src=\"https:\/\/etab.ac-reunion.fr\/clg-hegesippe-hoarau\/wp-content\/uploads\/sites\/157\/2024\/08\/1000009070-768x1024.jpg\" alt=\"\" width=\"768\" height=\"1024\" srcset=\"https:\/\/etab.ac-reunion.fr\/clg-hegesippe-hoarau\/wp-content\/uploads\/sites\/157\/2024\/08\/1000009070-768x1024.jpg 768w, https:\/\/etab.ac-reunion.fr\/clg-hegesippe-hoarau\/wp-content\/uploads\/sites\/157\/2024\/08\/1000009070-225x300.jpg 225w, https:\/\/etab.ac-reunion.fr\/clg-hegesippe-hoarau\/wp-content\/uploads\/sites\/157\/2024\/08\/1000009070-1152x1536.jpg 1152w, https:\/\/etab.ac-reunion.fr\/clg-hegesippe-hoarau\/wp-content\/uploads\/sites\/157\/2024\/08\/1000009070-1536x2048.jpg 1536w, https:\/\/etab.ac-reunion.fr\/clg-hegesippe-hoarau\/wp-content\/uploads\/sites\/157\/2024\/08\/1000009070-113x150.jpg 113w, https:\/\/etab.ac-reunion.fr\/clg-hegesippe-hoarau\/wp-content\/uploads\/sites\/157\/2024\/08\/1000009070-scaled.jpg 1920w\" sizes=\"auto, (max-width: 768px) 100vw, 768px\" \/><\/p>\n<p>Sous la direction de Mme Jerez et d&rsquo;intervenants, 3 types de techniques ont \u00e9t\u00e9 explor\u00e9s cette ann\u00e9e avec talent par les \u00e9l\u00e8ves : la peinture (portraits), la gravure et la c\u00e9ramique. Pour cette derni\u00e8re technique, l\u2019artiste c\u00e9ramiste Alice Aucuit a fait profiter les \u00e9l\u00e8ves de son talent et de ses comp\u00e9tences. (<a href=\"https:\/\/aliceaucuit.com\">https:\/\/aliceaucuit.com<\/a> ).<\/p>\n<p>Ils ont r\u00e9alis\u00e9 les c\u00e9ramiques qui orneront le bassin dans le cadre du chantier en cours d\u2019embellissement de la SEGPA du coll\u00e8ge.<\/p>\n<p>A noter\u00a0: Ils ont investi l&rsquo;espace du CDI et ont eux-m\u00eames d\u00e9cid\u00e9 de la sc\u00e9nographie.<\/p>\n<p>Cette option a donc \u00e9t\u00e9 cr\u00e9\u00e9e cette ann\u00e9e par Mme Jerez et a d\u2019abord cibl\u00e9 les 4\u00e8mes. Elle regroupe ainsi 7 \u00e9l\u00e8ves de 4G (Mendy Fontaine, K\u00e9ny Kubacki, Coline Lemmonier, Manon Morand, Jade Paris, Mica\u00ebl Raynaud et Devon Lauret) mais aussi 3 \u00e9l\u00e8ves de 3M (Th\u00e9o Maillot, Rabilloud et Math\u00e9o Soares).<\/p>\n<p>Ils ont tous particip\u00e9 \u00e0 cette exposition.<\/p>\n<p>Cette option se poursuivra l\u2019an prochain sur 2 niveaux avec deux groupes, l\u2019un en 4<sup>\u00e8me<\/sup> et l\u2019autre en 3<sup>\u00e8me<\/sup>. Les \u00e9l\u00e8ves int\u00e9ress\u00e9s peuvent se rapprocher de Mme Jerez.<\/p>\n<p>Cette exposition restera visible au CDI jusqu&rsquo;aux vacances de juillet.<\/p>\n<p>&nbsp;<\/p>\n<!-- AddThis Advanced Settings generic via filter on the_content --><!-- AddThis Share Buttons generic via filter on the_content -->","protected":false},"excerpt":{"rendered":"<p>Exposition des travaux de l\u2019option \u00ab\u00a0Art\u00a0\u00bb du coll\u00e8ge au CDI du 17 au 28 juin 2024\u00a0: En attendant la galerie d\u2019art qui devrait voir le jour l\u2019an prochain au coll\u00e8ge, le CDI est honor\u00e9 de mettre \u00e0 disposition son espace pour accueillir les productions de l\u2019option \u00ab\u00a0art\u00a0\u00bb du coll\u00e8ge. Ainsi,\u2026<!-- AddThis Advanced Settings generic via filter on get_the_excerpt --><!-- AddThis Share Buttons generic via filter on get_the_excerpt --><\/p>\n<p class=\"continue-reading-button\"> <a class=\"continue-reading-link\" href=\"https:\/\/etab.ac-reunion.fr\/clg-hegesippe-hoarau\/2024\/08\/16\/exposition-art-au-cdi\/\">Lire plus<i class=\"crycon-right-dir\"><\/i><\/a><\/p>\n","protected":false},"author":17426,"featured_media":0,"comment_status":"closed","ping_status":"closed","sticky":false,"template":"","format":"standard","meta":{"footnotes":""},"categories":[37,69,27],"tags":[],"class_list":["post-4477","post","type-post","status-publish","format-standard","hentry","category-arts-plastiques","category-cdi","category-evenements"],"_links":{"self":[{"href":"https:\/\/etab.ac-reunion.fr\/clg-hegesippe-hoarau\/wp-json\/wp\/v2\/posts\/4477","targetHints":{"allow":["GET"]}}],"collection":[{"href":"https:\/\/etab.ac-reunion.fr\/clg-hegesippe-hoarau\/wp-json\/wp\/v2\/posts"}],"about":[{"href":"https:\/\/etab.ac-reunion.fr\/clg-hegesippe-hoarau\/wp-json\/wp\/v2\/types\/post"}],"author":[{"embeddable":true,"href":"https:\/\/etab.ac-reunion.fr\/clg-hegesippe-hoarau\/wp-json\/wp\/v2\/users\/17426"}],"replies":[{"embeddable":true,"href":"https:\/\/etab.ac-reunion.fr\/clg-hegesippe-hoarau\/wp-json\/wp\/v2\/comments?post=4477"}],"version-history":[{"count":1,"href":"https:\/\/etab.ac-reunion.fr\/clg-hegesippe-hoarau\/wp-json\/wp\/v2\/posts\/4477\/revisions"}],"predecessor-version":[{"id":4479,"href":"https:\/\/etab.ac-reunion.fr\/clg-hegesippe-hoarau\/wp-json\/wp\/v2\/posts\/4477\/revisions\/4479"}],"wp:attachment":[{"href":"https:\/\/etab.ac-reunion.fr\/clg-hegesippe-hoarau\/wp-json\/wp\/v2\/media?parent=4477"}],"wp:term":[{"taxonomy":"category","embeddable":true,"href":"https:\/\/etab.ac-reunion.fr\/clg-hegesippe-hoarau\/wp-json\/wp\/v2\/categories?post=4477"},{"taxonomy":"post_tag","embeddable":true,"href":"https:\/\/etab.ac-reunion.fr\/clg-hegesippe-hoarau\/wp-json\/wp\/v2\/tags?post=4477"}],"curies":[{"name":"wp","href":"https:\/\/api.w.org\/{rel}","templated":true}]}}