{"id":4530,"date":"2024-12-13T11:41:53","date_gmt":"2024-12-13T07:41:53","guid":{"rendered":"https:\/\/etab.ac-reunion.fr\/clg-hegesippe-hoarau\/?p=4530"},"modified":"2024-12-13T11:41:53","modified_gmt":"2024-12-13T07:41:53","slug":"semaine-de-la-laicite-3","status":"publish","type":"post","link":"https:\/\/etab.ac-reunion.fr\/clg-hegesippe-hoarau\/2024\/12\/13\/semaine-de-la-laicite-3\/","title":{"rendered":"Semaine de la La\u00efcit\u00e9"},"content":{"rendered":"<p><strong>Semaine de la la\u00efcit\u00e9 du 9 au 13 d\u00e9cembre 2024 au coll\u00e8ge H. HOARAU\u00a0:<\/strong><\/p>\n<p><strong>Intervention aupr\u00e8s des classes de 4<sup>\u00e8me<\/sup> de l\u2019association AGIRAbcd.<\/strong><\/p>\n<p><img loading=\"lazy\" decoding=\"async\" class=\"aligncenter size-full wp-image-4531\" src=\"https:\/\/etab.ac-reunion.fr\/clg-hegesippe-hoarau\/wp-content\/uploads\/sites\/157\/2024\/12\/logo_Laicite1.png\" alt=\"\" width=\"736\" height=\"414\" srcset=\"https:\/\/etab.ac-reunion.fr\/clg-hegesippe-hoarau\/wp-content\/uploads\/sites\/157\/2024\/12\/logo_Laicite1.png 736w, https:\/\/etab.ac-reunion.fr\/clg-hegesippe-hoarau\/wp-content\/uploads\/sites\/157\/2024\/12\/logo_Laicite1-300x169.png 300w, https:\/\/etab.ac-reunion.fr\/clg-hegesippe-hoarau\/wp-content\/uploads\/sites\/157\/2024\/12\/logo_Laicite1-150x84.png 150w\" sizes=\"auto, (max-width: 736px) 100vw, 736px\" \/><\/p>\n<p>A l\u2019occasion de <strong>la \u00ab\u00a0journ\u00e9e de la La\u00efcit\u00e9\u00a0\u00bb ce lundi 9 d\u00e9cembre<\/strong>, L\u2019association <strong>AGIRabcd<\/strong> (Association G\u00e9n\u00e9rale des Intervenants Retrait\u00e9s Action de B\u00e9n\u00e9voles pour la Coop\u00e9ration et le D\u00e9veloppement)\u00a0 homologu\u00e9e par l\u2019\u00c9ducation Nationale, est intervenue aupr\u00e8s des classes de 4\u00e8me.<\/p>\n<p>Pour rappel, le\u00a0<strong>9 d\u00e9cembre<\/strong>\u00a0est la date anniversaire de la promulgation de la loi de 1905 concernant la s\u00e9paration des \u00c9glises et de l\u2019\u00c9tat qui est consid\u00e9r\u00e9e comme l\u2019<strong>un des textes fondateurs de la la\u00efcit\u00e9 en France<\/strong>. Depuis 2015, cet anniversaire est au programme des activit\u00e9s \u00e9ducatives.<\/p>\n<p>Mme Badon et M. Juif sont intervenus au CDI aupr\u00e8s des 4<sup>\u00e8me<\/sup> pour animer un atelier d\u2019une heure pour chaque classe sur la \u00ab\u00a0charte de la la\u00efcit\u00e9\u00a0\u00bb (voir les 15 articles ci-dessous)<\/p>\n<p><img loading=\"lazy\" decoding=\"async\" class=\"aligncenter size-large wp-image-4532\" src=\"https:\/\/etab.ac-reunion.fr\/clg-hegesippe-hoarau\/wp-content\/uploads\/sites\/157\/2024\/12\/Charte-de-la-laicite1-682x1024.jpg\" alt=\"\" width=\"682\" height=\"1024\" srcset=\"https:\/\/etab.ac-reunion.fr\/clg-hegesippe-hoarau\/wp-content\/uploads\/sites\/157\/2024\/12\/Charte-de-la-laicite1-682x1024.jpg 682w, https:\/\/etab.ac-reunion.fr\/clg-hegesippe-hoarau\/wp-content\/uploads\/sites\/157\/2024\/12\/Charte-de-la-laicite1-200x300.jpg 200w, https:\/\/etab.ac-reunion.fr\/clg-hegesippe-hoarau\/wp-content\/uploads\/sites\/157\/2024\/12\/Charte-de-la-laicite1-768x1153.jpg 768w, https:\/\/etab.ac-reunion.fr\/clg-hegesippe-hoarau\/wp-content\/uploads\/sites\/157\/2024\/12\/Charte-de-la-laicite1-1023x1536.jpg 1023w, https:\/\/etab.ac-reunion.fr\/clg-hegesippe-hoarau\/wp-content\/uploads\/sites\/157\/2024\/12\/Charte-de-la-laicite1-1364x2048.jpg 1364w, https:\/\/etab.ac-reunion.fr\/clg-hegesippe-hoarau\/wp-content\/uploads\/sites\/157\/2024\/12\/Charte-de-la-laicite1-100x150.jpg 100w, https:\/\/etab.ac-reunion.fr\/clg-hegesippe-hoarau\/wp-content\/uploads\/sites\/157\/2024\/12\/Charte-de-la-laicite1-scaled.jpg 1705w\" sizes=\"auto, (max-width: 682px) 100vw, 682px\" \/><\/p>\n<p>Afin que toutes les 4\u00e8mes du coll\u00e8ge puissent participer, les s\u00e9ances se sont poursuivies le mardi matin.<\/p>\n<p>Nous remercions AGIRAbcd et tout particuli\u00e8rement Mme Badon et M. Juif pour leur disponibilit\u00e9 pour nos \u00e9l\u00e8ves.<\/p>\n<div class=\"su-image-carousel  su-image-carousel-has-spacing su-image-carousel-has-outline su-image-carousel-adaptive su-image-carousel-slides-style-photo su-image-carousel-controls-style-dark su-image-carousel-align-none\" style=\"max-width:800px\" data-flickity-options='{\"groupCells\":true,\"cellSelector\":\".su-image-carousel-item\",\"adaptiveHeight\":true,\"cellAlign\":\"left\",\"prevNextButtons\":true,\"pageDots\":true,\"autoPlay\":10000,\"imagesLoaded\":true,\"contain\":false,\"selectedAttraction\":0.025,\"friction\":0.28}' id=\"su_image_carousel_69f75fa047aa4\"><div class=\"su-image-carousel-item\"><div class=\"su-image-carousel-item-content\"><img loading=\"lazy\" decoding=\"async\" width=\"768\" height=\"1024\" src=\"https:\/\/etab.ac-reunion.fr\/clg-hegesippe-hoarau\/wp-content\/uploads\/sites\/157\/2024\/12\/presentation1-768x1024.jpg\" class=\"\" alt=\"\" srcset=\"https:\/\/etab.ac-reunion.fr\/clg-hegesippe-hoarau\/wp-content\/uploads\/sites\/157\/2024\/12\/presentation1-768x1024.jpg 768w, https:\/\/etab.ac-reunion.fr\/clg-hegesippe-hoarau\/wp-content\/uploads\/sites\/157\/2024\/12\/presentation1-225x300.jpg 225w, https:\/\/etab.ac-reunion.fr\/clg-hegesippe-hoarau\/wp-content\/uploads\/sites\/157\/2024\/12\/presentation1-1152x1536.jpg 1152w, https:\/\/etab.ac-reunion.fr\/clg-hegesippe-hoarau\/wp-content\/uploads\/sites\/157\/2024\/12\/presentation1-1536x2048.jpg 1536w, https:\/\/etab.ac-reunion.fr\/clg-hegesippe-hoarau\/wp-content\/uploads\/sites\/157\/2024\/12\/presentation1-113x150.jpg 113w, https:\/\/etab.ac-reunion.fr\/clg-hegesippe-hoarau\/wp-content\/uploads\/sites\/157\/2024\/12\/presentation1-scaled.jpg 1920w\" sizes=\"auto, (max-width: 768px) 100vw, 768px\" \/><span><\/span><\/div><\/div><div class=\"su-image-carousel-item\"><div class=\"su-image-carousel-item-content\"><img loading=\"lazy\" decoding=\"async\" width=\"900\" height=\"675\" src=\"https:\/\/etab.ac-reunion.fr\/clg-hegesippe-hoarau\/wp-content\/uploads\/sites\/157\/2024\/12\/presentation2-1024x768.jpg\" class=\"\" alt=\"\" srcset=\"https:\/\/etab.ac-reunion.fr\/clg-hegesippe-hoarau\/wp-content\/uploads\/sites\/157\/2024\/12\/presentation2-1024x768.jpg 1024w, https:\/\/etab.ac-reunion.fr\/clg-hegesippe-hoarau\/wp-content\/uploads\/sites\/157\/2024\/12\/presentation2-300x225.jpg 300w, https:\/\/etab.ac-reunion.fr\/clg-hegesippe-hoarau\/wp-content\/uploads\/sites\/157\/2024\/12\/presentation2-768x576.jpg 768w, https:\/\/etab.ac-reunion.fr\/clg-hegesippe-hoarau\/wp-content\/uploads\/sites\/157\/2024\/12\/presentation2-1536x1152.jpg 1536w, https:\/\/etab.ac-reunion.fr\/clg-hegesippe-hoarau\/wp-content\/uploads\/sites\/157\/2024\/12\/presentation2-2048x1536.jpg 2048w, https:\/\/etab.ac-reunion.fr\/clg-hegesippe-hoarau\/wp-content\/uploads\/sites\/157\/2024\/12\/presentation2-150x113.jpg 150w\" sizes=\"auto, (max-width: 900px) 100vw, 900px\" \/><span><\/span><\/div><\/div><div class=\"su-image-carousel-item\"><div class=\"su-image-carousel-item-content\"><img loading=\"lazy\" decoding=\"async\" width=\"768\" height=\"1024\" src=\"https:\/\/etab.ac-reunion.fr\/clg-hegesippe-hoarau\/wp-content\/uploads\/sites\/157\/2024\/12\/presentation3-768x1024.jpg\" class=\"\" alt=\"\" srcset=\"https:\/\/etab.ac-reunion.fr\/clg-hegesippe-hoarau\/wp-content\/uploads\/sites\/157\/2024\/12\/presentation3-768x1024.jpg 768w, https:\/\/etab.ac-reunion.fr\/clg-hegesippe-hoarau\/wp-content\/uploads\/sites\/157\/2024\/12\/presentation3-225x300.jpg 225w, https:\/\/etab.ac-reunion.fr\/clg-hegesippe-hoarau\/wp-content\/uploads\/sites\/157\/2024\/12\/presentation3-1152x1536.jpg 1152w, https:\/\/etab.ac-reunion.fr\/clg-hegesippe-hoarau\/wp-content\/uploads\/sites\/157\/2024\/12\/presentation3-1536x2048.jpg 1536w, https:\/\/etab.ac-reunion.fr\/clg-hegesippe-hoarau\/wp-content\/uploads\/sites\/157\/2024\/12\/presentation3-113x150.jpg 113w, https:\/\/etab.ac-reunion.fr\/clg-hegesippe-hoarau\/wp-content\/uploads\/sites\/157\/2024\/12\/presentation3-scaled.jpg 1920w\" sizes=\"auto, (max-width: 768px) 100vw, 768px\" \/><span><\/span><\/div><\/div><div class=\"su-image-carousel-item\"><div class=\"su-image-carousel-item-content\"><img loading=\"lazy\" decoding=\"async\" width=\"900\" height=\"675\" src=\"https:\/\/etab.ac-reunion.fr\/clg-hegesippe-hoarau\/wp-content\/uploads\/sites\/157\/2024\/12\/presentation4-1024x768.jpg\" class=\"\" alt=\"\" srcset=\"https:\/\/etab.ac-reunion.fr\/clg-hegesippe-hoarau\/wp-content\/uploads\/sites\/157\/2024\/12\/presentation4-1024x768.jpg 1024w, https:\/\/etab.ac-reunion.fr\/clg-hegesippe-hoarau\/wp-content\/uploads\/sites\/157\/2024\/12\/presentation4-300x225.jpg 300w, https:\/\/etab.ac-reunion.fr\/clg-hegesippe-hoarau\/wp-content\/uploads\/sites\/157\/2024\/12\/presentation4-768x576.jpg 768w, https:\/\/etab.ac-reunion.fr\/clg-hegesippe-hoarau\/wp-content\/uploads\/sites\/157\/2024\/12\/presentation4-1536x1152.jpg 1536w, https:\/\/etab.ac-reunion.fr\/clg-hegesippe-hoarau\/wp-content\/uploads\/sites\/157\/2024\/12\/presentation4-2048x1536.jpg 2048w, https:\/\/etab.ac-reunion.fr\/clg-hegesippe-hoarau\/wp-content\/uploads\/sites\/157\/2024\/12\/presentation4-150x113.jpg 150w\" sizes=\"auto, (max-width: 900px) 100vw, 900px\" \/><span><\/span><\/div><\/div><\/div><script id=\"su_image_carousel_69f75fa047aa4_script\">if(window.SUImageCarousel){setTimeout(function() {window.SUImageCarousel.initGallery(document.getElementById(\"su_image_carousel_69f75fa047aa4\"))}, 0);}var su_image_carousel_69f75fa047aa4_script=document.getElementById(\"su_image_carousel_69f75fa047aa4_script\");if(su_image_carousel_69f75fa047aa4_script){su_image_carousel_69f75fa047aa4_script.parentNode.removeChild(su_image_carousel_69f75fa047aa4_script);}<\/script>\n<p><strong>Exposition et concours de dessin\u00a0organis\u00e9s par la vie scolaire :<\/strong><\/p>\n<p>Par ailleurs, durant toute cette \u00ab\u00a0semaine de la la\u00efcit\u00e9\u00a0\u00bb, la vie scolaire a propos\u00e9 une exposition ouverte \u00e0 tous les \u00e9l\u00e8ves sur l\u2019histoire de la La\u00efcit\u00e9 \u00e0 partir de documents de la BNF ainsi qu\u2019un concours de dessin \u00ab\u00a0Dessine ta la\u00efcit\u00e9\u00a0\u00bb. Les panneaux ont\u00a0 \u00e9t\u00e9 pr\u00e9sent\u00e9s au CDI (CDI-1) et pour accompagner la visite, des questionnaires ont \u00e9t\u00e9 propos\u00e9s.<br \/>\n<div class=\"su-image-carousel  su-image-carousel-has-spacing su-image-carousel-has-outline su-image-carousel-adaptive su-image-carousel-slides-style-photo su-image-carousel-controls-style-dark su-image-carousel-align-none\" style=\"max-width:800px\" data-flickity-options='{\"groupCells\":true,\"cellSelector\":\".su-image-carousel-item\",\"adaptiveHeight\":true,\"cellAlign\":\"left\",\"prevNextButtons\":true,\"pageDots\":true,\"autoPlay\":10000,\"imagesLoaded\":true,\"contain\":false,\"selectedAttraction\":0.025,\"friction\":0.28}' id=\"su_image_carousel_69f75fa04856f\"><div class=\"su-image-carousel-item\"><div class=\"su-image-carousel-item-content\"><img loading=\"lazy\" decoding=\"async\" width=\"768\" height=\"1024\" src=\"https:\/\/etab.ac-reunion.fr\/clg-hegesippe-hoarau\/wp-content\/uploads\/sites\/157\/2024\/12\/expo1-768x1024.jpg\" class=\"\" alt=\"\" srcset=\"https:\/\/etab.ac-reunion.fr\/clg-hegesippe-hoarau\/wp-content\/uploads\/sites\/157\/2024\/12\/expo1-768x1024.jpg 768w, https:\/\/etab.ac-reunion.fr\/clg-hegesippe-hoarau\/wp-content\/uploads\/sites\/157\/2024\/12\/expo1-225x300.jpg 225w, https:\/\/etab.ac-reunion.fr\/clg-hegesippe-hoarau\/wp-content\/uploads\/sites\/157\/2024\/12\/expo1-1152x1536.jpg 1152w, https:\/\/etab.ac-reunion.fr\/clg-hegesippe-hoarau\/wp-content\/uploads\/sites\/157\/2024\/12\/expo1-1536x2048.jpg 1536w, https:\/\/etab.ac-reunion.fr\/clg-hegesippe-hoarau\/wp-content\/uploads\/sites\/157\/2024\/12\/expo1-113x150.jpg 113w, https:\/\/etab.ac-reunion.fr\/clg-hegesippe-hoarau\/wp-content\/uploads\/sites\/157\/2024\/12\/expo1-scaled.jpg 1920w\" sizes=\"auto, (max-width: 768px) 100vw, 768px\" \/><span><\/span><\/div><\/div><div class=\"su-image-carousel-item\"><div class=\"su-image-carousel-item-content\"><img loading=\"lazy\" decoding=\"async\" width=\"768\" height=\"1024\" src=\"https:\/\/etab.ac-reunion.fr\/clg-hegesippe-hoarau\/wp-content\/uploads\/sites\/157\/2024\/12\/expo2-768x1024.jpg\" class=\"\" alt=\"\" srcset=\"https:\/\/etab.ac-reunion.fr\/clg-hegesippe-hoarau\/wp-content\/uploads\/sites\/157\/2024\/12\/expo2-768x1024.jpg 768w, https:\/\/etab.ac-reunion.fr\/clg-hegesippe-hoarau\/wp-content\/uploads\/sites\/157\/2024\/12\/expo2-225x300.jpg 225w, https:\/\/etab.ac-reunion.fr\/clg-hegesippe-hoarau\/wp-content\/uploads\/sites\/157\/2024\/12\/expo2-1152x1536.jpg 1152w, https:\/\/etab.ac-reunion.fr\/clg-hegesippe-hoarau\/wp-content\/uploads\/sites\/157\/2024\/12\/expo2-1536x2048.jpg 1536w, https:\/\/etab.ac-reunion.fr\/clg-hegesippe-hoarau\/wp-content\/uploads\/sites\/157\/2024\/12\/expo2-113x150.jpg 113w, https:\/\/etab.ac-reunion.fr\/clg-hegesippe-hoarau\/wp-content\/uploads\/sites\/157\/2024\/12\/expo2-scaled.jpg 1920w\" sizes=\"auto, (max-width: 768px) 100vw, 768px\" \/><span><\/span><\/div><\/div><div class=\"su-image-carousel-item\"><div class=\"su-image-carousel-item-content\"><img loading=\"lazy\" decoding=\"async\" width=\"768\" height=\"1024\" src=\"https:\/\/etab.ac-reunion.fr\/clg-hegesippe-hoarau\/wp-content\/uploads\/sites\/157\/2024\/12\/expo3-768x1024.jpg\" class=\"\" alt=\"\" srcset=\"https:\/\/etab.ac-reunion.fr\/clg-hegesippe-hoarau\/wp-content\/uploads\/sites\/157\/2024\/12\/expo3-768x1024.jpg 768w, https:\/\/etab.ac-reunion.fr\/clg-hegesippe-hoarau\/wp-content\/uploads\/sites\/157\/2024\/12\/expo3-225x300.jpg 225w, https:\/\/etab.ac-reunion.fr\/clg-hegesippe-hoarau\/wp-content\/uploads\/sites\/157\/2024\/12\/expo3-1152x1536.jpg 1152w, https:\/\/etab.ac-reunion.fr\/clg-hegesippe-hoarau\/wp-content\/uploads\/sites\/157\/2024\/12\/expo3-1536x2048.jpg 1536w, https:\/\/etab.ac-reunion.fr\/clg-hegesippe-hoarau\/wp-content\/uploads\/sites\/157\/2024\/12\/expo3-113x150.jpg 113w, https:\/\/etab.ac-reunion.fr\/clg-hegesippe-hoarau\/wp-content\/uploads\/sites\/157\/2024\/12\/expo3-scaled.jpg 1920w\" sizes=\"auto, (max-width: 768px) 100vw, 768px\" \/><span><\/span><\/div><\/div><div class=\"su-image-carousel-item\"><div class=\"su-image-carousel-item-content\"><img loading=\"lazy\" decoding=\"async\" width=\"768\" height=\"1024\" src=\"https:\/\/etab.ac-reunion.fr\/clg-hegesippe-hoarau\/wp-content\/uploads\/sites\/157\/2024\/12\/expo4-768x1024.jpg\" class=\"\" alt=\"\" srcset=\"https:\/\/etab.ac-reunion.fr\/clg-hegesippe-hoarau\/wp-content\/uploads\/sites\/157\/2024\/12\/expo4-768x1024.jpg 768w, https:\/\/etab.ac-reunion.fr\/clg-hegesippe-hoarau\/wp-content\/uploads\/sites\/157\/2024\/12\/expo4-225x300.jpg 225w, https:\/\/etab.ac-reunion.fr\/clg-hegesippe-hoarau\/wp-content\/uploads\/sites\/157\/2024\/12\/expo4-1152x1536.jpg 1152w, https:\/\/etab.ac-reunion.fr\/clg-hegesippe-hoarau\/wp-content\/uploads\/sites\/157\/2024\/12\/expo4-1536x2048.jpg 1536w, https:\/\/etab.ac-reunion.fr\/clg-hegesippe-hoarau\/wp-content\/uploads\/sites\/157\/2024\/12\/expo4-113x150.jpg 113w, https:\/\/etab.ac-reunion.fr\/clg-hegesippe-hoarau\/wp-content\/uploads\/sites\/157\/2024\/12\/expo4-scaled.jpg 1920w\" sizes=\"auto, (max-width: 768px) 100vw, 768px\" \/><span><\/span><\/div><\/div><\/div><script id=\"su_image_carousel_69f75fa04856f_script\">if(window.SUImageCarousel){setTimeout(function() {window.SUImageCarousel.initGallery(document.getElementById(\"su_image_carousel_69f75fa04856f\"))}, 0);}var su_image_carousel_69f75fa04856f_script=document.getElementById(\"su_image_carousel_69f75fa04856f_script\");if(su_image_carousel_69f75fa04856f_script){su_image_carousel_69f75fa04856f_script.parentNode.removeChild(su_image_carousel_69f75fa04856f_script);}<\/script>\n<!-- AddThis Advanced Settings generic via filter on the_content --><!-- AddThis Share Buttons generic via filter on the_content -->","protected":false},"excerpt":{"rendered":"<p>Semaine de la la\u00efcit\u00e9 du 9 au 13 d\u00e9cembre 2024 au coll\u00e8ge H. HOARAU\u00a0: Intervention aupr\u00e8s des classes de 4\u00e8me de l\u2019association AGIRAbcd. A l\u2019occasion de la \u00ab\u00a0journ\u00e9e de la La\u00efcit\u00e9\u00a0\u00bb ce lundi 9 d\u00e9cembre, L\u2019association AGIRabcd (Association G\u00e9n\u00e9rale des Intervenants Retrait\u00e9s Action de B\u00e9n\u00e9voles pour la Coop\u00e9ration et le\u2026<!-- AddThis Advanced Settings generic via filter on get_the_excerpt --><!-- AddThis Share Buttons generic via filter on get_the_excerpt --><\/p>\n<p class=\"continue-reading-button\"> <a class=\"continue-reading-link\" href=\"https:\/\/etab.ac-reunion.fr\/clg-hegesippe-hoarau\/2024\/12\/13\/semaine-de-la-laicite-3\/\">Lire plus<i class=\"crycon-right-dir\"><\/i><\/a><\/p>\n","protected":false},"author":17426,"featured_media":4531,"comment_status":"closed","ping_status":"closed","sticky":false,"template":"","format":"standard","meta":{"footnotes":""},"categories":[69,27],"tags":[],"class_list":["post-4530","post","type-post","status-publish","format-standard","has-post-thumbnail","hentry","category-cdi","category-evenements"],"_links":{"self":[{"href":"https:\/\/etab.ac-reunion.fr\/clg-hegesippe-hoarau\/wp-json\/wp\/v2\/posts\/4530","targetHints":{"allow":["GET"]}}],"collection":[{"href":"https:\/\/etab.ac-reunion.fr\/clg-hegesippe-hoarau\/wp-json\/wp\/v2\/posts"}],"about":[{"href":"https:\/\/etab.ac-reunion.fr\/clg-hegesippe-hoarau\/wp-json\/wp\/v2\/types\/post"}],"author":[{"embeddable":true,"href":"https:\/\/etab.ac-reunion.fr\/clg-hegesippe-hoarau\/wp-json\/wp\/v2\/users\/17426"}],"replies":[{"embeddable":true,"href":"https:\/\/etab.ac-reunion.fr\/clg-hegesippe-hoarau\/wp-json\/wp\/v2\/comments?post=4530"}],"version-history":[{"count":1,"href":"https:\/\/etab.ac-reunion.fr\/clg-hegesippe-hoarau\/wp-json\/wp\/v2\/posts\/4530\/revisions"}],"predecessor-version":[{"id":4541,"href":"https:\/\/etab.ac-reunion.fr\/clg-hegesippe-hoarau\/wp-json\/wp\/v2\/posts\/4530\/revisions\/4541"}],"wp:featuredmedia":[{"embeddable":true,"href":"https:\/\/etab.ac-reunion.fr\/clg-hegesippe-hoarau\/wp-json\/wp\/v2\/media\/4531"}],"wp:attachment":[{"href":"https:\/\/etab.ac-reunion.fr\/clg-hegesippe-hoarau\/wp-json\/wp\/v2\/media?parent=4530"}],"wp:term":[{"taxonomy":"category","embeddable":true,"href":"https:\/\/etab.ac-reunion.fr\/clg-hegesippe-hoarau\/wp-json\/wp\/v2\/categories?post=4530"},{"taxonomy":"post_tag","embeddable":true,"href":"https:\/\/etab.ac-reunion.fr\/clg-hegesippe-hoarau\/wp-json\/wp\/v2\/tags?post=4530"}],"curies":[{"name":"wp","href":"https:\/\/api.w.org\/{rel}","templated":true}]}}