{"id":4545,"date":"2018-10-12T17:31:57","date_gmt":"2018-10-12T13:31:57","guid":{"rendered":"http:\/\/college-henrimatisse.ac-reunion.fr\/?p=4545"},"modified":"2018-10-12T17:31:57","modified_gmt":"2018-10-12T13:31:57","slug":"bois-do-na-in-gale","status":"publish","type":"post","link":"https:\/\/etab.ac-reunion.fr\/clg-henri-matisse\/bois-do-na-in-gale\/","title":{"rendered":"Bois d&rsquo;O na in Gal\u00e9"},"content":{"rendered":"<p>Dans le cadre de la journ\u00e9e des talents, a eu lieu au coll\u00e8ge l\u2019op\u00e9ration \u00ab\u00a0Bwa D\u2019o Na in gal\u00e9!\u00a0\u00bb<\/p>\n<p>L\u2019 objectif de ce projet \u00e0 court terme est de mobiliser les \u00e9l\u00e8ves sur des comp\u00e9tences, sur un projet personnel extra scolaire; de les mettre en valeur, de leur donner confiance , de valoriser leurs efforts de modifier leur rapport \u00e0 l\u2019\u00e9cole.<\/p>\n<p>A moyen terme, ce projet a permis de mettre en place des ateliers, du tutorat adultes-\u00e9l\u00e8ves.<\/p>\n<p>A long terme, il s\u2019agit d\u2019am\u00e9liorer le climat scolaire.<\/p>\n<p>Le repr\u00e9sentation et le concours a eu lieu le 2 juillet avec de nombreux participants talentueux proposants des performances aussi riches que vari\u00e9es.<\/p>\n<p>Au pr\u00e9alable et tout au long de l\u2019ann\u00e9e, les \u00e9l\u00e8ves inscrits pouvaient obtenir de l\u2019aide d\u2019adultes de l\u2019\u00e9quipe \u00e9ducative du coll\u00e8ge. Des lieux ont \u00e9t\u00e9 mis \u00e0 la disposition des \u00e9l\u00e8ves pour leur permettre de r\u00e9aliser ce spectacle qui nous a ravi en tant que spectateur.<\/p>\n<p>Cette ann\u00e9e notre heureuse gagnante est No\u00e9mie Turpin qui nous a interpr\u00e9t\u00e9 \u00ab\u00a0Maman\u00a0\u00bb, une chanson de Louane.<\/p>\n<p>F\u00e9licitations!<\/p>\n<p>Bravo \u00e9galement \u00e0 tous les participants!<\/p>\n<p>Zot n\u00e9na in gal\u00e9 !!!!<\/p>\n<p>La gagnante en vid\u00e9o<\/p>\n<div class=\"su-dailymotion su-u-responsive-media-yes\"><iframe loading=\"lazy\" width=\"600\" height=\"400\" src=\"\/\/www.dailymotion.com\/embed\/video\/x6vbsu7?autoplay=0&amp;background=FFC300&amp;foreground=F7FFFD&amp;highlight=171D1B&amp;logo=1&amp;quality=720&amp;info=1\" frameborder=\"0\" allowfullscreen=\"true\" title=\"\"><\/iframe><\/div>\n<p>&nbsp;<\/p>\n<p>&nbsp;<\/p>\n","protected":false},"excerpt":{"rendered":"<p>Dans le cadre de la journ\u00e9e des talents, a eu lieu au coll\u00e8ge l\u2019op\u00e9ration \u00ab\u00a0Bwa D\u2019o Na in gal\u00e9!\u00a0\u00bb L\u2019 objectif de ce projet \u00e0 court terme est de mobiliser les \u00e9l\u00e8ves sur des comp\u00e9tences, sur un projet personnel extra scolaire; de les mettre en valeur, de leur donner confiance\u2026<\/p>\n<p class=\"continue-reading-button\"> <a class=\"continue-reading-link\" href=\"https:\/\/etab.ac-reunion.fr\/clg-henri-matisse\/bois-do-na-in-gale\/\">Continuer \u00e0 lire<i class=\"crycon-right-dir\"><\/i><\/a><\/p>\n","protected":false},"author":2982,"featured_media":4546,"comment_status":"closed","ping_status":"closed","sticky":false,"template":"","format":"standard","meta":{"footnotes":""},"categories":[56],"tags":[],"class_list":["post-4545","post","type-post","status-publish","format-standard","has-post-thumbnail","hentry","category-vie-du-college"],"_links":{"self":[{"href":"https:\/\/etab.ac-reunion.fr\/clg-henri-matisse\/wp-json\/wp\/v2\/posts\/4545","targetHints":{"allow":["GET"]}}],"collection":[{"href":"https:\/\/etab.ac-reunion.fr\/clg-henri-matisse\/wp-json\/wp\/v2\/posts"}],"about":[{"href":"https:\/\/etab.ac-reunion.fr\/clg-henri-matisse\/wp-json\/wp\/v2\/types\/post"}],"author":[{"embeddable":true,"href":"https:\/\/etab.ac-reunion.fr\/clg-henri-matisse\/wp-json\/wp\/v2\/users\/2982"}],"replies":[{"embeddable":true,"href":"https:\/\/etab.ac-reunion.fr\/clg-henri-matisse\/wp-json\/wp\/v2\/comments?post=4545"}],"version-history":[{"count":3,"href":"https:\/\/etab.ac-reunion.fr\/clg-henri-matisse\/wp-json\/wp\/v2\/posts\/4545\/revisions"}],"predecessor-version":[{"id":4553,"href":"https:\/\/etab.ac-reunion.fr\/clg-henri-matisse\/wp-json\/wp\/v2\/posts\/4545\/revisions\/4553"}],"wp:featuredmedia":[{"embeddable":true,"href":"https:\/\/etab.ac-reunion.fr\/clg-henri-matisse\/wp-json\/wp\/v2\/media\/4546"}],"wp:attachment":[{"href":"https:\/\/etab.ac-reunion.fr\/clg-henri-matisse\/wp-json\/wp\/v2\/media?parent=4545"}],"wp:term":[{"taxonomy":"category","embeddable":true,"href":"https:\/\/etab.ac-reunion.fr\/clg-henri-matisse\/wp-json\/wp\/v2\/categories?post=4545"},{"taxonomy":"post_tag","embeddable":true,"href":"https:\/\/etab.ac-reunion.fr\/clg-henri-matisse\/wp-json\/wp\/v2\/tags?post=4545"}],"curies":[{"name":"wp","href":"https:\/\/api.w.org\/{rel}","templated":true}]}}