{"id":4639,"date":"2019-02-04T15:03:09","date_gmt":"2019-02-04T11:03:09","guid":{"rendered":"http:\/\/college-henrimatisse.ac-reunion.fr\/?p=4639"},"modified":"2019-02-04T15:03:09","modified_gmt":"2019-02-04T11:03:09","slug":"sortie-de-la-classe-gagnante-504-du-concours-de-la-serp","status":"publish","type":"post","link":"https:\/\/etab.ac-reunion.fr\/clg-henri-matisse\/sortie-de-la-classe-gagnante-504-du-concours-de-la-serp\/","title":{"rendered":"sortie de la classe gagnante 504 du concours  de la SERP"},"content":{"rendered":"<p>Les 504 est la classe gagnante de la Semaine europ\u00e9enne de la r\u00e9duction des piles (SERP). Ils ont donc re\u00e7u quelques lots et une visite, le 10 d\u00e9cembre 2018, de la d\u00e9ch\u00e8terie de St-Pierre (aussi appel\u00e9e\u00a0<em>D\u00e9ch\u00e8terie de la Rivi\u00e8re Saint-Etienne<\/em>), \u00e0\u00a0<a href=\"http:\/\/saintpierre.delareunion.net\/quartiers-de-saint-pierre\/pierrefonds\/\">Pierrefonds<\/a>.<\/p>\n<p>Ils ont visit\u00e9 d\u2019abord le centre qui trie les poubelles jaunes puis celui qui trie les autres d\u00e9chets\u00a0: d\u00e9chets v\u00e9g\u00e9taux, cartons et papier, encombrants, gravats, m\u00e9taux, etc.<\/p>\n<p>Ce qu\u2019ils ont appris\u00a0:<\/p>\n<ul>\n<li>Il faut trier : Ce message doit passer aupr\u00e8s des parents et de toutes les personnes que l\u2019on connait.<\/li>\n<li>Les plastiques et certains produits ne vont pas tous, de fa\u00e7on syst\u00e9matique, dans la poubelle jaune.<\/li>\n<li>Certains d\u00e9chets ne sont pas trait\u00e9s, on les enfouit dans des casiers et alv\u00e9oles.<\/li>\n<li>Le Lixivia et le biogaz sont des \u00e9nergies issues du traitement des d\u00e9chets.<\/li>\n<li>Les personnes qui travaillent dans ces lieux ont besoin d\u2019EPI (\u00e9quipement de protection individuelle), tel que des masques. Mais ils ne sont pas toujours faciles \u00e0 porter toute la journ\u00e9e.<br \/>\nDes \u00e9quipes de 25 personnes travaillent le matin et l\u2019 apr\u00e8s-midi, du lundi au vendredi.<\/li>\n<li>Nous avons appris qu\u2019il y a la possibilit\u00e9 d\u2019acheter le paillage ou des d\u00e9bris v\u00e9g\u00e9taux.<\/li>\n<li>Le dernier site que nous avons visit\u00e9 est tr\u00e8s prot\u00e9g\u00e9. Il y a des contr\u00f4les de poids des transports qui entrent et qui sortent, de m\u00eame que des interdictions de produits radioactifs.<\/li>\n<\/ul>\n<p>&nbsp;<\/p>\n<p>Keran : \u00ab\u00a0\u00c7a m\u2019a plu.\u00a0\u00bb<br \/>\nCynthia et Maelys : \u00ab\u00a0C\u2019\u00e9tait dur \u00e0 cause des odeurs. Mais on a aim\u00e9 la deuxi\u00e8me visite\u00a0\u00bb<\/p>\n\n\t\t<style type=\"text\/css\">\n\t\t\t#gallery-1 {\n\t\t\t\tmargin: auto;\n\t\t\t}\n\t\t\t#gallery-1 .gallery-item {\n\t\t\t\tfloat: left;\n\t\t\t\tmargin-top: 10px;\n\t\t\t\ttext-align: center;\n\t\t\t\twidth: 33%;\n\t\t\t}\n\t\t\t#gallery-1 img {\n\t\t\t\tborder: 2px solid #cfcfcf;\n\t\t\t}\n\t\t\t#gallery-1 .gallery-caption {\n\t\t\t\tmargin-left: 0;\n\t\t\t}\n\t\t\t\/* see gallery_shortcode() in wp-includes\/media.php *\/\n\t\t<\/style>\n\t\t<div id='gallery-1' class='gallery galleryid-4639 gallery-columns-3 gallery-size-medium'><dl class='gallery-item'>\n\t\t\t<dt class='gallery-icon landscape'>\n\t\t\t\t<a href='https:\/\/etab.ac-reunion.fr\/clg-henri-matisse\/wp-content\/uploads\/sites\/69\/2019\/02\/PHOTOS-DE-LA-DECHETERIE.jpg'><img loading=\"lazy\" decoding=\"async\" width=\"300\" height=\"225\" src=\"https:\/\/etab.ac-reunion.fr\/clg-henri-matisse\/wp-content\/uploads\/sites\/69\/2019\/02\/PHOTOS-DE-LA-DECHETERIE-300x225.jpg\" class=\"attachment-medium size-medium\" alt=\"\" srcset=\"https:\/\/etab.ac-reunion.fr\/clg-henri-matisse\/wp-content\/uploads\/sites\/69\/2019\/02\/PHOTOS-DE-LA-DECHETERIE-300x225.jpg 300w, https:\/\/etab.ac-reunion.fr\/clg-henri-matisse\/wp-content\/uploads\/sites\/69\/2019\/02\/PHOTOS-DE-LA-DECHETERIE-200x150.jpg 200w, https:\/\/etab.ac-reunion.fr\/clg-henri-matisse\/wp-content\/uploads\/sites\/69\/2019\/02\/PHOTOS-DE-LA-DECHETERIE-150x113.jpg 150w, https:\/\/etab.ac-reunion.fr\/clg-henri-matisse\/wp-content\/uploads\/sites\/69\/2019\/02\/PHOTOS-DE-LA-DECHETERIE.jpg 1200w\" sizes=\"auto, (max-width: 300px) 100vw, 300px\" \/><\/a>\n\t\t\t<\/dt><\/dl><dl class='gallery-item'>\n\t\t\t<dt class='gallery-icon landscape'>\n\t\t\t\t<a href='https:\/\/etab.ac-reunion.fr\/clg-henri-matisse\/wp-content\/uploads\/sites\/69\/2019\/02\/DECHETERIE.jpg'><img loading=\"lazy\" decoding=\"async\" width=\"300\" height=\"154\" src=\"https:\/\/etab.ac-reunion.fr\/clg-henri-matisse\/wp-content\/uploads\/sites\/69\/2019\/02\/DECHETERIE-300x154.jpg\" class=\"attachment-medium size-medium\" alt=\"\" srcset=\"https:\/\/etab.ac-reunion.fr\/clg-henri-matisse\/wp-content\/uploads\/sites\/69\/2019\/02\/DECHETERIE-300x154.jpg 300w, https:\/\/etab.ac-reunion.fr\/clg-henri-matisse\/wp-content\/uploads\/sites\/69\/2019\/02\/DECHETERIE-200x103.jpg 200w, https:\/\/etab.ac-reunion.fr\/clg-henri-matisse\/wp-content\/uploads\/sites\/69\/2019\/02\/DECHETERIE-150x77.jpg 150w, https:\/\/etab.ac-reunion.fr\/clg-henri-matisse\/wp-content\/uploads\/sites\/69\/2019\/02\/DECHETERIE.jpg 1200w\" sizes=\"auto, (max-width: 300px) 100vw, 300px\" \/><\/a>\n\t\t\t<\/dt><\/dl><dl class='gallery-item'>\n\t\t\t<dt class='gallery-icon portrait'>\n\t\t\t\t<a href='https:\/\/etab.ac-reunion.fr\/clg-henri-matisse\/wp-content\/uploads\/sites\/69\/2019\/02\/20190128_080547.jpg'><img loading=\"lazy\" decoding=\"async\" width=\"146\" height=\"300\" src=\"https:\/\/etab.ac-reunion.fr\/clg-henri-matisse\/wp-content\/uploads\/sites\/69\/2019\/02\/20190128_080547-146x300.jpg\" class=\"attachment-medium size-medium\" alt=\"\" srcset=\"https:\/\/etab.ac-reunion.fr\/clg-henri-matisse\/wp-content\/uploads\/sites\/69\/2019\/02\/20190128_080547-146x300.jpg 146w, https:\/\/etab.ac-reunion.fr\/clg-henri-matisse\/wp-content\/uploads\/sites\/69\/2019\/02\/20190128_080547-498x1024.jpg 498w, https:\/\/etab.ac-reunion.fr\/clg-henri-matisse\/wp-content\/uploads\/sites\/69\/2019\/02\/20190128_080547-200x412.jpg 200w, https:\/\/etab.ac-reunion.fr\/clg-henri-matisse\/wp-content\/uploads\/sites\/69\/2019\/02\/20190128_080547-73x150.jpg 73w, https:\/\/etab.ac-reunion.fr\/clg-henri-matisse\/wp-content\/uploads\/sites\/69\/2019\/02\/20190128_080547.jpg 1200w\" sizes=\"auto, (max-width: 146px) 100vw, 146px\" \/><\/a>\n\t\t\t<\/dt><\/dl><br style=\"clear: both\" \/><dl class='gallery-item'>\n\t\t\t<dt class='gallery-icon portrait'>\n\t\t\t\t<a href='https:\/\/etab.ac-reunion.fr\/clg-henri-matisse\/wp-content\/uploads\/sites\/69\/2019\/02\/20181210_090150.jpg'><img loading=\"lazy\" decoding=\"async\" width=\"225\" height=\"300\" src=\"https:\/\/etab.ac-reunion.fr\/clg-henri-matisse\/wp-content\/uploads\/sites\/69\/2019\/02\/20181210_090150-225x300.jpg\" class=\"attachment-medium size-medium\" alt=\"\" srcset=\"https:\/\/etab.ac-reunion.fr\/clg-henri-matisse\/wp-content\/uploads\/sites\/69\/2019\/02\/20181210_090150-225x300.jpg 225w, https:\/\/etab.ac-reunion.fr\/clg-henri-matisse\/wp-content\/uploads\/sites\/69\/2019\/02\/20181210_090150-768x1024.jpg 768w, https:\/\/etab.ac-reunion.fr\/clg-henri-matisse\/wp-content\/uploads\/sites\/69\/2019\/02\/20181210_090150-200x267.jpg 200w, https:\/\/etab.ac-reunion.fr\/clg-henri-matisse\/wp-content\/uploads\/sites\/69\/2019\/02\/20181210_090150-113x150.jpg 113w, https:\/\/etab.ac-reunion.fr\/clg-henri-matisse\/wp-content\/uploads\/sites\/69\/2019\/02\/20181210_090150.jpg 1200w\" sizes=\"auto, (max-width: 225px) 100vw, 225px\" \/><\/a>\n\t\t\t<\/dt><\/dl><dl class='gallery-item'>\n\t\t\t<dt class='gallery-icon portrait'>\n\t\t\t\t<a href='https:\/\/etab.ac-reunion.fr\/clg-henri-matisse\/wp-content\/uploads\/sites\/69\/2019\/02\/20181210_085635.jpg'><img loading=\"lazy\" decoding=\"async\" width=\"225\" height=\"300\" src=\"https:\/\/etab.ac-reunion.fr\/clg-henri-matisse\/wp-content\/uploads\/sites\/69\/2019\/02\/20181210_085635-225x300.jpg\" class=\"attachment-medium size-medium\" alt=\"\" srcset=\"https:\/\/etab.ac-reunion.fr\/clg-henri-matisse\/wp-content\/uploads\/sites\/69\/2019\/02\/20181210_085635-225x300.jpg 225w, https:\/\/etab.ac-reunion.fr\/clg-henri-matisse\/wp-content\/uploads\/sites\/69\/2019\/02\/20181210_085635-768x1024.jpg 768w, https:\/\/etab.ac-reunion.fr\/clg-henri-matisse\/wp-content\/uploads\/sites\/69\/2019\/02\/20181210_085635-200x267.jpg 200w, https:\/\/etab.ac-reunion.fr\/clg-henri-matisse\/wp-content\/uploads\/sites\/69\/2019\/02\/20181210_085635-113x150.jpg 113w, https:\/\/etab.ac-reunion.fr\/clg-henri-matisse\/wp-content\/uploads\/sites\/69\/2019\/02\/20181210_085635.jpg 1200w\" sizes=\"auto, (max-width: 225px) 100vw, 225px\" \/><\/a>\n\t\t\t<\/dt><\/dl><dl class='gallery-item'>\n\t\t\t<dt class='gallery-icon portrait'>\n\t\t\t\t<a href='https:\/\/etab.ac-reunion.fr\/clg-henri-matisse\/wp-content\/uploads\/sites\/69\/2019\/02\/20181210_083831.jpg'><img loading=\"lazy\" decoding=\"async\" width=\"225\" height=\"300\" src=\"https:\/\/etab.ac-reunion.fr\/clg-henri-matisse\/wp-content\/uploads\/sites\/69\/2019\/02\/20181210_083831-225x300.jpg\" class=\"attachment-medium size-medium\" alt=\"\" srcset=\"https:\/\/etab.ac-reunion.fr\/clg-henri-matisse\/wp-content\/uploads\/sites\/69\/2019\/02\/20181210_083831-225x300.jpg 225w, https:\/\/etab.ac-reunion.fr\/clg-henri-matisse\/wp-content\/uploads\/sites\/69\/2019\/02\/20181210_083831-768x1024.jpg 768w, https:\/\/etab.ac-reunion.fr\/clg-henri-matisse\/wp-content\/uploads\/sites\/69\/2019\/02\/20181210_083831-200x267.jpg 200w, https:\/\/etab.ac-reunion.fr\/clg-henri-matisse\/wp-content\/uploads\/sites\/69\/2019\/02\/20181210_083831-113x150.jpg 113w, https:\/\/etab.ac-reunion.fr\/clg-henri-matisse\/wp-content\/uploads\/sites\/69\/2019\/02\/20181210_083831.jpg 1200w\" sizes=\"auto, (max-width: 225px) 100vw, 225px\" \/><\/a>\n\t\t\t<\/dt><\/dl><br style=\"clear: both\" \/>\n\t\t<\/div>\n\n","protected":false},"excerpt":{"rendered":"<p>Les 504 est la classe gagnante de la Semaine europ\u00e9enne de la r\u00e9duction des piles (SERP). Ils ont donc re\u00e7u quelques lots et une visite, le 10 d\u00e9cembre 2018, de la d\u00e9ch\u00e8terie de St-Pierre (aussi appel\u00e9e\u00a0D\u00e9ch\u00e8terie de la Rivi\u00e8re Saint-Etienne), \u00e0\u00a0Pierrefonds. Ils ont visit\u00e9 d\u2019abord le centre qui trie les\u2026<\/p>\n<p class=\"continue-reading-button\"> <a class=\"continue-reading-link\" href=\"https:\/\/etab.ac-reunion.fr\/clg-henri-matisse\/sortie-de-la-classe-gagnante-504-du-concours-de-la-serp\/\">Continuer \u00e0 lire<i class=\"crycon-right-dir\"><\/i><\/a><\/p>\n","protected":false},"author":2982,"featured_media":4643,"comment_status":"closed","ping_status":"closed","sticky":false,"template":"","format":"standard","meta":{"footnotes":""},"categories":[64],"tags":[],"class_list":["post-4639","post","type-post","status-publish","format-standard","has-post-thumbnail","hentry","category-education-developpement-durable"],"_links":{"self":[{"href":"https:\/\/etab.ac-reunion.fr\/clg-henri-matisse\/wp-json\/wp\/v2\/posts\/4639","targetHints":{"allow":["GET"]}}],"collection":[{"href":"https:\/\/etab.ac-reunion.fr\/clg-henri-matisse\/wp-json\/wp\/v2\/posts"}],"about":[{"href":"https:\/\/etab.ac-reunion.fr\/clg-henri-matisse\/wp-json\/wp\/v2\/types\/post"}],"author":[{"embeddable":true,"href":"https:\/\/etab.ac-reunion.fr\/clg-henri-matisse\/wp-json\/wp\/v2\/users\/2982"}],"replies":[{"embeddable":true,"href":"https:\/\/etab.ac-reunion.fr\/clg-henri-matisse\/wp-json\/wp\/v2\/comments?post=4639"}],"version-history":[{"count":1,"href":"https:\/\/etab.ac-reunion.fr\/clg-henri-matisse\/wp-json\/wp\/v2\/posts\/4639\/revisions"}],"predecessor-version":[{"id":4647,"href":"https:\/\/etab.ac-reunion.fr\/clg-henri-matisse\/wp-json\/wp\/v2\/posts\/4639\/revisions\/4647"}],"wp:featuredmedia":[{"embeddable":true,"href":"https:\/\/etab.ac-reunion.fr\/clg-henri-matisse\/wp-json\/wp\/v2\/media\/4643"}],"wp:attachment":[{"href":"https:\/\/etab.ac-reunion.fr\/clg-henri-matisse\/wp-json\/wp\/v2\/media?parent=4639"}],"wp:term":[{"taxonomy":"category","embeddable":true,"href":"https:\/\/etab.ac-reunion.fr\/clg-henri-matisse\/wp-json\/wp\/v2\/categories?post=4639"},{"taxonomy":"post_tag","embeddable":true,"href":"https:\/\/etab.ac-reunion.fr\/clg-henri-matisse\/wp-json\/wp\/v2\/tags?post=4639"}],"curies":[{"name":"wp","href":"https:\/\/api.w.org\/{rel}","templated":true}]}}