{"id":7053,"date":"2023-04-21T17:34:55","date_gmt":"2023-04-21T13:34:55","guid":{"rendered":"https:\/\/etab.ac-reunion.fr\/clg-henri-matisse\/?p=7053"},"modified":"2023-04-21T17:34:56","modified_gmt":"2023-04-21T13:34:56","slug":"forum-des-metiers-et-des-formations","status":"publish","type":"post","link":"https:\/\/etab.ac-reunion.fr\/clg-henri-matisse\/forum-des-metiers-et-des-formations\/","title":{"rendered":"Forum des m\u00e9tiers et des formations"},"content":{"rendered":"\n<p>Le coll\u00e8ge Henri Matisse et la cit\u00e9 \u00e9ducative de Bois d&rsquo;Olives ont organis\u00e9 le mercredi 19 avril un forum des formations pour permettre aux \u00e9l\u00e8ves de 4\u00e8me et 3\u00e8me de rencontrer de nombreux lyc\u00e9es g\u00e9n\u00e9raux et professionnels ainsi que des structures de formation par l&rsquo;apprentissage. <\/p>\n\n\n\n<p>Les \u00e9l\u00e8ves ont pu suivre un parcours individuel pour d\u00e9couvrir les diff\u00e9rentes voies d&rsquo;\u00e9tudes apr\u00e8s la 3\u00e8me et rencontrer les enseignants venus leur pr\u00e9senter de fa\u00e7on concr\u00e8te et dynamique les bacs, bacs professionnels et CAP existant dans les \u00e9tablissements de l&rsquo;acad\u00e9mie. <\/p>\n\n\n\n<p>C&rsquo;est une \u00e9tape importante dans la construction de leur parcours Avenir et, pour les 3\u00e8me, une occasion de pr\u00e9ciser leurs choix d&rsquo;orientation \u00e0 quelques semaines de la saisie de leurs voeux d\u00e9finitifs. <\/p>\n\n\n\n<p>La manifestation a permis de belles rencontres et d\u00e9couvertes qui ouvriront, sans doute possible, le champs de possibles pour les \u00e9l\u00e8ves du coll\u00e8ge Henri Matisse!<\/p>\n\n\n\n<figure class=\"wp-block-gallery has-nested-images columns-default is-cropped wp-block-gallery-1 is-layout-flex wp-block-gallery-is-layout-flex\">\n<figure class=\"wp-block-image size-large\"><a href=\"https:\/\/etab.ac-reunion.fr\/clg-henri-matisse\/wp-content\/uploads\/sites\/69\/2023\/04\/042023-forum-des-metiers1-scaled.jpg\"><img loading=\"lazy\" decoding=\"async\" width=\"1300\" height=\"975\" data-id=\"7056\" src=\"https:\/\/etab.ac-reunion.fr\/clg-henri-matisse\/wp-content\/uploads\/sites\/69\/2023\/04\/042023-forum-des-metiers1-1300x975.jpg\" alt=\"\" class=\"wp-image-7056\" srcset=\"https:\/\/etab.ac-reunion.fr\/clg-henri-matisse\/wp-content\/uploads\/sites\/69\/2023\/04\/042023-forum-des-metiers1-1300x975.jpg 1300w, https:\/\/etab.ac-reunion.fr\/clg-henri-matisse\/wp-content\/uploads\/sites\/69\/2023\/04\/042023-forum-des-metiers1-300x225.jpg 300w, https:\/\/etab.ac-reunion.fr\/clg-henri-matisse\/wp-content\/uploads\/sites\/69\/2023\/04\/042023-forum-des-metiers1-1536x1152.jpg 1536w, https:\/\/etab.ac-reunion.fr\/clg-henri-matisse\/wp-content\/uploads\/sites\/69\/2023\/04\/042023-forum-des-metiers1-2048x1536.jpg 2048w, https:\/\/etab.ac-reunion.fr\/clg-henri-matisse\/wp-content\/uploads\/sites\/69\/2023\/04\/042023-forum-des-metiers1-200x150.jpg 200w, https:\/\/etab.ac-reunion.fr\/clg-henri-matisse\/wp-content\/uploads\/sites\/69\/2023\/04\/042023-forum-des-metiers1-150x113.jpg 150w\" sizes=\"auto, (max-width: 1300px) 100vw, 1300px\" \/><\/a><\/figure>\n\n\n\n<figure class=\"wp-block-image size-large\"><a href=\"https:\/\/etab.ac-reunion.fr\/clg-henri-matisse\/wp-content\/uploads\/sites\/69\/2023\/04\/042023-forum-des-metiers2-scaled.jpg\"><img loading=\"lazy\" decoding=\"async\" width=\"1300\" height=\"975\" data-id=\"7055\" src=\"https:\/\/etab.ac-reunion.fr\/clg-henri-matisse\/wp-content\/uploads\/sites\/69\/2023\/04\/042023-forum-des-metiers2-1300x975.jpg\" alt=\"\" class=\"wp-image-7055\" srcset=\"https:\/\/etab.ac-reunion.fr\/clg-henri-matisse\/wp-content\/uploads\/sites\/69\/2023\/04\/042023-forum-des-metiers2-1300x975.jpg 1300w, https:\/\/etab.ac-reunion.fr\/clg-henri-matisse\/wp-content\/uploads\/sites\/69\/2023\/04\/042023-forum-des-metiers2-300x225.jpg 300w, https:\/\/etab.ac-reunion.fr\/clg-henri-matisse\/wp-content\/uploads\/sites\/69\/2023\/04\/042023-forum-des-metiers2-1536x1152.jpg 1536w, https:\/\/etab.ac-reunion.fr\/clg-henri-matisse\/wp-content\/uploads\/sites\/69\/2023\/04\/042023-forum-des-metiers2-2048x1536.jpg 2048w, https:\/\/etab.ac-reunion.fr\/clg-henri-matisse\/wp-content\/uploads\/sites\/69\/2023\/04\/042023-forum-des-metiers2-200x150.jpg 200w, https:\/\/etab.ac-reunion.fr\/clg-henri-matisse\/wp-content\/uploads\/sites\/69\/2023\/04\/042023-forum-des-metiers2-150x113.jpg 150w\" sizes=\"auto, (max-width: 1300px) 100vw, 1300px\" \/><\/a><\/figure>\n\n\n\n<figure class=\"wp-block-image size-large\"><a href=\"https:\/\/etab.ac-reunion.fr\/clg-henri-matisse\/wp-content\/uploads\/sites\/69\/2023\/04\/042023-forum-des-metiers3-scaled.jpg\"><img loading=\"lazy\" decoding=\"async\" width=\"1300\" height=\"975\" data-id=\"7054\" src=\"https:\/\/etab.ac-reunion.fr\/clg-henri-matisse\/wp-content\/uploads\/sites\/69\/2023\/04\/042023-forum-des-metiers3-1300x975.jpg\" alt=\"\" class=\"wp-image-7054\" srcset=\"https:\/\/etab.ac-reunion.fr\/clg-henri-matisse\/wp-content\/uploads\/sites\/69\/2023\/04\/042023-forum-des-metiers3-1300x975.jpg 1300w, https:\/\/etab.ac-reunion.fr\/clg-henri-matisse\/wp-content\/uploads\/sites\/69\/2023\/04\/042023-forum-des-metiers3-300x225.jpg 300w, https:\/\/etab.ac-reunion.fr\/clg-henri-matisse\/wp-content\/uploads\/sites\/69\/2023\/04\/042023-forum-des-metiers3-1536x1152.jpg 1536w, https:\/\/etab.ac-reunion.fr\/clg-henri-matisse\/wp-content\/uploads\/sites\/69\/2023\/04\/042023-forum-des-metiers3-2048x1536.jpg 2048w, https:\/\/etab.ac-reunion.fr\/clg-henri-matisse\/wp-content\/uploads\/sites\/69\/2023\/04\/042023-forum-des-metiers3-200x150.jpg 200w, https:\/\/etab.ac-reunion.fr\/clg-henri-matisse\/wp-content\/uploads\/sites\/69\/2023\/04\/042023-forum-des-metiers3-150x113.jpg 150w\" sizes=\"auto, (max-width: 1300px) 100vw, 1300px\" \/><\/a><\/figure>\n<\/figure>\n","protected":false},"excerpt":{"rendered":"<p>Le coll\u00e8ge Henri Matisse et la cit\u00e9 \u00e9ducative de Bois d&rsquo;Olives ont organis\u00e9 le mercredi 19 avril un forum des formations pour permettre aux \u00e9l\u00e8ves de 4\u00e8me et 3\u00e8me de rencontrer de nombreux lyc\u00e9es g\u00e9n\u00e9raux et professionnels ainsi que des structures de formation par l&rsquo;apprentissage. Les \u00e9l\u00e8ves ont pu suivre\u2026<\/p>\n<p class=\"continue-reading-button\"> <a class=\"continue-reading-link\" href=\"https:\/\/etab.ac-reunion.fr\/clg-henri-matisse\/forum-des-metiers-et-des-formations\/\">Continuer \u00e0 lire<i class=\"crycon-right-dir\"><\/i><\/a><\/p>\n","protected":false},"author":1381,"featured_media":7055,"comment_status":"closed","ping_status":"closed","sticky":false,"template":"","format":"standard","meta":{"footnotes":""},"categories":[106,71],"tags":[],"class_list":["post-7053","post","type-post","status-publish","format-standard","has-post-thumbnail","hentry","category-cite-educative","category-informations"],"_links":{"self":[{"href":"https:\/\/etab.ac-reunion.fr\/clg-henri-matisse\/wp-json\/wp\/v2\/posts\/7053","targetHints":{"allow":["GET"]}}],"collection":[{"href":"https:\/\/etab.ac-reunion.fr\/clg-henri-matisse\/wp-json\/wp\/v2\/posts"}],"about":[{"href":"https:\/\/etab.ac-reunion.fr\/clg-henri-matisse\/wp-json\/wp\/v2\/types\/post"}],"author":[{"embeddable":true,"href":"https:\/\/etab.ac-reunion.fr\/clg-henri-matisse\/wp-json\/wp\/v2\/users\/1381"}],"replies":[{"embeddable":true,"href":"https:\/\/etab.ac-reunion.fr\/clg-henri-matisse\/wp-json\/wp\/v2\/comments?post=7053"}],"version-history":[{"count":1,"href":"https:\/\/etab.ac-reunion.fr\/clg-henri-matisse\/wp-json\/wp\/v2\/posts\/7053\/revisions"}],"predecessor-version":[{"id":7057,"href":"https:\/\/etab.ac-reunion.fr\/clg-henri-matisse\/wp-json\/wp\/v2\/posts\/7053\/revisions\/7057"}],"wp:featuredmedia":[{"embeddable":true,"href":"https:\/\/etab.ac-reunion.fr\/clg-henri-matisse\/wp-json\/wp\/v2\/media\/7055"}],"wp:attachment":[{"href":"https:\/\/etab.ac-reunion.fr\/clg-henri-matisse\/wp-json\/wp\/v2\/media?parent=7053"}],"wp:term":[{"taxonomy":"category","embeddable":true,"href":"https:\/\/etab.ac-reunion.fr\/clg-henri-matisse\/wp-json\/wp\/v2\/categories?post=7053"},{"taxonomy":"post_tag","embeddable":true,"href":"https:\/\/etab.ac-reunion.fr\/clg-henri-matisse\/wp-json\/wp\/v2\/tags?post=7053"}],"curies":[{"name":"wp","href":"https:\/\/api.w.org\/{rel}","templated":true}]}}