{"id":7546,"date":"2024-04-19T16:27:44","date_gmt":"2024-04-19T12:27:44","guid":{"rendered":"https:\/\/etab.ac-reunion.fr\/clg-henri-matisse\/?p=7546"},"modified":"2024-04-19T16:29:03","modified_gmt":"2024-04-19T12:29:03","slug":"job-shadowing-de-amelia-san-jose-fuente","status":"publish","type":"post","link":"https:\/\/etab.ac-reunion.fr\/clg-henri-matisse\/job-shadowing-de-amelia-san-jose-fuente\/","title":{"rendered":"Job shadowing de Amelia San Jos\u00e9 Fuente"},"content":{"rendered":"\n<p>Notre coll\u00e8ge a \u00e9t\u00e9 tr\u00e8s heureux de recevoir Se\u00f1ora Amelia San Jos\u00e9 Fuente, professeure d&rsquo;anglais, venue d&rsquo;Espagne, effectuer un job shadowing dans notre r\u00e9seau.\u00a0<br>Elle a pu d\u00e9couvrir la vie scolaire gr\u00e2ce \u00e0 Mme Atiaman et M. Leblanc.\u00a0<br>Elle a pu aussi suivre un cours de Mme Montbressous avec ses \u00e9l\u00e8ves de La Ressource.\u00a0<br>Enfin, elle est all\u00e9e \u00e0 la rencontre des \u00e9l\u00e8ves apprenant l&rsquo;espagnol avec Se\u00f1ora Clain.\u00a0<\/p>\n\n\n\n<p>Very nice meeting for the pupils.<br>Very interesting discussions about our school systems and teachning methods.<\/p>\n\n\n\n<p>Many thanks to Mrs Roger and Mrs Cornec (Erasmus coordinators in the lyc\u00e9e de Bois d&rsquo;Olive)<\/p>\n\n\n\n<figure data-wp-context=\"{&quot;imageId&quot;:&quot;69f38bc57ba43&quot;}\" data-wp-interactive=\"core\/image\" data-wp-key=\"69f38bc57ba43\" class=\"wp-block-image size-full wp-lightbox-container\"><img loading=\"lazy\" decoding=\"async\" width=\"1280\" height=\"960\" data-wp-class--hide=\"state.isContentHidden\" data-wp-class--show=\"state.isContentVisible\" data-wp-init=\"callbacks.setButtonStyles\" data-wp-on--click=\"actions.showLightbox\" data-wp-on--load=\"callbacks.setButtonStyles\" data-wp-on-window--resize=\"callbacks.setButtonStyles\" src=\"https:\/\/etab.ac-reunion.fr\/clg-henri-matisse\/wp-content\/uploads\/sites\/69\/2024\/04\/202404-ERASMUS.png\" alt=\"\" class=\"wp-image-7547\" srcset=\"https:\/\/etab.ac-reunion.fr\/clg-henri-matisse\/wp-content\/uploads\/sites\/69\/2024\/04\/202404-ERASMUS.png 1280w, https:\/\/etab.ac-reunion.fr\/clg-henri-matisse\/wp-content\/uploads\/sites\/69\/2024\/04\/202404-ERASMUS-300x225.png 300w, https:\/\/etab.ac-reunion.fr\/clg-henri-matisse\/wp-content\/uploads\/sites\/69\/2024\/04\/202404-ERASMUS-200x150.png 200w, https:\/\/etab.ac-reunion.fr\/clg-henri-matisse\/wp-content\/uploads\/sites\/69\/2024\/04\/202404-ERASMUS-150x113.png 150w\" sizes=\"auto, (max-width: 1280px) 100vw, 1280px\" \/><button\n\t\t\tclass=\"lightbox-trigger\"\n\t\t\ttype=\"button\"\n\t\t\taria-haspopup=\"dialog\"\n\t\t\taria-label=\"Agrandir\"\n\t\t\tdata-wp-init=\"callbacks.initTriggerButton\"\n\t\t\tdata-wp-on--click=\"actions.showLightbox\"\n\t\t\tdata-wp-style--right=\"state.imageButtonRight\"\n\t\t\tdata-wp-style--top=\"state.imageButtonTop\"\n\t\t>\n\t\t\t<svg xmlns=\"http:\/\/www.w3.org\/2000\/svg\" width=\"12\" height=\"12\" fill=\"none\" viewBox=\"0 0 12 12\">\n\t\t\t\t<path fill=\"#fff\" d=\"M2 0a2 2 0 0 0-2 2v2h1.5V2a.5.5 0 0 1 .5-.5h2V0H2Zm2 10.5H2a.5.5 0 0 1-.5-.5V8H0v2a2 2 0 0 0 2 2h2v-1.5ZM8 12v-1.5h2a.5.5 0 0 0 .5-.5V8H12v2a2 2 0 0 1-2 2H8Zm2-12a2 2 0 0 1 2 2v2h-1.5V2a.5.5 0 0 0-.5-.5H8V0h2Z\" \/>\n\t\t\t<\/svg>\n\t\t<\/button><\/figure>\n","protected":false},"excerpt":{"rendered":"<p>Notre coll\u00e8ge a \u00e9t\u00e9 tr\u00e8s heureux de recevoir Se\u00f1ora Amelia San Jos\u00e9 Fuente, professeure d&rsquo;anglais, venue d&rsquo;Espagne, effectuer un job shadowing dans notre r\u00e9seau.\u00a0Elle a pu d\u00e9couvrir la vie scolaire gr\u00e2ce \u00e0 Mme Atiaman et M. Leblanc.\u00a0Elle a pu aussi suivre un cours de Mme Montbressous avec ses \u00e9l\u00e8ves de\u2026<\/p>\n<p class=\"continue-reading-button\"> <a class=\"continue-reading-link\" href=\"https:\/\/etab.ac-reunion.fr\/clg-henri-matisse\/job-shadowing-de-amelia-san-jose-fuente\/\">Continuer \u00e0 lire<i class=\"crycon-right-dir\"><\/i><\/a><\/p>\n","protected":false},"author":1381,"featured_media":7547,"comment_status":"closed","ping_status":"closed","sticky":false,"template":"","format":"standard","meta":{"footnotes":""},"categories":[74,33],"tags":[],"class_list":["post-7546","post","type-post","status-publish","format-standard","has-post-thumbnail","hentry","category-erasmus","category-international"],"_links":{"self":[{"href":"https:\/\/etab.ac-reunion.fr\/clg-henri-matisse\/wp-json\/wp\/v2\/posts\/7546","targetHints":{"allow":["GET"]}}],"collection":[{"href":"https:\/\/etab.ac-reunion.fr\/clg-henri-matisse\/wp-json\/wp\/v2\/posts"}],"about":[{"href":"https:\/\/etab.ac-reunion.fr\/clg-henri-matisse\/wp-json\/wp\/v2\/types\/post"}],"author":[{"embeddable":true,"href":"https:\/\/etab.ac-reunion.fr\/clg-henri-matisse\/wp-json\/wp\/v2\/users\/1381"}],"replies":[{"embeddable":true,"href":"https:\/\/etab.ac-reunion.fr\/clg-henri-matisse\/wp-json\/wp\/v2\/comments?post=7546"}],"version-history":[{"count":1,"href":"https:\/\/etab.ac-reunion.fr\/clg-henri-matisse\/wp-json\/wp\/v2\/posts\/7546\/revisions"}],"predecessor-version":[{"id":7548,"href":"https:\/\/etab.ac-reunion.fr\/clg-henri-matisse\/wp-json\/wp\/v2\/posts\/7546\/revisions\/7548"}],"wp:featuredmedia":[{"embeddable":true,"href":"https:\/\/etab.ac-reunion.fr\/clg-henri-matisse\/wp-json\/wp\/v2\/media\/7547"}],"wp:attachment":[{"href":"https:\/\/etab.ac-reunion.fr\/clg-henri-matisse\/wp-json\/wp\/v2\/media?parent=7546"}],"wp:term":[{"taxonomy":"category","embeddable":true,"href":"https:\/\/etab.ac-reunion.fr\/clg-henri-matisse\/wp-json\/wp\/v2\/categories?post=7546"},{"taxonomy":"post_tag","embeddable":true,"href":"https:\/\/etab.ac-reunion.fr\/clg-henri-matisse\/wp-json\/wp\/v2\/tags?post=7546"}],"curies":[{"name":"wp","href":"https:\/\/api.w.org\/{rel}","templated":true}]}}