{"id":1453,"date":"2022-12-10T09:26:23","date_gmt":"2022-12-10T05:26:23","guid":{"rendered":"https:\/\/etab.ac-reunion.fr\/clg-hippolyte-foucque\/?p=1453"},"modified":"2022-12-10T09:27:29","modified_gmt":"2022-12-10T05:27:29","slug":"flamme-du-soldat-inconnu","status":"publish","type":"post","link":"https:\/\/etab.ac-reunion.fr\/clg-hippolyte-foucque\/?p=1453","title":{"rendered":"Flamme du Soldat Inconnu"},"content":{"rendered":"\n<p class=\"has-medium-font-size\">Notre \u00e9tablissement a eu la chance d\u2019accueillir la Flamme du Soldat Inconnu \u00e0 Sainte-Suzanne, le 02 novembre 2022.<br>Nos \u00e9l\u00e8ves de la 306 et quelques autres de la 603 ont particip\u00e9 au d\u00e9fil\u00e9 avec les anciens combattants et quelques militaires. La Flamme a \u00e9t\u00e9 port\u00e9e depuis le place du march\u00e9 forain jusqu\u2019au monument aux morts de notre commune. Plusieurs \u00e9quipes se sont relay\u00e9es pour la port\u00e9e encadr\u00e9es par un protocole militaire minut\u00e9. Une fois les discours prononc\u00e9s, les lettres de poilus lues et les gerbes d\u00e9pos\u00e9es, nos \u00e9l\u00e8ves ont entam\u00e9s les chants: notre hymne, d\u2019abord, \u00ab La Marseillaise \u00bb mais aussi un extrait du \u00ab Chant des partisans \u00bb.<br>Ce fut un moment patriotique fort o\u00f9 nos \u00e9l\u00e8ves se sont rapproch\u00e9s de l\u2019histoire de leur ville mais aussi de l\u2019histoire de notre Nation donnant ainsi une dimension plus profonde aux cours d\u2019histoire et d\u2019EMC dispens\u00e9s en classe.<\/p>\n\n\n\n<figure class=\"wp-block-gallery has-nested-images columns-default is-cropped wp-block-gallery-1 is-layout-flex wp-block-gallery-is-layout-flex\">\n<figure class=\"wp-block-image size-large\"><img decoding=\"async\" data-id=\"1474\" src=\"https:\/\/etab.ac-reunion.fr\/clg-hippolyte-foucque\/wp-content\/uploads\/sites\/50\/2022\/12\/photo2.png\" alt=\"\" class=\"wp-image-1474\" \/><\/figure>\n\n\n\n<figure class=\"wp-block-image size-large\"><img decoding=\"async\" data-id=\"1472\" src=\"https:\/\/etab.ac-reunion.fr\/clg-hippolyte-foucque\/wp-content\/uploads\/sites\/50\/2022\/12\/photo3.png\" alt=\"\" class=\"wp-image-1472\" \/><\/figure>\n\n\n\n<figure class=\"wp-block-image size-large\"><img decoding=\"async\" data-id=\"1470\" src=\"https:\/\/etab.ac-reunion.fr\/clg-hippolyte-foucque\/wp-content\/uploads\/sites\/50\/2022\/12\/photo4.png\" alt=\"\" class=\"wp-image-1470\" \/><\/figure>\n\n\n\n<figure class=\"wp-block-image size-large\"><img decoding=\"async\" data-id=\"1473\" src=\"https:\/\/etab.ac-reunion.fr\/clg-hippolyte-foucque\/wp-content\/uploads\/sites\/50\/2022\/12\/photo5.png\" alt=\"\" class=\"wp-image-1473\" \/><\/figure>\n\n\n\n<figure class=\"wp-block-image size-large\"><img decoding=\"async\" data-id=\"1471\" src=\"https:\/\/etab.ac-reunion.fr\/clg-hippolyte-foucque\/wp-content\/uploads\/sites\/50\/2022\/12\/photo6.png\" alt=\"\" class=\"wp-image-1471\" \/><\/figure>\n\n\n\n<figure class=\"wp-block-image size-large\"><img decoding=\"async\" data-id=\"1469\" src=\"https:\/\/etab.ac-reunion.fr\/clg-hippolyte-foucque\/wp-content\/uploads\/sites\/50\/2022\/12\/photo7.png\" alt=\"\" class=\"wp-image-1469\" \/><\/figure>\n\n\n\n<figure class=\"wp-block-image size-large\"><img decoding=\"async\" data-id=\"1475\" src=\"https:\/\/etab.ac-reunion.fr\/clg-hippolyte-foucque\/wp-content\/uploads\/sites\/50\/2022\/12\/photo8.png\" alt=\"\" class=\"wp-image-1475\" \/><\/figure>\n\n\n\n<figure class=\"wp-block-image size-large\"><img decoding=\"async\" data-id=\"1476\" src=\"https:\/\/etab.ac-reunion.fr\/clg-hippolyte-foucque\/wp-content\/uploads\/sites\/50\/2022\/12\/photo9.png\" alt=\"\" class=\"wp-image-1476\" \/><\/figure>\n<\/figure>\n\n\n\n<figure class=\"wp-block-image size-large\"><img decoding=\"async\" src=\"https:\/\/etab.ac-reunion.fr\/clg-hippolyte-foucque\/wp-content\/uploads\/sites\/50\/2022\/12\/photo1-2-1024x768.jpg\" alt=\"\" class=\"wp-image-1468\" \/><\/figure>\n","protected":false},"excerpt":{"rendered":"<p>Notre \u00e9tablissement a eu la chance d\u2019accueillir la Flamme du Soldat Inconnu \u00e0 Sainte-Suzanne, le 02 novembre 2022.Nos \u00e9l\u00e8ves de la 306 et quelques autres de la 603 ont particip\u00e9 au d\u00e9fil\u00e9 avec les anciens combattants et quelques militaires. La Flamme a \u00e9t\u00e9 port\u00e9e depuis le place du march\u00e9 forain jusqu\u2019au monument aux morts de [&hellip;]<\/p>\n","protected":false},"author":10149,"featured_media":1454,"comment_status":"closed","ping_status":"closed","sticky":false,"template":"","format":"standard","meta":{"_et_pb_use_builder":"","_et_pb_old_content":"","_et_gb_content_width":"","footnotes":""},"categories":[46,13],"tags":[],"class_list":["post-1453","post","type-post","status-publish","format-standard","has-post-thumbnail","hentry","category-actualites","category-pedagogie"],"_links":{"self":[{"href":"https:\/\/etab.ac-reunion.fr\/clg-hippolyte-foucque\/index.php?rest_route=\/wp\/v2\/posts\/1453","targetHints":{"allow":["GET"]}}],"collection":[{"href":"https:\/\/etab.ac-reunion.fr\/clg-hippolyte-foucque\/index.php?rest_route=\/wp\/v2\/posts"}],"about":[{"href":"https:\/\/etab.ac-reunion.fr\/clg-hippolyte-foucque\/index.php?rest_route=\/wp\/v2\/types\/post"}],"author":[{"embeddable":true,"href":"https:\/\/etab.ac-reunion.fr\/clg-hippolyte-foucque\/index.php?rest_route=\/wp\/v2\/users\/10149"}],"replies":[{"embeddable":true,"href":"https:\/\/etab.ac-reunion.fr\/clg-hippolyte-foucque\/index.php?rest_route=%2Fwp%2Fv2%2Fcomments&post=1453"}],"version-history":[{"count":2,"href":"https:\/\/etab.ac-reunion.fr\/clg-hippolyte-foucque\/index.php?rest_route=\/wp\/v2\/posts\/1453\/revisions"}],"predecessor-version":[{"id":1477,"href":"https:\/\/etab.ac-reunion.fr\/clg-hippolyte-foucque\/index.php?rest_route=\/wp\/v2\/posts\/1453\/revisions\/1477"}],"wp:featuredmedia":[{"embeddable":true,"href":"https:\/\/etab.ac-reunion.fr\/clg-hippolyte-foucque\/index.php?rest_route=\/wp\/v2\/media\/1454"}],"wp:attachment":[{"href":"https:\/\/etab.ac-reunion.fr\/clg-hippolyte-foucque\/index.php?rest_route=%2Fwp%2Fv2%2Fmedia&parent=1453"}],"wp:term":[{"taxonomy":"category","embeddable":true,"href":"https:\/\/etab.ac-reunion.fr\/clg-hippolyte-foucque\/index.php?rest_route=%2Fwp%2Fv2%2Fcategories&post=1453"},{"taxonomy":"post_tag","embeddable":true,"href":"https:\/\/etab.ac-reunion.fr\/clg-hippolyte-foucque\/index.php?rest_route=%2Fwp%2Fv2%2Ftags&post=1453"}],"curies":[{"name":"wp","href":"https:\/\/api.w.org\/{rel}","templated":true}]}}