{"id":4525,"date":"2026-02-21T10:32:24","date_gmt":"2026-02-21T06:32:24","guid":{"rendered":"https:\/\/etab.ac-reunion.fr\/clg-hippolyte-foucque\/?p=4525"},"modified":"2026-02-21T10:41:32","modified_gmt":"2026-02-21T06:41:32","slug":"nos-equipes-de-handball-vice-championnes-du-district-est","status":"publish","type":"post","link":"https:\/\/etab.ac-reunion.fr\/clg-hippolyte-foucque\/?p=4525","title":{"rendered":"Nos \u00e9quipes de handball vice-championnes du district Est !"},"content":{"rendered":"\n<figure class=\"wp-block-gallery has-nested-images columns-default is-cropped wp-block-gallery-1 is-layout-flex wp-block-gallery-is-layout-flex\">\n<figure class=\"wp-block-image size-large\"><img loading=\"lazy\" decoding=\"async\" width=\"1848\" height=\"2464\" data-id=\"4532\" src=\"https:\/\/etab.ac-reunion.fr\/clg-hippolyte-foucque\/wp-content\/uploads\/sites\/50\/2026\/02\/20260204_145158-edited-1.png\" alt=\"\" class=\"wp-image-4532\" srcset=\"https:\/\/etab.ac-reunion.fr\/clg-hippolyte-foucque\/wp-content\/uploads\/sites\/50\/2026\/02\/20260204_145158-edited-1.png 1848w, https:\/\/etab.ac-reunion.fr\/clg-hippolyte-foucque\/wp-content\/uploads\/sites\/50\/2026\/02\/20260204_145158-edited-1-1280x1707.png 1280w, https:\/\/etab.ac-reunion.fr\/clg-hippolyte-foucque\/wp-content\/uploads\/sites\/50\/2026\/02\/20260204_145158-edited-1-980x1307.png 980w, https:\/\/etab.ac-reunion.fr\/clg-hippolyte-foucque\/wp-content\/uploads\/sites\/50\/2026\/02\/20260204_145158-edited-1-480x640.png 480w\" sizes=\"(min-width: 0px) and (max-width: 480px) 480px, (min-width: 481px) and (max-width: 980px) 980px, (min-width: 981px) and (max-width: 1280px) 1280px, (min-width: 1281px) 1848px, 100vw\" \/><\/figure>\n\n\n\n<figure class=\"wp-block-image size-large\"><img loading=\"lazy\" decoding=\"async\" width=\"1848\" height=\"2464\" data-id=\"4533\" src=\"https:\/\/etab.ac-reunion.fr\/clg-hippolyte-foucque\/wp-content\/uploads\/sites\/50\/2026\/02\/20260204_1452380-edited.png\" alt=\"\" class=\"wp-image-4533\" srcset=\"https:\/\/etab.ac-reunion.fr\/clg-hippolyte-foucque\/wp-content\/uploads\/sites\/50\/2026\/02\/20260204_1452380-edited.png 1848w, https:\/\/etab.ac-reunion.fr\/clg-hippolyte-foucque\/wp-content\/uploads\/sites\/50\/2026\/02\/20260204_1452380-edited-1280x1707.png 1280w, https:\/\/etab.ac-reunion.fr\/clg-hippolyte-foucque\/wp-content\/uploads\/sites\/50\/2026\/02\/20260204_1452380-edited-980x1307.png 980w, https:\/\/etab.ac-reunion.fr\/clg-hippolyte-foucque\/wp-content\/uploads\/sites\/50\/2026\/02\/20260204_1452380-edited-480x640.png 480w\" sizes=\"(min-width: 0px) and (max-width: 480px) 480px, (min-width: 481px) and (max-width: 980px) 980px, (min-width: 981px) and (max-width: 1280px) 1280px, (min-width: 1281px) 1848px, 100vw\" \/><\/figure>\n<\/figure>\n\n\n\n<figure class=\"wp-block-image aligncenter size-large is-resized\"><img loading=\"lazy\" decoding=\"async\" width=\"1848\" height=\"1848\" src=\"https:\/\/etab.ac-reunion.fr\/clg-hippolyte-foucque\/wp-content\/uploads\/sites\/50\/2026\/02\/20260218_145013-edited.png\" alt=\"\" class=\"wp-image-4527\" style=\"width:487px;height:auto\" srcset=\"https:\/\/etab.ac-reunion.fr\/clg-hippolyte-foucque\/wp-content\/uploads\/sites\/50\/2026\/02\/20260218_145013-edited.png 1848w, https:\/\/etab.ac-reunion.fr\/clg-hippolyte-foucque\/wp-content\/uploads\/sites\/50\/2026\/02\/20260218_145013-edited-1280x1280.png 1280w, https:\/\/etab.ac-reunion.fr\/clg-hippolyte-foucque\/wp-content\/uploads\/sites\/50\/2026\/02\/20260218_145013-edited-980x980.png 980w, https:\/\/etab.ac-reunion.fr\/clg-hippolyte-foucque\/wp-content\/uploads\/sites\/50\/2026\/02\/20260218_145013-edited-480x480.png 480w\" sizes=\"(min-width: 0px) and (max-width: 480px) 480px, (min-width: 481px) and (max-width: 980px) 980px, (min-width: 981px) and (max-width: 1280px) 1280px, (min-width: 1281px) 1848px, 100vw\" \/><\/figure>\n\n\n\n<p><\/p>\n\n\n\n<p class=\"has-medium-font-size\">Le coll\u00e8ge est fier d&rsquo;annoncer les excellents r\u00e9sultats de nos trois \u00e9quipes de handball lors des championnats du district Est. Nos jeunes sportifs ont brill\u00e9 sur les terrains et d\u00e9croch\u00e9 une belle moisson de m\u00e9dailles d&rsquo;argent !<br>Un podium complet pour notre coll\u00e8ge<br>Nos trois \u00e9quipes ont toutes termin\u00e9 \u00e0 la deuxi\u00e8me place de leur cat\u00e9gorie respective et sont donc vice-championnes du district Est :<\/p>\n\n\n\n<ul class=\"wp-block-list\">\n<li class=\"has-medium-font-size\">Minimes Gar\u00e7ons &#8211; Vice-champions<\/li>\n\n\n\n<li class=\"has-medium-font-size\">Minimes Filles &#8211; Vice-championnes<\/li>\n\n\n\n<li class=\"has-medium-font-size\">Benjamins Mixtes &#8211; Vice-champions<\/li>\n<\/ul>\n\n\n\n<p class=\"has-medium-font-size\">F\u00e9licitations \u00e0 tous nos handballeurs et handballeuses !<\/p>\n\n\n\n<p class=\"has-medium-font-size\">Ces performances exceptionnelles t\u00e9moignent du talent, de l&rsquo;engagement et de l&rsquo;esprit d&rsquo;\u00e9quipe de nos \u00e9l\u00e8ves<\/p>\n\n\n\n<p class=\"has-medium-font-size\"><strong><u>Rendez-vous aux finales acad\u00e9miques<\/u><\/strong><\/p>\n\n\n\n<p class=\"has-medium-font-size\">Nos \u00e9quipes Minimes Gar\u00e7ons et Benjamins Mixtes repr\u00e9senteront notre coll\u00e8ge lors des finales acad\u00e9miques. Voici les dates \u00e0 retenir :<br>Mercredi 18 mars 2026 : Finales acad\u00e9miques des Minimes Gar\u00e7ons \u00e0 st Andr\u00e9\u00a0<br>Dimanche 29 avril 2026 : Finales acad\u00e9miques des Benjamins Mixtes au Port<\/p>\n\n\n\n<p class=\"has-medium-font-size\">Malheureusement, en raison de contraintes d&rsquo;organisation, l&rsquo;UNSS a d\u00e9cid\u00e9 de ne qualifier qu&rsquo;une seule \u00e9quipe Minimes Filles par secteur g\u00e9ographique. Nos joueuses, bien que vice-championnes, ne pourront donc pas participer aux finales en tant qu&rsquo;\u00e9quipe.<\/p>\n\n\n\n<p class=\"has-medium-font-size\"><strong><u>Nos Minimes Filles : de joueuses \u00e0 jeunes officielles<\/u><\/strong><\/p>\n\n\n\n<p class=\"has-medium-font-size\">Cependant, nos Minimes Filles ne resteront pas sur la touche ! Elles ont \u00e9t\u00e9 sollicit\u00e9es pour tenir des r\u00f4les essentiels lors des finales en tant que jeunes officielles : arbitres, coaches, responsables de table de marque et reporters. Elles contribueront ainsi au bon d\u00e9roulement des finales de leurs camarades Minimes Gar\u00e7ons et Benjamins Mixtes. Une belle opportunit\u00e9 de d\u00e9couvrir une autre facette du handball et de s&rsquo;impliquer autrement dans la comp\u00e9tition !<\/p>\n\n\n\n<p class=\"has-medium-font-size\">Nous souhaitons bonne chance \u00e0 toutes nos \u00e9quipes et f\u00e9licitons nos Minimes Filles pour leur engagement et leur esprit sportif exemplaire.<\/p>\n\n\n\n<figure class=\"wp-block-image size-large\"><img loading=\"lazy\" decoding=\"async\" width=\"1848\" height=\"2464\" src=\"https:\/\/etab.ac-reunion.fr\/clg-hippolyte-foucque\/wp-content\/uploads\/sites\/50\/2026\/02\/20260204_090748-edited.png\" alt=\"\" class=\"wp-image-4534\" srcset=\"https:\/\/etab.ac-reunion.fr\/clg-hippolyte-foucque\/wp-content\/uploads\/sites\/50\/2026\/02\/20260204_090748-edited.png 1848w, https:\/\/etab.ac-reunion.fr\/clg-hippolyte-foucque\/wp-content\/uploads\/sites\/50\/2026\/02\/20260204_090748-edited-1280x1707.png 1280w, https:\/\/etab.ac-reunion.fr\/clg-hippolyte-foucque\/wp-content\/uploads\/sites\/50\/2026\/02\/20260204_090748-edited-980x1307.png 980w, https:\/\/etab.ac-reunion.fr\/clg-hippolyte-foucque\/wp-content\/uploads\/sites\/50\/2026\/02\/20260204_090748-edited-480x640.png 480w\" sizes=\"(min-width: 0px) and (max-width: 480px) 480px, (min-width: 481px) and (max-width: 980px) 980px, (min-width: 981px) and (max-width: 1280px) 1280px, (min-width: 1281px) 1848px, 100vw\" \/><\/figure>\n","protected":false},"excerpt":{"rendered":"<p>Le coll\u00e8ge est fier d&rsquo;annoncer les excellents r\u00e9sultats de nos trois \u00e9quipes de handball lors des championnats du district Est. Nos jeunes sportifs ont brill\u00e9 sur les terrains et d\u00e9croch\u00e9 une belle moisson de m\u00e9dailles d&rsquo;argent !Un podium complet pour notre coll\u00e8geNos trois \u00e9quipes ont toutes termin\u00e9 \u00e0 la deuxi\u00e8me place de leur cat\u00e9gorie respective [&hellip;]<\/p>\n","protected":false},"author":37549,"featured_media":0,"comment_status":"closed","ping_status":"closed","sticky":false,"template":"","format":"standard","meta":{"_et_pb_use_builder":"off","_et_pb_old_content":"","_et_gb_content_width":"","footnotes":""},"categories":[11,46,52,40,13,12],"tags":[],"class_list":["post-4525","post","type-post","status-publish","format-standard","hentry","category-accueil","category-actualites","category-eleves_parentss","category-nos-resultats","category-pedagogie","category-vie-du-college"],"_links":{"self":[{"href":"https:\/\/etab.ac-reunion.fr\/clg-hippolyte-foucque\/index.php?rest_route=\/wp\/v2\/posts\/4525","targetHints":{"allow":["GET"]}}],"collection":[{"href":"https:\/\/etab.ac-reunion.fr\/clg-hippolyte-foucque\/index.php?rest_route=\/wp\/v2\/posts"}],"about":[{"href":"https:\/\/etab.ac-reunion.fr\/clg-hippolyte-foucque\/index.php?rest_route=\/wp\/v2\/types\/post"}],"author":[{"embeddable":true,"href":"https:\/\/etab.ac-reunion.fr\/clg-hippolyte-foucque\/index.php?rest_route=\/wp\/v2\/users\/37549"}],"replies":[{"embeddable":true,"href":"https:\/\/etab.ac-reunion.fr\/clg-hippolyte-foucque\/index.php?rest_route=%2Fwp%2Fv2%2Fcomments&post=4525"}],"version-history":[{"count":3,"href":"https:\/\/etab.ac-reunion.fr\/clg-hippolyte-foucque\/index.php?rest_route=\/wp\/v2\/posts\/4525\/revisions"}],"predecessor-version":[{"id":4538,"href":"https:\/\/etab.ac-reunion.fr\/clg-hippolyte-foucque\/index.php?rest_route=\/wp\/v2\/posts\/4525\/revisions\/4538"}],"wp:attachment":[{"href":"https:\/\/etab.ac-reunion.fr\/clg-hippolyte-foucque\/index.php?rest_route=%2Fwp%2Fv2%2Fmedia&parent=4525"}],"wp:term":[{"taxonomy":"category","embeddable":true,"href":"https:\/\/etab.ac-reunion.fr\/clg-hippolyte-foucque\/index.php?rest_route=%2Fwp%2Fv2%2Fcategories&post=4525"},{"taxonomy":"post_tag","embeddable":true,"href":"https:\/\/etab.ac-reunion.fr\/clg-hippolyte-foucque\/index.php?rest_route=%2Fwp%2Fv2%2Ftags&post=4525"}],"curies":[{"name":"wp","href":"https:\/\/api.w.org\/{rel}","templated":true}]}}