{"id":4541,"date":"2026-02-21T10:57:35","date_gmt":"2026-02-21T06:57:35","guid":{"rendered":"https:\/\/etab.ac-reunion.fr\/clg-hippolyte-foucque\/?p=4541"},"modified":"2026-02-21T10:57:36","modified_gmt":"2026-02-21T06:57:36","slug":"le-forum-des-metiers-et-de-la-formation-fait-son-retour","status":"publish","type":"post","link":"https:\/\/etab.ac-reunion.fr\/clg-hippolyte-foucque\/?p=4541","title":{"rendered":"Le Forum des M\u00e9tiers et de la Formation fait son retour !"},"content":{"rendered":"\n<figure class=\"wp-block-image aligncenter size-large\"><img loading=\"lazy\" decoding=\"async\" width=\"724\" height=\"1024\" src=\"https:\/\/etab.ac-reunion.fr\/clg-hippolyte-foucque\/wp-content\/uploads\/sites\/50\/2026\/02\/Forum-des-metiers-H-foucque-2026-724x1024.png\" alt=\"\" class=\"wp-image-4542\" \/><\/figure>\n\n\n\n<p class=\"has-medium-font-size\">Mercredi 25 f\u00e9vrier 2026, Le coll\u00e8ge organisera son Forum des M\u00e9tiers et de la Formation, un temps fort destin\u00e9 aux \u00e9l\u00e8ves de 5\u1d49, 4\u1d49 et 3\u1d49 pour les accompagner dans la construction de leur projet d\u2019orientation.<\/p>\n\n\n\n<p class=\"has-medium-font-size\">Cet \u00e9v\u00e9nement permettra aux \u00e9l\u00e8ves de partir \u00e0 la rencontre de nombreux professionnels et acteurs de la formation venus pr\u00e9senter leurs parcours, leurs m\u00e9tiers et les diff\u00e9rentes voies possibles apr\u00e8s le coll\u00e8ge. Une belle opportunit\u00e9 pour \u00e9changer, poser des questions et mieux comprendre les r\u00e9alit\u00e9s du monde professionnel.<\/p>\n\n\n\n<p class=\"has-medium-font-size\">Afin de favoriser des \u00e9changes riches et vari\u00e9s, les \u00e9l\u00e8ves seront r\u00e9partis en groupes, constitu\u00e9s selon leurs choix effectu\u00e9s en amont. Ils pourront ainsi d\u00e9couvrir plusieurs secteurs d\u2019activit\u00e9 et \u00e9largir leur r\u00e9flexion sur leur avenir.<\/p>\n\n\n\n<p class=\"has-medium-font-size\">Une exp\u00e9rience enrichissante pour aider chacun \u00e0 affiner ses choix d\u2019orientation !<\/p>\n","protected":false},"excerpt":{"rendered":"<p>Mercredi 25 f\u00e9vrier 2026, Le coll\u00e8ge organisera son Forum des M\u00e9tiers et de la Formation, un temps fort destin\u00e9 aux \u00e9l\u00e8ves de 5\u1d49, 4\u1d49 et 3\u1d49 pour les accompagner dans la construction de leur projet d\u2019orientation. Cet \u00e9v\u00e9nement permettra aux \u00e9l\u00e8ves de partir \u00e0 la rencontre de nombreux professionnels et acteurs de la formation venus [&hellip;]<\/p>\n","protected":false},"author":37549,"featured_media":0,"comment_status":"closed","ping_status":"closed","sticky":false,"template":"","format":"standard","meta":{"_et_pb_use_builder":"off","_et_pb_old_content":"","_et_gb_content_width":"","footnotes":""},"categories":[11,46,30,52,14,12],"tags":[],"class_list":["post-4541","post","type-post","status-publish","format-standard","hentry","category-accueil","category-actualites","category-informations-generales","category-eleves_parentss","category-orientation","category-vie-du-college"],"_links":{"self":[{"href":"https:\/\/etab.ac-reunion.fr\/clg-hippolyte-foucque\/index.php?rest_route=\/wp\/v2\/posts\/4541","targetHints":{"allow":["GET"]}}],"collection":[{"href":"https:\/\/etab.ac-reunion.fr\/clg-hippolyte-foucque\/index.php?rest_route=\/wp\/v2\/posts"}],"about":[{"href":"https:\/\/etab.ac-reunion.fr\/clg-hippolyte-foucque\/index.php?rest_route=\/wp\/v2\/types\/post"}],"author":[{"embeddable":true,"href":"https:\/\/etab.ac-reunion.fr\/clg-hippolyte-foucque\/index.php?rest_route=\/wp\/v2\/users\/37549"}],"replies":[{"embeddable":true,"href":"https:\/\/etab.ac-reunion.fr\/clg-hippolyte-foucque\/index.php?rest_route=%2Fwp%2Fv2%2Fcomments&post=4541"}],"version-history":[{"count":1,"href":"https:\/\/etab.ac-reunion.fr\/clg-hippolyte-foucque\/index.php?rest_route=\/wp\/v2\/posts\/4541\/revisions"}],"predecessor-version":[{"id":4543,"href":"https:\/\/etab.ac-reunion.fr\/clg-hippolyte-foucque\/index.php?rest_route=\/wp\/v2\/posts\/4541\/revisions\/4543"}],"wp:attachment":[{"href":"https:\/\/etab.ac-reunion.fr\/clg-hippolyte-foucque\/index.php?rest_route=%2Fwp%2Fv2%2Fmedia&parent=4541"}],"wp:term":[{"taxonomy":"category","embeddable":true,"href":"https:\/\/etab.ac-reunion.fr\/clg-hippolyte-foucque\/index.php?rest_route=%2Fwp%2Fv2%2Fcategories&post=4541"},{"taxonomy":"post_tag","embeddable":true,"href":"https:\/\/etab.ac-reunion.fr\/clg-hippolyte-foucque\/index.php?rest_route=%2Fwp%2Fv2%2Ftags&post=4541"}],"curies":[{"name":"wp","href":"https:\/\/api.w.org\/{rel}","templated":true}]}}