{"id":4544,"date":"2026-02-21T15:29:02","date_gmt":"2026-02-21T11:29:02","guid":{"rendered":"https:\/\/etab.ac-reunion.fr\/clg-hippolyte-foucque\/?p=4544"},"modified":"2026-02-21T15:31:13","modified_gmt":"2026-02-21T11:31:13","slug":"concours-academique-de-lufal-une-eleve-du-college-recompensee","status":"publish","type":"post","link":"https:\/\/etab.ac-reunion.fr\/clg-hippolyte-foucque\/?p=4544","title":{"rendered":"Concours acad\u00e9mique de l\u2019UFAL : une \u00e9l\u00e8ve du coll\u00e8ge r\u00e9compens\u00e9e !"},"content":{"rendered":"\n<figure class=\"wp-block-image aligncenter size-large\"><img loading=\"lazy\" decoding=\"async\" width=\"1024\" height=\"768\" src=\"https:\/\/etab.ac-reunion.fr\/clg-hippolyte-foucque\/wp-content\/uploads\/sites\/50\/2026\/02\/photo-laureats_blur-1024x768.jpg\" alt=\"\" class=\"wp-image-4546\" srcset=\"https:\/\/etab.ac-reunion.fr\/clg-hippolyte-foucque\/wp-content\/uploads\/sites\/50\/2026\/02\/photo-laureats_blur-1024x768.jpg 1024w, https:\/\/etab.ac-reunion.fr\/clg-hippolyte-foucque\/wp-content\/uploads\/sites\/50\/2026\/02\/photo-laureats_blur-980x735.jpg 980w, https:\/\/etab.ac-reunion.fr\/clg-hippolyte-foucque\/wp-content\/uploads\/sites\/50\/2026\/02\/photo-laureats_blur-480x360.jpg 480w\" sizes=\"(min-width: 0px) and (max-width: 480px) 480px, (min-width: 481px) and (max-width: 980px) 980px, (min-width: 981px) 1024px, 100vw\" \/><\/figure>\n\n\n\n<p class=\"has-medium-font-size\">Le coll\u00e8ge est fier de mettre \u00e0 l\u2019honneur&nbsp;<strong>Lucia Jaur\u00e8s<\/strong>, \u00e9l\u00e8ve de&nbsp;<strong>408<\/strong>, laur\u00e9ate du&nbsp;<strong>deuxi\u00e8me prix<\/strong>&nbsp;d\u2019un&nbsp;<strong>concours acad\u00e9mique organis\u00e9 par l\u2019UFAL (Union des Familles La\u00efques)<\/strong>.<\/p>\n\n\n\n<p class=\"has-medium-font-size\">Ce concours invitait les \u00e9l\u00e8ves \u00e0 illustrer l\u2019un des th\u00e8mes suivants, autour des valeurs de la R\u00e9publique et de la la\u00efcit\u00e9 :<\/p>\n\n\n\n<ul class=\"wp-block-list has-medium-font-size\">\n<li><em>\u00ab La R\u00e9publique fran\u00e7aise la\u00efque me prot\u00e8ge, je suis libre de mes opinions, convictions et croyances. \u00bb<\/em><\/li>\n\n\n\n<li><em>\u00ab Je suis libre de m\u2019exprimer, je suis libre de croire ou non, moi citoyen\u00b7ne de la R\u00e9publique fran\u00e7aise. \u00bb<\/em><\/li>\n\n\n\n<li><em>\u00ab La la\u00efcit\u00e9, une loi pour bien vivre toutes et tous ensemble. \u00bb<\/em><\/li>\n<\/ul>\n\n\n\n<p class=\"has-medium-font-size\">Trois r\u00e9compenses \u00e9taient d\u00e9cern\u00e9es : un&nbsp;<strong>prix \u00e9cole<\/strong>, un&nbsp;<strong>prix coll\u00e8ge<\/strong>&nbsp;et un&nbsp;<strong>prix lyc\u00e9e<\/strong>. Les laur\u00e9ats ont \u00e9t\u00e9 honor\u00e9s lors de la&nbsp;<strong>journ\u00e9e de la La\u00efcit\u00e9 du 9 d\u00e9cembre<\/strong>, \u00e0&nbsp;<strong>Ch\u00e2teau Morange (Saint-Denis)<\/strong>, o\u00f9 les \u0153uvres propos\u00e9es au concours ont \u00e9t\u00e9 pr\u00e9sent\u00e9es au public.<\/p>\n\n\n\n<p class=\"has-medium-font-size\">Par son travail \u00e0 la maison et aux ateliers d&rsquo;arts plastiques men\u00e9s par Madame Billotte, Lucia a su illustrer avec justesse et sensibilit\u00e9 les valeurs de la la\u00efcit\u00e9 et de la citoyennet\u00e9. <\/p>\n\n\n\n<p class=\"has-medium-font-size\">Bien que cet \u00e9v\u00e9nement ait eu lieu il y a quelques mois, il nous semblait important de valoriser ce beau succ\u00e8s.<\/p>\n\n\n\n<p class=\"has-medium-font-size\">Le coll\u00e8ge lui adresse ses&nbsp;<strong>f\u00e9licitations les plus sinc\u00e8res<\/strong>&nbsp;pour cette belle r\u00e9ussite, qui t\u00e9moigne de son engagement et de la qualit\u00e9 de son travail.<\/p>\n\n\n\n<p><\/p>\n\n\n\n<figure class=\"wp-block-image aligncenter size-large\"><img loading=\"lazy\" decoding=\"async\" width=\"803\" height=\"1024\" src=\"https:\/\/etab.ac-reunion.fr\/clg-hippolyte-foucque\/wp-content\/uploads\/sites\/50\/2026\/02\/BD-803x1024.jpg\" alt=\"\" class=\"wp-image-4547\" \/><\/figure>\n","protected":false},"excerpt":{"rendered":"<p>Le coll\u00e8ge est fier de mettre \u00e0 l\u2019honneur&nbsp;Lucia Jaur\u00e8s, \u00e9l\u00e8ve de&nbsp;408, laur\u00e9ate du&nbsp;deuxi\u00e8me prix&nbsp;d\u2019un&nbsp;concours acad\u00e9mique organis\u00e9 par l\u2019UFAL (Union des Familles La\u00efques). Ce concours invitait les \u00e9l\u00e8ves \u00e0 illustrer l\u2019un des th\u00e8mes suivants, autour des valeurs de la R\u00e9publique et de la la\u00efcit\u00e9 : Trois r\u00e9compenses \u00e9taient d\u00e9cern\u00e9es : un&nbsp;prix \u00e9cole, un&nbsp;prix coll\u00e8ge&nbsp;et un&nbsp;prix lyc\u00e9e. [&hellip;]<\/p>\n","protected":false},"author":37549,"featured_media":0,"comment_status":"closed","ping_status":"closed","sticky":false,"template":"","format":"standard","meta":{"_et_pb_use_builder":"off","_et_pb_old_content":"","_et_gb_content_width":"","footnotes":""},"categories":[11,52,13,12],"tags":[],"class_list":["post-4544","post","type-post","status-publish","format-standard","hentry","category-accueil","category-eleves_parentss","category-pedagogie","category-vie-du-college"],"_links":{"self":[{"href":"https:\/\/etab.ac-reunion.fr\/clg-hippolyte-foucque\/index.php?rest_route=\/wp\/v2\/posts\/4544","targetHints":{"allow":["GET"]}}],"collection":[{"href":"https:\/\/etab.ac-reunion.fr\/clg-hippolyte-foucque\/index.php?rest_route=\/wp\/v2\/posts"}],"about":[{"href":"https:\/\/etab.ac-reunion.fr\/clg-hippolyte-foucque\/index.php?rest_route=\/wp\/v2\/types\/post"}],"author":[{"embeddable":true,"href":"https:\/\/etab.ac-reunion.fr\/clg-hippolyte-foucque\/index.php?rest_route=\/wp\/v2\/users\/37549"}],"replies":[{"embeddable":true,"href":"https:\/\/etab.ac-reunion.fr\/clg-hippolyte-foucque\/index.php?rest_route=%2Fwp%2Fv2%2Fcomments&post=4544"}],"version-history":[{"count":3,"href":"https:\/\/etab.ac-reunion.fr\/clg-hippolyte-foucque\/index.php?rest_route=\/wp\/v2\/posts\/4544\/revisions"}],"predecessor-version":[{"id":4549,"href":"https:\/\/etab.ac-reunion.fr\/clg-hippolyte-foucque\/index.php?rest_route=\/wp\/v2\/posts\/4544\/revisions\/4549"}],"wp:attachment":[{"href":"https:\/\/etab.ac-reunion.fr\/clg-hippolyte-foucque\/index.php?rest_route=%2Fwp%2Fv2%2Fmedia&parent=4544"}],"wp:term":[{"taxonomy":"category","embeddable":true,"href":"https:\/\/etab.ac-reunion.fr\/clg-hippolyte-foucque\/index.php?rest_route=%2Fwp%2Fv2%2Fcategories&post=4544"},{"taxonomy":"post_tag","embeddable":true,"href":"https:\/\/etab.ac-reunion.fr\/clg-hippolyte-foucque\/index.php?rest_route=%2Fwp%2Fv2%2Ftags&post=4544"}],"curies":[{"name":"wp","href":"https:\/\/api.w.org\/{rel}","templated":true}]}}