{"id":895,"date":"2021-09-20T22:12:25","date_gmt":"2021-09-20T18:12:25","guid":{"rendered":"http:\/\/college-hfoucque.ac-reunion.fr\/?p=895"},"modified":"2023-08-09T10:55:11","modified_gmt":"2023-08-09T06:55:11","slug":"mentions-legales","status":"publish","type":"post","link":"https:\/\/etab.ac-reunion.fr\/clg-hippolyte-foucque\/?p=895","title":{"rendered":"Mentions l\u00e9gales"},"content":{"rendered":"[et_pb_section fb_built=\u00a0\u00bb1&Prime; theme_builder_area=\u00a0\u00bbpost_content\u00a0\u00bb _builder_version=\u00a0\u00bb4.21.2&Prime; _module_preset=\u00a0\u00bbdefault\u00a0\u00bb][et_pb_row _builder_version=\u00a0\u00bb4.21.2&Prime; _module_preset=\u00a0\u00bbdefault\u00a0\u00bb theme_builder_area=\u00a0\u00bbpost_content\u00a0\u00bb][et_pb_column _builder_version=\u00a0\u00bb4.21.2&Prime; _module_preset=\u00a0\u00bbdefault\u00a0\u00bb type=\u00a0\u00bb4_4&Prime; theme_builder_area=\u00a0\u00bbpost_content\u00a0\u00bb][et_pb_text _builder_version=\u00a0\u00bb4.21.2&Prime; _module_preset=\u00a0\u00bbdefault\u00a0\u00bb theme_builder_area=\u00a0\u00bbpost_content\u00a0\u00bb hover_enabled=\u00a0\u00bb0&Prime; sticky_enabled=\u00a0\u00bb0&Prime;]\n<h3>Editeur <strong>:<\/strong><\/h3>\n<p><em>Rectorat de l&rsquo;acad\u00e9mie de La R\u00e9union\u00a0<\/em><\/p>\n<p><em>Secr\u00e9tariat g\u00e9n\u00e9ral &#8211; Service Communication<\/em><\/p>\n<p><em>24 avenue Georges Brassens\u00a0<\/em><\/p>\n<p><em> 97702 \u2013 St-Denis \u2013 Messag Cedex 9<\/em><\/p>\n<h3>Responsable de la ma\u00eetrise d\u2019ouvrage :<\/h3>\n<p><em>Georges TIAN-VAN-KAI, Principal<\/em><\/p>\n<h3>Responsable de la ma\u00eetrise d\u2019oeuvre:<\/h3>\n<p><em>Laurence KEYSER, Principale Adjointe<\/em><\/p>\n<h3>Webmestre:<\/h3>\n<p><em>Jonathan ROBERT<\/em><\/p>\n[\/et_pb_text][\/et_pb_column][\/et_pb_row][\/et_pb_section]\n","protected":false},"excerpt":{"rendered":"<p>Editeur : Rectorat de l&rsquo;acad\u00e9mie de La R\u00e9union\u00a0 Secr\u00e9tariat g\u00e9n\u00e9ral &#8211; Service Communication 24 avenue Georges Brassens\u00a0 97702 \u2013 St-Denis \u2013 Messag Cedex 9 Responsable de la ma\u00eetrise d\u2019ouvrage : Georges TIAN-VAN-KAI, Principal Responsable de la ma\u00eetrise d\u2019oeuvre: Laurence KEYSER, Principale Adjointe Webmestre: Jonathan ROBERT<\/p>\n","protected":false},"author":18628,"featured_media":0,"comment_status":"closed","ping_status":"closed","sticky":false,"template":"","format":"standard","meta":{"_et_pb_use_builder":"on","_et_pb_old_content":"","_et_gb_content_width":"","footnotes":""},"categories":[30,1],"tags":[],"class_list":["post-895","post","type-post","status-publish","format-standard","hentry","category-informations-generales","category-non-classe"],"_links":{"self":[{"href":"https:\/\/etab.ac-reunion.fr\/clg-hippolyte-foucque\/index.php?rest_route=\/wp\/v2\/posts\/895","targetHints":{"allow":["GET"]}}],"collection":[{"href":"https:\/\/etab.ac-reunion.fr\/clg-hippolyte-foucque\/index.php?rest_route=\/wp\/v2\/posts"}],"about":[{"href":"https:\/\/etab.ac-reunion.fr\/clg-hippolyte-foucque\/index.php?rest_route=\/wp\/v2\/types\/post"}],"author":[{"embeddable":true,"href":"https:\/\/etab.ac-reunion.fr\/clg-hippolyte-foucque\/index.php?rest_route=\/wp\/v2\/users\/18628"}],"replies":[{"embeddable":true,"href":"https:\/\/etab.ac-reunion.fr\/clg-hippolyte-foucque\/index.php?rest_route=%2Fwp%2Fv2%2Fcomments&post=895"}],"version-history":[{"count":4,"href":"https:\/\/etab.ac-reunion.fr\/clg-hippolyte-foucque\/index.php?rest_route=\/wp\/v2\/posts\/895\/revisions"}],"predecessor-version":[{"id":2194,"href":"https:\/\/etab.ac-reunion.fr\/clg-hippolyte-foucque\/index.php?rest_route=\/wp\/v2\/posts\/895\/revisions\/2194"}],"wp:attachment":[{"href":"https:\/\/etab.ac-reunion.fr\/clg-hippolyte-foucque\/index.php?rest_route=%2Fwp%2Fv2%2Fmedia&parent=895"}],"wp:term":[{"taxonomy":"category","embeddable":true,"href":"https:\/\/etab.ac-reunion.fr\/clg-hippolyte-foucque\/index.php?rest_route=%2Fwp%2Fv2%2Fcategories&post=895"},{"taxonomy":"post_tag","embeddable":true,"href":"https:\/\/etab.ac-reunion.fr\/clg-hippolyte-foucque\/index.php?rest_route=%2Fwp%2Fv2%2Ftags&post=895"}],"curies":[{"name":"wp","href":"https:\/\/api.w.org\/{rel}","templated":true}]}}