{"id":2317,"date":"2017-11-21T09:19:33","date_gmt":"2017-11-21T05:19:33","guid":{"rendered":"http:\/\/college-hdelisle.ac-reunion.fr\/?p=2317"},"modified":"2019-07-01T17:02:54","modified_gmt":"2019-07-01T13:02:54","slug":"labellisation-e3d","status":"publish","type":"post","link":"https:\/\/etab.ac-reunion.fr\/clg-hubert-delisle\/labellisation-e3d\/","title":{"rendered":"La labellisation E3D, c&rsquo;est quoi ?"},"content":{"rendered":"\n<p><\/p>\n\n\n<h2>L&rsquo;\u00e9ducation au D\u00e9veloppement Durable (<acronym title=\"\u00c9ducation au d\u00e9veloppement durable\">EDD<\/acronym>)<\/h2>\n<p>L&rsquo;\u00e9ducation au d\u00e9veloppement durable permet d&rsquo;appr\u00e9hender le monde contemporain dans sa complexit\u00e9, en prenant en compte les interactions existant entre l&rsquo;environnement, la soci\u00e9t\u00e9, l&rsquo;\u00e9conomie et la culture.<\/p>\n<p style=\"text-align: center\">\u00a0 \u00a0 \u00a0 \u00a0 \u00a0 \u00a0 \u00a0 \u00a0 \u00a0 \u00a0 \u00a0 \u00a0 \u00a0 \u00a0 \u00a0 \u00a0 \u00a0 \u00a0 \u00a0 \u00a0 \u00a0 \u00a0<img decoding=\"async\" class=\"aligncenter\" src=\"http:\/\/cache.media.eduscol.education.fr\/image\/EEDD\/49\/1\/Schema_du_developpement_durable.svg_307491.96.png\" alt=\"\" \/><\/p>\n<p>Cette politique \u00e9ducative est men\u00e9e en prenant en compte les grands enjeux du XXI\u00e8me si\u00e8cle, li\u00e9s, par exemple, aux ressources, au climat, \u00e0 la biodiversit\u00e9, \u00e0 la croissance d\u00e9mographique et urbaine, ou \u00e0 l&rsquo;alimentation, \u00e0 la coh\u00e9sion sociale, \u00e0 la solidarit\u00e9 internationale et au d\u00e9veloppement humain.<\/p>\n<p>Il s&rsquo;agit ainsi de former le futur citoyen aux choix complexes qui mettent en jeu le d\u00e9veloppement durable dans son existence personnelle et dans la soci\u00e9t\u00e9 dans laquelle il vit.<\/p>\n<p>L&rsquo;\u00e9ducation au d\u00e9veloppement durable est fond\u00e9e sur l&rsquo;int\u00e9gration des th\u00e8mes, des enjeux et des principes du d\u00e9veloppement durable dans les modalit\u00e9s suivantes :<\/p>\n<ul>\n<li>les programmes d&rsquo;enseignement,<\/li>\n<li>les formations des enseignants et des personnels d&rsquo;encadrement,<\/li>\n<li>les d\u00e9marches globales de d\u00e9veloppement durable des \u00e9coles et des \u00e9tablissements,<\/li>\n<li>la production de ressources p\u00e9dagogiques.<\/li>\n<\/ul>\n<p>Toutes ces modalit\u00e9s sont soutenues par le partenariat qui peut \u00eatre mis en \u0153uvre aux \u00e9chelles locale, acad\u00e9mique, nationale, europ\u00e9enne et internationale. La d\u00e9marche a donc aussi toute sa place dans les \u00ab projets \u00e9ducatifs territoriaux \u00bb qui visent \u00e0 articuler les activit\u00e9s p\u00e9riscolaires avec les projets d&rsquo;\u00e9cole et d&rsquo;\u00e9tablissement.<\/p>\n<p><img decoding=\"async\" class=\"aligncenter\" src=\"http:\/\/cache.media.eduscol.education.fr\/image\/EEDD\/16\/6\/E3D_-_composants_315166.95.jpg\" alt=\"\" \/><\/p>\n<p>\u00a0<\/p>\n<p>La d\u00e9marche E3D peut se conjuguer avec les \u00e9ducations transversales, comme l&rsquo;\u00e9ducation \u00e0 la sant\u00e9, l&rsquo;\u00e9ducation \u00e0 la responsabilit\u00e9, l&rsquo;\u00e9ducation au d\u00e9veloppement et \u00e0 la solidarit\u00e9 internationale, l&rsquo;\u00e9ducation aux m\u00e9dias ou encore l&rsquo;\u00e9ducation artistique et culturelle.<\/p>\n<h2>Obtenir le label E3D<\/h2>\n<p>Cette d\u00e9marche peut d\u00e9sormais faire l&rsquo;objet d&rsquo;une labellisation nationale, parfaitement compatible avec d&rsquo;autres d\u00e9marches du m\u00eame ordre pouvant \u00eatre port\u00e9es par les acad\u00e9mies ou les partenaires.<\/p>\n<p>Le label E3D permet d&rsquo;associer toutes les parties prenantes de l&rsquo;\u00e9cole ou de l&rsquo;\u00e9tablissement (administration, enseignants, personnel, \u00e9l\u00e8ves, parents d&rsquo;\u00e9l\u00e8ves) et les partenaires engag\u00e9s dans la d\u00e9marche, notamment les collectivit\u00e9s territoriales.<\/p>\n<p>La r\u00e9ussite de cette d\u00e9marche sur la dur\u00e9e dans un \u00e9tablissement d&rsquo;enseignement implique que le projet p\u00e9dagogique initial puisse s&rsquo;\u00e9largir progressivement \u00e0 l&rsquo;ensemble de la communaut\u00e9 \u00e9ducative.<\/p>\n<p>Pour plus de pr\u00e9cisions sur les modalit\u00e9s de mise en \u0153uvre, voir :<\/p>\n<ul>\n<li><a class=\"lien_externe\" href=\"http:\/\/www.education.gouv.fr\/pid25535\/bulletin_officiel.html?cid_bo=73193\"><strong>la circulaire \u00ab\u00a0E3D\u00a0\u00bb du 29 ao\u00fbt 2013<\/strong><\/a><\/li>\n<li><a class=\"lien_externe\" href=\"http:\/\/crdp.ac-amiens.fr\/edd\/index.php\/actions-pedagogie\/etablissements-en-action\"><strong>le site du CRDP d&rsquo;Amiens<\/strong><\/a><\/li>\n<\/ul>\n<p>Pour obtenir le Label E3D, l&rsquo;\u00e9cole ou l&rsquo;\u00e9tablissement le sollicite aupr\u00e8s des autorit\u00e9s acad\u00e9miques.<br \/>Le dossier sera \u00e9tudi\u00e9 par le comit\u00e9 acad\u00e9mique et doit comporter :<\/p>\n<p><img decoding=\"async\" class=\"aligncenter\" src=\"http:\/\/cache.media.eduscol.education.fr\/image\/EEDD\/16\/9\/E3D_demarche_315169.95.png\" alt=\"\" \/><\/p>\n<p><strong>On distinguera trois niveaux de labellisation E3D <\/strong>:<\/p>\n<p><img decoding=\"async\" class=\"aligncenter\" src=\"http:\/\/cache.media.eduscol.education.fr\/image\/EEDD\/16\/3\/etapes_labellisation_E3D_315163.95.png\" alt=\"\" \/><\/p>\n<p>\u00a0<\/p>","protected":false},"excerpt":{"rendered":"<p>L&rsquo;\u00e9ducation au D\u00e9veloppement Durable (EDD) L&rsquo;\u00e9ducation au d\u00e9veloppement durable permet d&rsquo;appr\u00e9hender le monde contemporain dans sa complexit\u00e9, en prenant en compte les interactions existant entre l&rsquo;environnement, la soci\u00e9t\u00e9, l&rsquo;\u00e9conomie et la culture. \u00a0 \u00a0 \u00a0 \u00a0 \u00a0 \u00a0 \u00a0 \u00a0 \u00a0 \u00a0 \u00a0 \u00a0 \u00a0 \u00a0 \u00a0 \u00a0 \u00a0 \u00a0 \u00a0 \u00a0 \u00a0 \u00a0 Cette [&hellip;]<\/p>\n","protected":false},"author":16131,"featured_media":3005,"comment_status":"closed","ping_status":"open","sticky":false,"template":"","format":"standard","meta":{"footnotes":""},"categories":[101],"tags":[],"class_list":["post-2317","post","type-post","status-publish","format-standard","has-post-thumbnail","hentry","category-label-e3d"],"_links":{"self":[{"href":"https:\/\/etab.ac-reunion.fr\/clg-hubert-delisle\/wp-json\/wp\/v2\/posts\/2317","targetHints":{"allow":["GET"]}}],"collection":[{"href":"https:\/\/etab.ac-reunion.fr\/clg-hubert-delisle\/wp-json\/wp\/v2\/posts"}],"about":[{"href":"https:\/\/etab.ac-reunion.fr\/clg-hubert-delisle\/wp-json\/wp\/v2\/types\/post"}],"author":[{"embeddable":true,"href":"https:\/\/etab.ac-reunion.fr\/clg-hubert-delisle\/wp-json\/wp\/v2\/users\/16131"}],"replies":[{"embeddable":true,"href":"https:\/\/etab.ac-reunion.fr\/clg-hubert-delisle\/wp-json\/wp\/v2\/comments?post=2317"}],"version-history":[{"count":6,"href":"https:\/\/etab.ac-reunion.fr\/clg-hubert-delisle\/wp-json\/wp\/v2\/posts\/2317\/revisions"}],"predecessor-version":[{"id":3030,"href":"https:\/\/etab.ac-reunion.fr\/clg-hubert-delisle\/wp-json\/wp\/v2\/posts\/2317\/revisions\/3030"}],"wp:featuredmedia":[{"embeddable":true,"href":"https:\/\/etab.ac-reunion.fr\/clg-hubert-delisle\/wp-json\/wp\/v2\/media\/3005"}],"wp:attachment":[{"href":"https:\/\/etab.ac-reunion.fr\/clg-hubert-delisle\/wp-json\/wp\/v2\/media?parent=2317"}],"wp:term":[{"taxonomy":"category","embeddable":true,"href":"https:\/\/etab.ac-reunion.fr\/clg-hubert-delisle\/wp-json\/wp\/v2\/categories?post=2317"},{"taxonomy":"post_tag","embeddable":true,"href":"https:\/\/etab.ac-reunion.fr\/clg-hubert-delisle\/wp-json\/wp\/v2\/tags?post=2317"}],"curies":[{"name":"wp","href":"https:\/\/api.w.org\/{rel}","templated":true}]}}