{"id":2417,"date":"2018-02-15T11:49:46","date_gmt":"2018-02-15T07:49:46","guid":{"rendered":"http:\/\/college-hdelisle.ac-reunion.fr\/?p=2417"},"modified":"2020-02-03T15:18:06","modified_gmt":"2020-02-03T11:18:06","slug":"petite-meditation-sur-la-generosite-p-weber","status":"publish","type":"post","link":"https:\/\/etab.ac-reunion.fr\/clg-hubert-delisle\/petite-meditation-sur-la-generosite-p-weber\/","title":{"rendered":"Petite m\u00e9ditation sur la g\u00e9n\u00e9rosit\u00e9 &#8211; P. Weber"},"content":{"rendered":"","protected":false},"excerpt":{"rendered":"","protected":false},"author":13993,"featured_media":0,"comment_status":"closed","ping_status":"open","sticky":false,"template":"","format":"standard","meta":{"footnotes":""},"categories":[96],"tags":[],"class_list":["post-2417","post","type-post","status-publish","format-standard","hentry","category-projet-qualites-humaines"],"_links":{"self":[{"href":"https:\/\/etab.ac-reunion.fr\/clg-hubert-delisle\/wp-json\/wp\/v2\/posts\/2417","targetHints":{"allow":["GET"]}}],"collection":[{"href":"https:\/\/etab.ac-reunion.fr\/clg-hubert-delisle\/wp-json\/wp\/v2\/posts"}],"about":[{"href":"https:\/\/etab.ac-reunion.fr\/clg-hubert-delisle\/wp-json\/wp\/v2\/types\/post"}],"author":[{"embeddable":true,"href":"https:\/\/etab.ac-reunion.fr\/clg-hubert-delisle\/wp-json\/wp\/v2\/users\/13993"}],"replies":[{"embeddable":true,"href":"https:\/\/etab.ac-reunion.fr\/clg-hubert-delisle\/wp-json\/wp\/v2\/comments?post=2417"}],"version-history":[{"count":3,"href":"https:\/\/etab.ac-reunion.fr\/clg-hubert-delisle\/wp-json\/wp\/v2\/posts\/2417\/revisions"}],"predecessor-version":[{"id":3356,"href":"https:\/\/etab.ac-reunion.fr\/clg-hubert-delisle\/wp-json\/wp\/v2\/posts\/2417\/revisions\/3356"}],"wp:attachment":[{"href":"https:\/\/etab.ac-reunion.fr\/clg-hubert-delisle\/wp-json\/wp\/v2\/media?parent=2417"}],"wp:term":[{"taxonomy":"category","embeddable":true,"href":"https:\/\/etab.ac-reunion.fr\/clg-hubert-delisle\/wp-json\/wp\/v2\/categories?post=2417"},{"taxonomy":"post_tag","embeddable":true,"href":"https:\/\/etab.ac-reunion.fr\/clg-hubert-delisle\/wp-json\/wp\/v2\/tags?post=2417"}],"curies":[{"name":"wp","href":"https:\/\/api.w.org\/{rel}","templated":true}]}}