{"id":4208,"date":"2021-11-19T11:24:33","date_gmt":"2021-11-19T07:24:33","guid":{"rendered":"http:\/\/college-hdelisle.ac-reunion.fr\/?p=4208"},"modified":"2023-09-16T10:29:09","modified_gmt":"2023-09-16T06:29:09","slug":"journees-dintegration-403-303-classes-ehp","status":"publish","type":"post","link":"https:\/\/etab.ac-reunion.fr\/clg-hubert-delisle\/journees-dintegration-403-303-classes-ehp\/","title":{"rendered":"Journ\u00e9es d&rsquo;int\u00e9gration 403\/303, classes EHP"},"content":{"rendered":"\n<figure class=\"wp-block-gallery columns-3 is-cropped wp-block-gallery-1 is-layout-flex wp-block-gallery-is-layout-flex\"><ul class=\"blocks-gallery-grid\"><li class=\"blocks-gallery-item\"><figure><img loading=\"lazy\" decoding=\"async\" width=\"1024\" height=\"768\" src=\"https:\/\/etab.ac-reunion.fr\/clg-hubert-delisle\/wp-content\/uploads\/sites\/22\/2021\/11\/20211001_150416-1024x768.jpg\" alt=\"\" data-id=\"4209\" data-full-url=\"https:\/\/etab.ac-reunion.fr\/clg-hubert-delisle\/wp-content\/uploads\/sites\/22\/2021\/11\/20211001_150416-scaled.jpg\" data-link=\"https:\/\/etab.ac-reunion.fr\/clg-hubert-delisle\/?attachment_id=4209\" class=\"wp-image-4209\" srcset=\"https:\/\/etab.ac-reunion.fr\/clg-hubert-delisle\/wp-content\/uploads\/sites\/22\/2021\/11\/20211001_150416-1024x768.jpg 1024w, https:\/\/etab.ac-reunion.fr\/clg-hubert-delisle\/wp-content\/uploads\/sites\/22\/2021\/11\/20211001_150416-300x225.jpg 300w, https:\/\/etab.ac-reunion.fr\/clg-hubert-delisle\/wp-content\/uploads\/sites\/22\/2021\/11\/20211001_150416-768x576.jpg 768w, https:\/\/etab.ac-reunion.fr\/clg-hubert-delisle\/wp-content\/uploads\/sites\/22\/2021\/11\/20211001_150416-1536x1152.jpg 1536w, https:\/\/etab.ac-reunion.fr\/clg-hubert-delisle\/wp-content\/uploads\/sites\/22\/2021\/11\/20211001_150416-2048x1536.jpg 2048w\" sizes=\"auto, (max-width: 1024px) 100vw, 1024px\" \/><\/figure><\/li><li class=\"blocks-gallery-item\"><figure><img loading=\"lazy\" decoding=\"async\" width=\"720\" height=\"960\" src=\"https:\/\/etab.ac-reunion.fr\/clg-hubert-delisle\/wp-content\/uploads\/sites\/22\/2021\/11\/Resized_20211001_110934_7215.jpeg\" alt=\"\" data-id=\"4212\" data-full-url=\"https:\/\/etab.ac-reunion.fr\/clg-hubert-delisle\/wp-content\/uploads\/sites\/22\/2021\/11\/Resized_20211001_110934_7215.jpeg\" data-link=\"https:\/\/etab.ac-reunion.fr\/clg-hubert-delisle\/?attachment_id=4212\" class=\"wp-image-4212\" srcset=\"https:\/\/etab.ac-reunion.fr\/clg-hubert-delisle\/wp-content\/uploads\/sites\/22\/2021\/11\/Resized_20211001_110934_7215.jpeg 720w, https:\/\/etab.ac-reunion.fr\/clg-hubert-delisle\/wp-content\/uploads\/sites\/22\/2021\/11\/Resized_20211001_110934_7215-225x300.jpeg 225w\" sizes=\"auto, (max-width: 720px) 100vw, 720px\" \/><\/figure><\/li><li class=\"blocks-gallery-item\"><figure><img loading=\"lazy\" decoding=\"async\" width=\"720\" height=\"960\" src=\"https:\/\/etab.ac-reunion.fr\/clg-hubert-delisle\/wp-content\/uploads\/sites\/22\/2021\/11\/Resized_20211001_115236_8921.jpeg\" alt=\"\" data-id=\"4211\" data-full-url=\"https:\/\/etab.ac-reunion.fr\/clg-hubert-delisle\/wp-content\/uploads\/sites\/22\/2021\/11\/Resized_20211001_115236_8921.jpeg\" data-link=\"https:\/\/etab.ac-reunion.fr\/clg-hubert-delisle\/?attachment_id=4211\" class=\"wp-image-4211\" srcset=\"https:\/\/etab.ac-reunion.fr\/clg-hubert-delisle\/wp-content\/uploads\/sites\/22\/2021\/11\/Resized_20211001_115236_8921.jpeg 720w, https:\/\/etab.ac-reunion.fr\/clg-hubert-delisle\/wp-content\/uploads\/sites\/22\/2021\/11\/Resized_20211001_115236_8921-225x300.jpeg 225w\" sizes=\"auto, (max-width: 720px) 100vw, 720px\" \/><\/figure><\/li><li class=\"blocks-gallery-item\"><figure><img loading=\"lazy\" decoding=\"async\" width=\"720\" height=\"960\" src=\"https:\/\/etab.ac-reunion.fr\/clg-hubert-delisle\/wp-content\/uploads\/sites\/22\/2021\/11\/Resized_20211001_105318_1941.jpeg\" alt=\"\" data-id=\"4210\" data-full-url=\"https:\/\/etab.ac-reunion.fr\/clg-hubert-delisle\/wp-content\/uploads\/sites\/22\/2021\/11\/Resized_20211001_105318_1941.jpeg\" data-link=\"https:\/\/etab.ac-reunion.fr\/clg-hubert-delisle\/?attachment_id=4210\" class=\"wp-image-4210\" srcset=\"https:\/\/etab.ac-reunion.fr\/clg-hubert-delisle\/wp-content\/uploads\/sites\/22\/2021\/11\/Resized_20211001_105318_1941.jpeg 720w, https:\/\/etab.ac-reunion.fr\/clg-hubert-delisle\/wp-content\/uploads\/sites\/22\/2021\/11\/Resized_20211001_105318_1941-225x300.jpeg 225w\" sizes=\"auto, (max-width: 720px) 100vw, 720px\" \/><\/figure><\/li><li class=\"blocks-gallery-item\"><figure><img loading=\"lazy\" decoding=\"async\" width=\"1024\" height=\"768\" src=\"https:\/\/etab.ac-reunion.fr\/clg-hubert-delisle\/wp-content\/uploads\/sites\/22\/2021\/11\/20211001_140841-1024x768.jpg\" alt=\"\" data-id=\"4218\" data-full-url=\"https:\/\/etab.ac-reunion.fr\/clg-hubert-delisle\/wp-content\/uploads\/sites\/22\/2021\/11\/20211001_140841-scaled.jpg\" data-link=\"https:\/\/etab.ac-reunion.fr\/clg-hubert-delisle\/?attachment_id=4218\" class=\"wp-image-4218\" srcset=\"https:\/\/etab.ac-reunion.fr\/clg-hubert-delisle\/wp-content\/uploads\/sites\/22\/2021\/11\/20211001_140841-1024x768.jpg 1024w, https:\/\/etab.ac-reunion.fr\/clg-hubert-delisle\/wp-content\/uploads\/sites\/22\/2021\/11\/20211001_140841-300x225.jpg 300w, https:\/\/etab.ac-reunion.fr\/clg-hubert-delisle\/wp-content\/uploads\/sites\/22\/2021\/11\/20211001_140841-768x576.jpg 768w, https:\/\/etab.ac-reunion.fr\/clg-hubert-delisle\/wp-content\/uploads\/sites\/22\/2021\/11\/20211001_140841-1536x1152.jpg 1536w, https:\/\/etab.ac-reunion.fr\/clg-hubert-delisle\/wp-content\/uploads\/sites\/22\/2021\/11\/20211001_140841-2048x1536.jpg 2048w\" sizes=\"auto, (max-width: 1024px) 100vw, 1024px\" \/><\/figure><\/li><\/ul><\/figure>\n\n\n\n<p>Le vendredi 01er Octobre, les classes de 403 et 303 ont particip\u00e9 \u00e0 une &nbsp;sortie au Parc&nbsp; Acroplaine.<\/p>\n\n\n\n<p>Le but de cette journ\u00e9e \u00e9tait de cr\u00e9er des liens au sein des groupes-classes et aussi entre les deux classes EHP (El\u00e8ves \u00e0 Haut Potentiel).<\/p>\n\n\n\n<p>Cette excursion fut encadr\u00e9e par Madame PAJANIPADEATCHY ( r\u00e9f\u00e9rente EHP), Madame GONTHIER (professeure de SVT), Mme LE TOULLEC-CHASSAGNE (professeure d&rsquo;Espagnol), M. VITRY et M. LAURET (professeurs d&rsquo;EPS).<\/p>\n\n\n\n<p>Le d\u00e9part fut \u00e0 08h15 au coll\u00e8ge. Nous sommes arriv\u00e9s au parc vers 09H00.<\/p>\n\n\n\n<p>Une fois les r\u00e8gles et les instructions clarifi\u00e9es, nous nous sommes scind\u00e9s en plusieurs groupes pour acc\u00e9der aux diff\u00e9rents &nbsp;parcours, en fonction du niveau de chacun. Cette organisation a permis aux \u00e9l\u00e8ves des deux classes de faire connaissance.&nbsp; Nous nous sommes bien amus\u00e9s.<\/p>\n\n\n\n<p>Plus tard, vers 13h, nous sommes all\u00e9s d\u00e9jeuner et nous avons pass\u00e9 une agr\u00e9able apr\u00e8s-midi \u00e0 l&rsquo;air frais, sous les arbres.<\/p>\n\n\n\n<p>Certains \u00e9l\u00e8ves ont jou\u00e9 au football pendant que d&rsquo;autres discutaient autour d&rsquo;un th\u00e9&nbsp;chaud, pr\u00e9par\u00e9 par Mme LE TOULLEC-CHASSAGNE !<\/p>\n\n\n\n<p>L&rsquo;objectif de cette sortie fut atteint car des liens ont \u00e9t\u00e9 cr\u00e9\u00e9s, au sein des deux classes, mais \u00e9galement&nbsp; entre les deux classes.<\/p>\n\n\n\n<p>&nbsp;&nbsp;&nbsp;&nbsp;&nbsp;&nbsp;&nbsp;&nbsp;&nbsp;&nbsp;&nbsp;&nbsp;&nbsp;&nbsp;&nbsp;&nbsp;&nbsp;&nbsp;&nbsp;&nbsp;&nbsp;&nbsp;&nbsp;&nbsp;&nbsp;&nbsp;&nbsp;&nbsp;&nbsp;&nbsp;&nbsp;&nbsp;&nbsp;&nbsp;&nbsp;&nbsp;&nbsp;&nbsp;&nbsp;&nbsp;&nbsp;&nbsp;&nbsp;&nbsp;&nbsp;&nbsp;&nbsp;&nbsp;&nbsp;&nbsp;&nbsp;&nbsp;&nbsp;&nbsp;&nbsp;&nbsp;&nbsp;&nbsp;&nbsp;&nbsp;&nbsp;&nbsp;&nbsp;&nbsp;&nbsp;&nbsp;&nbsp;&nbsp;&nbsp;&nbsp;&nbsp;&nbsp;&nbsp;&nbsp;&nbsp;&nbsp;&nbsp; LAUP L\u00e9ana<\/p>\n\n\n\n<p>&nbsp;&nbsp;&nbsp;&nbsp;&nbsp;&nbsp;&nbsp;&nbsp;&nbsp;&nbsp;&nbsp;&nbsp;&nbsp;&nbsp;&nbsp;&nbsp;&nbsp;&nbsp;&nbsp;&nbsp;&nbsp;&nbsp;&nbsp;&nbsp;&nbsp;&nbsp;&nbsp;&nbsp;&nbsp;&nbsp;&nbsp;&nbsp;&nbsp;&nbsp;&nbsp;&nbsp;&nbsp;&nbsp;&nbsp;&nbsp;&nbsp;&nbsp;&nbsp;&nbsp;&nbsp;&nbsp;&nbsp;&nbsp;&nbsp;&nbsp;&nbsp;&nbsp;&nbsp;&nbsp;&nbsp;&nbsp;&nbsp;&nbsp;&nbsp;&nbsp;&nbsp;&nbsp;&nbsp;&nbsp;&nbsp;&nbsp;&nbsp;&nbsp;&nbsp;&nbsp;&nbsp;&nbsp;&nbsp;&nbsp;&nbsp;&nbsp;&nbsp; 403<\/p>\n","protected":false},"excerpt":{"rendered":"<p>Le vendredi 01er Octobre, les classes de 403 et 303 ont particip\u00e9 \u00e0 une &nbsp;sortie au Parc&nbsp; Acroplaine. Le but de cette journ\u00e9e \u00e9tait de cr\u00e9er des liens au sein des groupes-classes et aussi entre les deux classes EHP (El\u00e8ves \u00e0 Haut Potentiel). Cette excursion fut encadr\u00e9e par Madame PAJANIPADEATCHY ( r\u00e9f\u00e9rente EHP), Madame GONTHIER [&hellip;]<\/p>\n","protected":false},"author":23986,"featured_media":4209,"comment_status":"closed","ping_status":"open","sticky":false,"template":"","format":"standard","meta":{"footnotes":""},"categories":[172],"tags":[],"class_list":["post-4208","post","type-post","status-publish","format-standard","has-post-thumbnail","hentry","category-journees-dintegration"],"_links":{"self":[{"href":"https:\/\/etab.ac-reunion.fr\/clg-hubert-delisle\/wp-json\/wp\/v2\/posts\/4208","targetHints":{"allow":["GET"]}}],"collection":[{"href":"https:\/\/etab.ac-reunion.fr\/clg-hubert-delisle\/wp-json\/wp\/v2\/posts"}],"about":[{"href":"https:\/\/etab.ac-reunion.fr\/clg-hubert-delisle\/wp-json\/wp\/v2\/types\/post"}],"author":[{"embeddable":true,"href":"https:\/\/etab.ac-reunion.fr\/clg-hubert-delisle\/wp-json\/wp\/v2\/users\/23986"}],"replies":[{"embeddable":true,"href":"https:\/\/etab.ac-reunion.fr\/clg-hubert-delisle\/wp-json\/wp\/v2\/comments?post=4208"}],"version-history":[{"count":8,"href":"https:\/\/etab.ac-reunion.fr\/clg-hubert-delisle\/wp-json\/wp\/v2\/posts\/4208\/revisions"}],"predecessor-version":[{"id":4231,"href":"https:\/\/etab.ac-reunion.fr\/clg-hubert-delisle\/wp-json\/wp\/v2\/posts\/4208\/revisions\/4231"}],"wp:featuredmedia":[{"embeddable":true,"href":"https:\/\/etab.ac-reunion.fr\/clg-hubert-delisle\/wp-json\/wp\/v2\/media\/4209"}],"wp:attachment":[{"href":"https:\/\/etab.ac-reunion.fr\/clg-hubert-delisle\/wp-json\/wp\/v2\/media?parent=4208"}],"wp:term":[{"taxonomy":"category","embeddable":true,"href":"https:\/\/etab.ac-reunion.fr\/clg-hubert-delisle\/wp-json\/wp\/v2\/categories?post=4208"},{"taxonomy":"post_tag","embeddable":true,"href":"https:\/\/etab.ac-reunion.fr\/clg-hubert-delisle\/wp-json\/wp\/v2\/tags?post=4208"}],"curies":[{"name":"wp","href":"https:\/\/api.w.org\/{rel}","templated":true}]}}