{"id":822,"date":"2014-05-30T08:14:23","date_gmt":"2014-05-30T04:14:23","guid":{"rendered":"http:\/\/college-hdelisle.ac-reunion.fr\/?p=822"},"modified":"2023-12-03T10:54:32","modified_gmt":"2023-12-03T06:54:32","slug":"rallye-mathematique-2014","status":"publish","type":"post","link":"https:\/\/etab.ac-reunion.fr\/clg-hubert-delisle\/rallye-mathematique-2014\/","title":{"rendered":"Le Rallye Math\u00e9matique 2014"},"content":{"rendered":"<p style=\"text-align: center\">\n<p style=\"text-align: center\">&#8211;<\/p>\n<p style=\"text-align: center\"><a href=\"https:\/\/etab.ac-reunion.fr\/clg-hubert-delisle\/wp-content\/uploads\/sites\/22\/2014\/05\/IMG_0891.jpg\"><img loading=\"lazy\" decoding=\"async\" class=\"aligncenter size-full wp-image-827\" src=\"https:\/\/etab.ac-reunion.fr\/clg-hubert-delisle\/wp-content\/uploads\/sites\/22\/2014\/05\/IMG_0891.jpg\" alt=\"IMG_0891\" width=\"723\" height=\"545\" srcset=\"https:\/\/etab.ac-reunion.fr\/clg-hubert-delisle\/wp-content\/uploads\/sites\/22\/2014\/05\/IMG_0891.jpg 723w, https:\/\/etab.ac-reunion.fr\/clg-hubert-delisle\/wp-content\/uploads\/sites\/22\/2014\/05\/IMG_0891-300x226.jpg 300w\" sizes=\"auto, (max-width: 723px) 100vw, 723px\" \/><\/a><\/p>\n<p>Le Mercredi 28 Mai 2014 s\u2019est d\u00e9roul\u00e9e l\u2019\u00e9preuve finale du <em><strong>\u00ab\u00a0Rallye Math\u00e9matique\u00a0\u00bb<\/strong><\/em>.<\/p>\n<p>Comme lors de l\u2019\u00e9preuve d\u2019entrainement qui a eu lieu au mois d\u2019Avril, trois <strong>classes de<\/strong> <strong>Troisi\u00e8me<\/strong> du <em>Coll\u00e8ge Hubert Delisle<\/em> ont concouru, jumel\u00e9es avec des <strong>classes de Seconde<\/strong>.<\/p>\n<p>&#8211; La classe <span style=\"color: #ff0000\"><em>304 Pr\u00e9pa-Pro<\/em><\/span> de <em>M. Lebihan<\/em> a \u00e9t\u00e9 accueillie par la <span style=\"color: #ff0000\"><em>2nde Pro Accueil<\/em><\/span> du <em>Lyc\u00e9e de Bras-Fusil<\/em>.<\/p>\n<p>&#8211; La classe <span style=\"color: #ff0000\"><em>305<\/em><\/span> de <em>Mme Espinasse<\/em> a \u00e9t\u00e9 accueillie par la <span style=\"color: #ff0000\"><em>2nde 1<\/em><\/span> du <em>Lyc\u00e9e Paul Moreau<\/em> \u00e0 Bras-Panon.<\/p>\n<p>&#8211; La classe <span style=\"color: #ff0000\"><em>307<\/em><\/span> de <em>M. Ringwald<\/em> a \u00e9t\u00e9 accueillie par la <span style=\"color: #ff0000\"><em>2nde 5<\/em><\/span> du <em>Lyc\u00e9e Paul Moreau<\/em> \u00e0 Bras-Panon.<\/p>\n<p style=\"text-align: center\"><a href=\"https:\/\/etab.ac-reunion.fr\/clg-hubert-delisle\/wp-content\/uploads\/sites\/22\/2014\/05\/IMG_0892.jpg\"><img loading=\"lazy\" decoding=\"async\" class=\"alignnone wp-image-828 size-full\" src=\"https:\/\/etab.ac-reunion.fr\/clg-hubert-delisle\/wp-content\/uploads\/sites\/22\/2014\/05\/IMG_0892.jpg\" alt=\"IMG_0892\" width=\"723\" height=\"545\" srcset=\"https:\/\/etab.ac-reunion.fr\/clg-hubert-delisle\/wp-content\/uploads\/sites\/22\/2014\/05\/IMG_0892.jpg 723w, https:\/\/etab.ac-reunion.fr\/clg-hubert-delisle\/wp-content\/uploads\/sites\/22\/2014\/05\/IMG_0892-300x226.jpg 300w\" sizes=\"auto, (max-width: 723px) 100vw, 723px\" \/><\/a><\/p>\n<p>L\u2019\u00e9preuve d\u2019une dur\u00e9e d\u20191h45 comportait <span style=\"text-decoration: underline\">cinq probl\u00e8mes<\/span> \u00e0 r\u00e9soudre, dont deux \u00e0 la fa\u00e7on d\u2019une narration de recherche, et un \u00e0 partir d\u2019un \u00e9nonc\u00e9 vid\u00e9o.<\/p>\n<p>Les \u00e9l\u00e8ves se sont r\u00e9partis les t\u00e2ches et ont travaill\u00e9 par petits groupes, confrontant et mutualisant leurs connaissances de coll\u00e9giens et de lyc\u00e9ens.<\/p>\n<p>Un dossier-r\u00e9ponse unique a \u00e9t\u00e9 rendu par jumelage.<\/p>\n<p style=\"text-align: center\"><a href=\"https:\/\/etab.ac-reunion.fr\/clg-hubert-delisle\/wp-content\/uploads\/sites\/22\/2014\/05\/IMG_0895.jpg\"><img loading=\"lazy\" decoding=\"async\" class=\"alignnone wp-image-829 size-full\" src=\"https:\/\/etab.ac-reunion.fr\/clg-hubert-delisle\/wp-content\/uploads\/sites\/22\/2014\/05\/IMG_0895.jpg\" alt=\"IMG_0895\" width=\"723\" height=\"545\" srcset=\"https:\/\/etab.ac-reunion.fr\/clg-hubert-delisle\/wp-content\/uploads\/sites\/22\/2014\/05\/IMG_0895.jpg 723w, https:\/\/etab.ac-reunion.fr\/clg-hubert-delisle\/wp-content\/uploads\/sites\/22\/2014\/05\/IMG_0895-300x226.jpg 300w\" sizes=\"auto, (max-width: 723px) 100vw, 723px\" \/><\/a><\/p>\n<p>Ce concours s\u2019inscrit dans le cadre de la <span style=\"text-decoration: underline\">liaison coll\u00e8ge\/lyc\u00e9e<\/span>\u00a0; il fait appel \u00e0 la <span style=\"text-decoration: underline\">solidarit\u00e9 entre les \u00e9l\u00e8ves<\/span>, la <span style=\"text-decoration: underline\">prise d&rsquo;initiative<\/span> et la <span style=\"text-decoration: underline\">d\u00e9marche scientifique<\/span>, et a donn\u00e9 lieu \u00e0 des \u00e9changes productifs et enrichissants.<\/p>\n<p>&nbsp;<\/p>\n<p style=\"text-align: center\"><span style=\"text-decoration: underline;color: #ff0000\"><strong>&#8212; Les R\u00e9sultats &#8212;<\/strong><\/span><\/p>\n<p>Sur 54 jumelages sur l&rsquo;\u00eele :<\/p>\n<p>&#8211; l&rsquo;\u00e9quipe \u00a0<strong><em>304 + 2nde Pro Accueil<\/em><\/strong>\u00a0 se classe <strong>29\u00e8me<\/strong> avec <em>52 points<\/em><\/p>\n<p>&#8211; l&rsquo;\u00e9quipe \u00a0<em><strong>307 + 2nde 5<\/strong><\/em>\u00a0 se classe <strong>37\u00e8me<\/strong> avec <em>46 points<\/em><\/p>\n<p>&#8211; l&rsquo;\u00e9quipe \u00a0<em><strong>305 + 2nde 1<\/strong><\/em>\u00a0 se classe <strong>48\u00e8me<\/strong> avec <em>37 points<\/em><\/p>\n","protected":false},"excerpt":{"rendered":"<p>&#8211; Le Mercredi 28 Mai 2014 s\u2019est d\u00e9roul\u00e9e l\u2019\u00e9preuve finale du \u00ab\u00a0Rallye Math\u00e9matique\u00a0\u00bb. Comme lors de l\u2019\u00e9preuve d\u2019entrainement qui a eu lieu au mois d\u2019Avril, trois classes de Troisi\u00e8me du Coll\u00e8ge Hubert Delisle ont concouru, jumel\u00e9es avec des classes de Seconde. &#8211; La classe 304 Pr\u00e9pa-Pro de M. Lebihan a \u00e9t\u00e9 accueillie par la 2nde [&hellip;]<\/p>\n","protected":false},"author":116,"featured_media":868,"comment_status":"closed","ping_status":"open","sticky":false,"template":"","format":"standard","meta":{"footnotes":""},"categories":[186],"tags":[49,18,32,48,47,9,19],"class_list":["post-822","post","type-post","status-publish","format-standard","has-post-thumbnail","hentry","category-rallye-974-maths","tag-college","tag-concours","tag-epreuve","tag-liaison","tag-lycee","tag-mathematiques","tag-rallye"],"_links":{"self":[{"href":"https:\/\/etab.ac-reunion.fr\/clg-hubert-delisle\/wp-json\/wp\/v2\/posts\/822","targetHints":{"allow":["GET"]}}],"collection":[{"href":"https:\/\/etab.ac-reunion.fr\/clg-hubert-delisle\/wp-json\/wp\/v2\/posts"}],"about":[{"href":"https:\/\/etab.ac-reunion.fr\/clg-hubert-delisle\/wp-json\/wp\/v2\/types\/post"}],"author":[{"embeddable":true,"href":"https:\/\/etab.ac-reunion.fr\/clg-hubert-delisle\/wp-json\/wp\/v2\/users\/116"}],"replies":[{"embeddable":true,"href":"https:\/\/etab.ac-reunion.fr\/clg-hubert-delisle\/wp-json\/wp\/v2\/comments?post=822"}],"version-history":[{"count":30,"href":"https:\/\/etab.ac-reunion.fr\/clg-hubert-delisle\/wp-json\/wp\/v2\/posts\/822\/revisions"}],"predecessor-version":[{"id":985,"href":"https:\/\/etab.ac-reunion.fr\/clg-hubert-delisle\/wp-json\/wp\/v2\/posts\/822\/revisions\/985"}],"wp:featuredmedia":[{"embeddable":true,"href":"https:\/\/etab.ac-reunion.fr\/clg-hubert-delisle\/wp-json\/wp\/v2\/media\/868"}],"wp:attachment":[{"href":"https:\/\/etab.ac-reunion.fr\/clg-hubert-delisle\/wp-json\/wp\/v2\/media?parent=822"}],"wp:term":[{"taxonomy":"category","embeddable":true,"href":"https:\/\/etab.ac-reunion.fr\/clg-hubert-delisle\/wp-json\/wp\/v2\/categories?post=822"},{"taxonomy":"post_tag","embeddable":true,"href":"https:\/\/etab.ac-reunion.fr\/clg-hubert-delisle\/wp-json\/wp\/v2\/tags?post=822"}],"curies":[{"name":"wp","href":"https:\/\/api.w.org\/{rel}","templated":true}]}}